{"id":21304,"date":"2022-04-02T00:00:00","date_gmt":"2022-04-02T06:00:00","guid":{"rendered":"https:\/\/dralvarez.com.mx\/larevista\/blog\/sera-porque-era-abril"},"modified":"2024-02-23T12:28:53","modified_gmt":"2024-02-23T18:28:53","slug":"sera-porque-era-abril","status":"publish","type":"post","link":"https:\/\/dralvarez.com.mx\/larevista\/opiniones\/sera-porque-era-abril","title":{"rendered":"&#8230;ser\u00e1 porque era abril&#8230;"},"content":{"rendered":"<p><b>Por: Cristina Pad\u00edn.<\/b><\/p>\n<p>No jugaban con ella. Cada tarde la ve\u00edan en la ventana, mirando a trav\u00e9s del cristal. Y siempre con su sonrisa. Era la ni\u00f1a nueva, hab\u00eda llegado hac\u00eda unas semanas.. dec\u00edan que era distinta. Que mejor no estar con ella y blablabla. Era una ni\u00f1a de nueve a\u00f1os, sin pelo. Ten\u00eda c\u00e1ncer. Ninguno quer\u00eda jugar con ella y ella imaginaba tesoros y miles de aventuras en aquel jard\u00edn..<\/p>\n<p>Un d\u00eda vino Ella. La Reina de la Primavera. Y quiso conocer a aquella peque\u00f1a. Fue muy amable con ella. Y le regal\u00f3 un libro..<\/p>\n<p>La tarde siguiente todos quisieron jugar con ella. Pero la ni\u00f1a no quiso: estaba leyendo. Y al otro d\u00eda se march\u00f3. Vivir\u00edan en otro lugar.. Llegaron a media ma\u00f1ana. Y muy pronto un ni\u00f1o vino a buscar a la peque\u00f1a para jugar. Le ense\u00f1\u00f3 la casa del \u00e1rbol. Y m\u00e1s tarde lleg\u00f3 otra ni\u00f1a, tra\u00eda mu\u00f1ecas y vestidos. Poco despu\u00e9s apareci\u00f3 el ni\u00f1o que quer\u00eda ser torero. Y luego la ni\u00f1a que quer\u00eda ser futbolista. Todos quer\u00edan jugar con ella..<\/p>\n<p>Y jugaron a diario. Pintaron, cantaron, se rieron, escucharon m\u00fasica. La ni\u00f1a estaba muy bien, le estaba ganando al c\u00e1ncer. Y, es un secreto, le gustaba al ni\u00f1o de la camiseta azul.. Todo eran sonrisas.. ser\u00e1 porque era abril..<\/p>\n<p>Un cuento de tolerancia, de no al insulto, de compartir, de no a la hipocres\u00eda..<br \/>Dedicado a abril: mi mes favorito<br \/>A cada peque\u00f1o en lucha contra alguna enfermedad<br \/>A cada ni\u00f1o que quiere ser torero<br \/>Al toreo<br \/>A mi querido Luis<br \/>A mi amiga Mar\u00eda<br \/>A las personas valientes<br \/>A los libros y a los lectores<\/p>\n","protected":false},"excerpt":{"rendered":"<p>Por: Cristina Pad\u00edn.<\/p>\n","protected":false},"author":1025,"featured_media":36172,"comment_status":"open","ping_status":"open","sticky":false,"template":"","format":"standard","meta":{"tdm_status":"","tdm_grid_status":"","footnotes":""},"categories":[25],"tags":[],"_links":{"self":[{"href":"https:\/\/dralvarez.com.mx\/larevista\/wp-json\/wp\/v2\/posts\/21304"}],"collection":[{"href":"https:\/\/dralvarez.com.mx\/larevista\/wp-json\/wp\/v2\/posts"}],"about":[{"href":"https:\/\/dralvarez.com.mx\/larevista\/wp-json\/wp\/v2\/types\/post"}],"author":[{"embeddable":true,"href":"https:\/\/dralvarez.com.mx\/larevista\/wp-json\/wp\/v2\/users\/1025"}],"replies":[{"embeddable":true,"href":"https:\/\/dralvarez.com.mx\/larevista\/wp-json\/wp\/v2\/comments?post=21304"}],"version-history":[{"count":1,"href":"https:\/\/dralvarez.com.mx\/larevista\/wp-json\/wp\/v2\/posts\/21304\/revisions"}],"predecessor-version":[{"id":36171,"href":"https:\/\/dralvarez.com.mx\/larevista\/wp-json\/wp\/v2\/posts\/21304\/revisions\/36171"}],"wp:featuredmedia":[{"embeddable":true,"href":"https:\/\/dralvarez.com.mx\/larevista\/wp-json\/wp\/v2\/media\/36172"}],"wp:attachment":[{"href":"https:\/\/dralvarez.com.mx\/larevista\/wp-json\/wp\/v2\/media?parent=21304"}],"wp:term":[{"taxonomy":"category","embeddable":true,"href":"https:\/\/dralvarez.com.mx\/larevista\/wp-json\/wp\/v2\/categories?post=21304"},{"taxonomy":"post_tag","embeddable":true,"href":"https:\/\/dralvarez.com.mx\/larevista\/wp-json\/wp\/v2\/tags?post=21304"}],"curies":[{"name":"wp","href":"https:\/\/api.w.org\/{rel}","templated":true}]}}