{"id":21290,"date":"2022-04-01T00:00:00","date_gmt":"2022-04-01T06:00:00","guid":{"rendered":"https:\/\/dralvarez.com.mx\/larevista\/blog\/donde-esta"},"modified":"2024-02-23T12:28:08","modified_gmt":"2024-02-23T18:28:08","slug":"donde-esta","status":"publish","type":"post","link":"https:\/\/dralvarez.com.mx\/larevista\/opiniones\/donde-esta","title":{"rendered":"\u00bfD\u00f3nde est\u00e1?"},"content":{"rendered":"<p><b><i>Se comenta solo&#8230;<\/i>, por: Carlos Ramos Padilla.*<\/b><\/p>\n<\/p>\n<p>En M\u00e9xico por orden constitucional se debe respetar y proteger a la libre manifestaci\u00f3n de las ideas y a la expresi\u00f3n.<\/p>\n<p>La democracia permite pluralidad, reflexiones diversas, controversia, variedad de argumentos, propuestas y contrapropuestas.<\/p>\n<p>Todo bajo un r\u00e9gimen de respeto y el cumplimiento de lo necesario para evitar violencia y poner en riesgo la seguridad nacional.<\/p>\n<p>Resulta que un grupo importante de personajes p\u00fablicos decidieron expresar su inconformidad con lo que sucede en la depredaci\u00f3n de la ecolog\u00eda a raz\u00f3n de la construcci\u00f3n del Tren Maya.<\/p>\n<p>No son los primeros ni los \u00fanicos. Recordamos al grupo de cient\u00edficos de alto vuelo que han sido perseguidos por el Estado ya que manifestaron las evidentes irregularidades en el proyecto del tren tur\u00edstico.<\/p>\n<p>Los nombres de los famosos hoy comprometidos son ejemplo de casos de talla mundial. Presentan adem\u00e1s de su talento una exquisita colecci\u00f3n de reconocimientos por sus m\u00e9ritos y resultados profesionales.<\/p>\n<p>Son admirados por todos menos por nuestro gobierno y sus r\u00e9moras legislativas.<\/p>\n<p>Los protagonistas que pretenden se salve a la selva y su ecosistema entre otros son: Natalia Lafourcade, Eugenio Derbez, Kate del Castillo, B\u00e1rbara Mori, Roberto Rojo, Patricia Garza, Rodrigo Medell\u00edn, Rebecca Jones, Ra\u00fal M\u00e9ndez, Omar Chaparro, Ari Brickman, Grettel Valdez, Roberto Manrique, Roberto Aguirre, Fernando Guadarrama, Diana Garc\u00eda, Ofelia Medina, Michelle Renaud, Paola N\u00fa\u00f1ez, Nico Gal\u00e1n, Natalia C\u00f3rdova, Fernando Rovzar, Stephanie Sigman, Ludyvina Velarde, Sergio Mayer, Fabiola Campomanes, Camila Jaber, Sa\u00fal Hern\u00e1ndez, Luis Ernesto Franco, Camila Sesler, Arap Bethke, Antonio Gaona, Roc\u00edo Verdejo, Ivana de Mar\u00eda, Siouzana Meliki\u00e1n,Andr\u00e9s Almeida, Ana Claudia Talanc\u00f3n, Azela Robinson, Miguel Rodarte, Marianna Burelli, Jero Medina y Dayamanti Quintanar. &nbsp;<\/p>\n<p>Llama la atenci\u00f3n dos personajes en concreto: Eugenio Derbez que fue duramente criticado por el presidente y en un mensaje sarc\u00e1stico su hijo Juan Ram\u00f3n se mof\u00f3 asegurando se hab\u00edan quedado en los noventas ( en d\u00edas Derbez apareci\u00f3 entre los galardonados en la entrega de los Oscares y no fue ni reconocido ni felicitado por la familia presidencial).<\/p>\n<p>Tambi\u00e9n est\u00e1 en la lista Ofelia Medina, una mujer activista, brutalmente defensora del subcomandante Marcos, los encapuchados y los ind\u00edgenas por aquel 1994.<\/p>\n<p>Particip\u00f3 en marchas, un plant\u00f3n en Reforma y se mostraba de izquierda radical y anti gobierno. Pasan los a\u00f1os y ah\u00ed est\u00e1, exigiendo a un gobierno de izquierda que no permita la destrucci\u00f3n de flora y fauna, casualmente muy cerca de la zona Zapatista. Y lo incre\u00edble, Morena pretende demandar electoral y penalmente contra ellos por expresarse, por pensar, por elegir un camino contrario al pretendido por el presidente, por tratar de defender nuestro patrimonio, por ser triunfadores, valientes y generosos.<\/p>\n<p>As\u00ed la calidad tan reducida de este partido pol\u00edtico.<\/p>\n<p>\u00bfPrimero los cient\u00edficos, luego los artistas, que har\u00e1n con la sociedad que defienda al INE y a la UNAM? Y que conste que es pregunta.<\/p>\n<p>Pero eso si andan buscando la participaci\u00f3n masiva en su trampa de revocaci\u00f3n.<\/p>\n<p>Estiran la mano, saludan y luego golpean.<\/p>\n<p><b>Conductor del programa Va En Serio mexiquensetv canal 34.2 izzi 135<\/b><\/p>\n<p><\/p>\n","protected":false},"excerpt":{"rendered":"<p>Se comenta solo&#8230;, por: Carlos Ramos Padilla.*<\/p>\n","protected":false},"author":1168,"featured_media":36158,"comment_status":"open","ping_status":"open","sticky":false,"template":"","format":"standard","meta":{"tdm_status":"","tdm_grid_status":"","footnotes":""},"categories":[25],"tags":[],"_links":{"self":[{"href":"https:\/\/dralvarez.com.mx\/larevista\/wp-json\/wp\/v2\/posts\/21290"}],"collection":[{"href":"https:\/\/dralvarez.com.mx\/larevista\/wp-json\/wp\/v2\/posts"}],"about":[{"href":"https:\/\/dralvarez.com.mx\/larevista\/wp-json\/wp\/v2\/types\/post"}],"author":[{"embeddable":true,"href":"https:\/\/dralvarez.com.mx\/larevista\/wp-json\/wp\/v2\/users\/1168"}],"replies":[{"embeddable":true,"href":"https:\/\/dralvarez.com.mx\/larevista\/wp-json\/wp\/v2\/comments?post=21290"}],"version-history":[{"count":1,"href":"https:\/\/dralvarez.com.mx\/larevista\/wp-json\/wp\/v2\/posts\/21290\/revisions"}],"predecessor-version":[{"id":36157,"href":"https:\/\/dralvarez.com.mx\/larevista\/wp-json\/wp\/v2\/posts\/21290\/revisions\/36157"}],"wp:featuredmedia":[{"embeddable":true,"href":"https:\/\/dralvarez.com.mx\/larevista\/wp-json\/wp\/v2\/media\/36158"}],"wp:attachment":[{"href":"https:\/\/dralvarez.com.mx\/larevista\/wp-json\/wp\/v2\/media?parent=21290"}],"wp:term":[{"taxonomy":"category","embeddable":true,"href":"https:\/\/dralvarez.com.mx\/larevista\/wp-json\/wp\/v2\/categories?post=21290"},{"taxonomy":"post_tag","embeddable":true,"href":"https:\/\/dralvarez.com.mx\/larevista\/wp-json\/wp\/v2\/tags?post=21290"}],"curies":[{"name":"wp","href":"https:\/\/api.w.org\/{rel}","templated":true}]}}