{"id":21260,"date":"2022-03-29T00:00:00","date_gmt":"2022-03-29T06:00:00","guid":{"rendered":"https:\/\/dralvarez.com.mx\/larevista\/blog\/corrigiendo-en-la-corregidora-2"},"modified":"2024-02-23T12:13:12","modified_gmt":"2024-02-23T18:13:12","slug":"corrigiendo-en-la-corregidora-2","status":"publish","type":"post","link":"https:\/\/dralvarez.com.mx\/larevista\/opiniones\/corrigiendo-en-la-corregidora-2","title":{"rendered":"Corrigiendo en La Corregidora"},"content":{"rendered":"<\/p>\n<p><b>Por: Dr. Jorge Valladares S\u00e1nchez* \/ Dr. Luis Quintal Chac\u00f3n.*<\/b><\/p>\n<p><b><\/b><\/p>\n<blockquote><p><b>Corrigiendo en La Corregidora<\/b><br \/><i>\u00bfComprender o Sumarse a la Ola?<\/i><\/p><\/blockquote>\n<p><i><\/i><\/p>\n<div><\/div>\n<\/p>\n<p>Despert\u00e9 temprano en domingo, m\u00e1s de lo habitual, pues ten\u00eda una cita con un hermoso grupo de nuevos amigos\/as crimin\u00f3logos de la Universidad INFA en Chiapas, con quienes platicar\u00edamos acerca de c\u00f3mo comprender a las\/os adolescentes y procurar su desarrollo integral aun si han infringido la ley\u2026 Justo acababa de proponerles la noche anterior reflexionar acerca del sentido que puede tener que el llamado \u201cSistema Integral de Justicia para Adolescentes\u201d tenga como principio rector \u201cEl Bien Superior del Adolescente\u201d y como finalidad su pleno desarrollo, cuando en algunos casos podr\u00eda tratarse de un chico\/a que ha violado, lesionado o asesinado a una persona querida.<\/p>\n<p>Ten\u00eda que ponerme alerta r\u00e1pidamente para estar al 100 al abrir la conexi\u00f3n con el grupo y una ola de videos en mi celular hicieron m\u00e1s inmediato e intenso el despertar total. No pod\u00eda creer lo que ve\u00eda, pens\u00e9 que era una de esas asquerosas bromas de mal gusto que hoy son normales o la denuncia de alg\u00fan hecho de guerra o conflicto social. Qued\u00e9 consternado y tuve que sobreponerme para poder iniciar. Ya en la reuni\u00f3n, fue tema impostergable, particularmente por estar ellos\/as form\u00e1ndose en la Criminolog\u00eda, pero especialmente por la crudeza de lo que mostraban las im\u00e1genes que siguieron llegando a lo largo de ese primer fin de semana de marzo.<\/p>\n<div><\/div>\n<p>He tenido oportunidad reciente de compartir que el f\u00fatbol para m\u00ed no representa la pasi\u00f3n que para muchos mexicanos\/as, por lo cual me resulta m\u00e1s dif\u00edcil entender el contexto en el que ocurri\u00f3 todo esto. Tengo, por otra parte, la fortuna de considerarme amigo de decenas de los crimin\u00f3logos\/as m\u00e1s significativos de nuestro M\u00e9xico y haber compartido con ellos\/as algunos a\u00f1os de andanzas. No s\u00e9 hasta d\u00f3nde es v\u00e1lido usar ese marco para entender lo ocurrido, pero sobre todo para poder aportar en sentido preventivo ante algo que nadie, asumo, quisiera que vuelva a ocurrir en ninguna latitud.<\/p>\n<p>Tuve que parar un momento la c\u00e1mara cuando intent\u00e9 analizarlo con el grupo, mi garganta, como pocas veces, se hizo un nudo insuperable. Ver a esa familia atravesando la cancha para huir de la violencia, tomando la previsi\u00f3n de quitarle al ni\u00f1o la playera de su equipo favorito, ante la posibilidad de ser agredido s\u00f3lo por portarla. Ver a esa dama intentado rescatar de debajo de una banca a un herido y su impotencia cuando los agresores la detectaron y le arrebataron el cuerpo inerte para seguirlo golpeando\u2026<\/p>\n<p>En medio del caos, y para intentar lo que quienes abrazamos la ciencia usualmente pretendemos, tuve en las palabras de mi querido amigo, Luis Quintal Chac\u00f3n, elementos adicionales para analizar los hechos y poder enfocar a esa ruta una situaci\u00f3n tan lamentable. Ampliamos en estas l\u00edneas lo que \u00e9l dijo en su participaci\u00f3n en SIPSE TV, donde semana a semana aporta una mirada especializada a diversas ramas del deporte, actividad que le ha llevado ser identificado por los comentaristas como el Zar de la Psicolog\u00eda.<\/p>\n<div><\/div>\n<p>Se trata de un tema muy delicado, que los profesionales debemos tomar con seriedad y no enfocarlo a descalificaciones producto de las emociones de indignaci\u00f3n. Existen estudios cient\u00edficos que se han realizado en varias universidades; como el de la Universidad de Medell\u00edn, Colombia, que sigui\u00f3 a 570 integrantes de barras violentas.<\/p>\n<p>Existen factores comunes en los enfrentamientos sangrientos entre barras:<\/p>\n<p>1. &nbsp; &nbsp; Falla del protocolo de las autoridades locales, en este caso agravado por la cantidad insuficiente de elementos de seguridad, lo cual fue inmediatamente reconocido por el Director de la Liga MX, el Gobernador de Quer\u00e9taro y el due\u00f1o del Equipo local.<\/p>\n<p>2. &nbsp; &nbsp; Adoctrinamiento de odio y polarizaci\u00f3n en las barras; burlas, pintas amenazantes, etc. Hab\u00eda un caldo de cultivo listo para detonar y las autoridades no lo tomaron o se dieron cuenta. Existen antecedentes de la rivalidad entre Atlas y Gallos Blancos. En 2007 se enfrentaron el 29 de abril, el conjunto de Quer\u00e9taro buscaba mantenerse en la primera divisi\u00f3n, pero no lo logr\u00f3. En 2010 se enfrentaron en La Corregidora; los aficionados de Atlas \u201cinvadieron\u201d el estadio, en una actitud de desaf\u00edo y revancha personal; tambi\u00e9n hubo golpes, heridos, detenidos y desmanes, dentro y fuera del estadio; las autoridades decidieron que las barras no podr\u00edan ir en condici\u00f3n de visitante al Jalisco y a La Corregidora, pero tal decisi\u00f3n fue revertida en 2013.<\/p>\n<p>3. &nbsp; &nbsp; En los enfrentamientos existen grupos y subgrupos, nunca son dos ej\u00e9rcitos de terroristas que escogen como campo de batalla el estadio, sino una combinaci\u00f3n. Algunos est\u00e1n alcoholizados, otros drogados, otros llenos de odio al rival, otros con psicopatolog\u00edas preexistentes, como una historia familiar de violencia normalizada, la cual los hace no s\u00f3lo ser indiferentes al dolor y la violencia sino que hasta les produce hipertrofia de la am\u00edgdala (sistema l\u00edmbico), lo cual anula la inteligencia superior de la corteza prefrontal; algunos tienen trastorno de personalidad antisocial.<\/p>\n<p>4. &nbsp; &nbsp; Y aplican los denominados fen\u00f3menos de masas; gente normalmente incapaz de actuar as\u00ed, bajo el estr\u00e9s y ante el estado de huir o pelear, defienden a su familia hasta las \u00faltimas consecuencias. La gente cae en la sugesti\u00f3n colectiva, la desinhibici\u00f3n, el anonimato que anula la responsabilidad, la sumisi\u00f3n del control personal a la canalizaci\u00f3n de la violencia hacia un enemigo; se ha comprobado que el estar en una masa disminuye la actividad intelectual y aumenta la emotividad y sentido de poder de acci\u00f3n por lo que se realizan actos producto de las ideas (sugestiones) de la masa, aun sean irracionales o violentas.<\/p>\n<div><\/div>\n<p>En M\u00e9xico se aplica el concepto de barra brava a finales de los 90 con el surgimiento de la &#8220;Barra Ultra Tuza&#8221; en 1996 del equipo Pachuca. El director deportivo del club, el argentino Andres Fassi, decidi\u00f3 crearla tras el \u00e9xito que ten\u00eda la del conjunto costarricence Saprissa. Como dato curioso, el \u00fanico club en la \u00e9poca que no adopto una Barra Brava fueron los Tecos de la Universidad Aut\u00f3noma de Guadalajara, que decidieron apoyar a una porra hecha con los estudiantes de la propia universidad, basada en los reglamentos internos de la propia instituci\u00f3n.<\/p>\n<p>Entre otras, se han considerado barras peligrosas en el mundo La 12 (Boca Juniors) y Los Borrachos del Tabl\u00f3n (River Plate) en Argentina; Fans del PAOK en Grecia; UltrAsian (Galatasaray) de Turqu\u00eda; Ultra Bad Boys (Estrella Roja) en Serbia; Irriducibili (Lazio) y Curva Nord (Catania) en Italia; Mancha Alvi-Verde (Palmeiras) de Brasil; Ultras Sur (Real Madrid) en Espa\u00f1a y Garra Blanca (Colo-Colo) de Chile.<\/p>\n<p>Un caso de \u00e9xito a considerar es de la llamada \u201cPerra Brava\u201d del Toluca, que fuera una de las porras m\u00e1s violentas del f\u00fatbol mexicano, y hoy en d\u00eda hacen campa\u00f1as de beneficio social, con acciones de apoyo a grupos y promoci\u00f3n de valores\u2026 es una porra que se ha reinventado; esto a partir de una estrategia multidisciplinaria que toma en consideraci\u00f3n los elementos antes mencionados.<\/p>\n<p>Luis hace \u00e9nfasis en la opacidad que genera usar diversos calificativos para referirse a quienes participaron de la violencia, destacando que no se trata de delincuentes organizados, un grupo reclutado por l\u00edderes con el objetivo de causar destrozos y da\u00f1ar gente, sino aficionados comunes que son envueltos en fen\u00f3menos ps\u00edquicos y comportamentales como la identificaci\u00f3n, la sugesti\u00f3n, el contagio de emociones y la imitaci\u00f3n.<\/p>\n<p>Un individuo t\u00edpico o coloquialmente llamado \u201cnormal\u201d puede comportarse radicalmente distinto cuando es parte de una masa psicosocial, ya que aparezcan ideas y sentimientos distintos que en su contexto habitual no tendr\u00eda; se produce una regresi\u00f3n psicol\u00f3gica y comportamental a etapas primarias donde desaparece su individualidad y act\u00faan como un todo, una masa an\u00f3nima, siendo arrastrados por un sentimiento de poder y omnipotencia, donde se exacerban sus impulsos agresivos y desaparece la responsabilidad y el auto control.<\/p>\n<div><\/div>\n<p>Vemos un fen\u00f3meno similar cuando est\u00e1s en un banco y ves que est\u00e1n contando mucho dinero, se te puede antojar tomarlo, pero la estructura y pensar en las consecuencias te detiene; en cambio cuando hay un cami\u00f3n volteado, con art\u00edculos que incluso puedes no necesitar, pero ves el caos y la rapi\u00f1a de la gente, aumenta la probabilidad de que agarres algo, como igual observamos que sucede cuando un cicl\u00f3n o terremoto rompe los cristales de una tienda y la gente lo saquea.<\/p>\n<p>El fen\u00f3meno psicol\u00f3gico del \u201ccontagio\u201d, o sea, hacer lo que hace la masa es un fen\u00f3meno hipn\u00f3tico, donde un individuo sacrifica su inter\u00e9s personal por el inter\u00e9s colectivo, actuando por sugestiones del grupo; adem\u00e1s es una especie de \u201cdoping\u201d por los qu\u00edmicos cerebrales que se generan por las neuronas espejo que lo predisponen qu\u00edmicamente a vivir las emociones colectivas, facilitando cometer actos contrarios a su car\u00e1cter y costumbres habituales, ya que la personalidad consciente y la voluntad son sobrepasados.<\/p>\n<p>Podemos considerar insuficientes o inadecuadas las soluciones implementadas tanto desde el \u00e1mbito del f\u00fatbol como en el de gobierno. En principio es indispensable una efectiva y completa aplicaci\u00f3n de la ley, m\u00e1s all\u00e1 de cualquier an\u00e1lisis, eso es lo esencial y primario; esto adem\u00e1s de acciones como reorganizar a las barras locales, aplicar tratamientos de psicoterapia cognitivo conductual, psicoeducaci\u00f3n \u00e9tica y moral, y por supuesto la revisi\u00f3n y eficaz aplicaci\u00f3n de protocolos de seguridad.<\/p>\n<p>Un apunte adicional es sobre lo que se llama relativizar, o sea matizar, darse cuenta que es s\u00f3lo un partido de futbol, s\u00f3lo el equipo de mi elecci\u00f3n, no es una guerra, no va mi vida de por medio y en cualquier momento, as\u00ed como los due\u00f1os venden o cambian jugadores, yo puedo cambiar a otro equipo y eso es incluso saludable psicol\u00f3gicamente, pues en la vida real lo \u00fanico cierto es el cambio.<\/p>\n<p>Hasta aqu\u00ed su an\u00e1lisis y propuesta, que me pareci\u00f3 oportuno compartir y me hizo repensar algo dicho en publicaci\u00f3n anterior en este amable espacio de conversaci\u00f3n que nos brinda La Revista. Hablando sobre la polarizaci\u00f3n social que hoy vivimos destacaba necesario ir contra la idea de que de pol\u00edtica y religi\u00f3n no conviene hablar, cuando son en realidad temas tan relevantes que deber\u00edamos atender con la familia, amigos y comunidad, para contener los extremos en postura y reacci\u00f3n. Descart\u00e9 en ello al f\u00fatbol, pero aqu\u00ed vemos que tambi\u00e9n sobre ello debemos abrir los espacios para formar a nuestros hijos\/as en habilidades de compartir y conversar aquello sobre lo que se apasionan, a veces en grado tal que pueden actuar bajo las influencias circunstanciales que bien Luis detecta.<\/p>\n<p>Existen, entonces, diversas \u00f3pticas desde las cuales enfocar un episodio tan lamentable como el vivido en ese estadio de Quer\u00e9taro; la social, la econ\u00f3mica, la de los versados en f\u00fatbol, la cient\u00edfica. Y en esta \u00faltima, refrendo lo que en esa conversaci\u00f3n con crimin\u00f3logos\/as en formaci\u00f3n eleg\u00ed puntualizar: tenemos que ser capaces de dar respuesta a las situaciones de nuestro saber, sobre las cuales adquirimos una responsabilidad al ser nuestra vocaci\u00f3n.<\/p>\n<p>Tal como en la reflexi\u00f3n que aquel fin de semana le ped\u00eda al grupo, tenemos que pensar en combinar con eficacia dos elementos en cualquier an\u00e1lisis, especialmente cuando ocurren comportamientos que da\u00f1an gravemente a nuestra sociedad y llegan a poner en duda nuestra calidad humana: acci\u00f3n correctiva + prevenci\u00f3n con sentido humano.<\/p>\n<p>En el estadio vimos acciones abominables, queda claro que ameritan una reacci\u00f3n social contundente y clara, que nuestras autoridades con frecuencia nos quedan a deber; pero tambi\u00e9n vimos una reacci\u00f3n que debemos cuestionarnos si sabr\u00edamos controlar ya estando all\u00ed, si fu\u00e9ramos ese padre que al intentar poner a salvo a su hijo le fuera atrapado por la turba enfurecida\u2026 \u00bfPodr\u00edamos evitar sumarnos a la ola de violencia, siendo protagonistas de otro video, golpeando a quien se atreviera a ponerle la mano encima?<\/p>\n<p>En situaciones vemos a adolescentes cometer conductas de las que no hay margen para dudar que son premeditadas y perversas, en especial si la v\u00edctima es alguien a quien amamos, y ello dificulta entender que en un sistema de justicia se les den concesiones o protecci\u00f3n como si fuera justificable lo que hicieron. \u00bfY si fuera nuestro hijo\/a ese adolescente? \u00bfO estamos seguros de que \u00e9l\/ella jam\u00e1s har\u00eda algo as\u00ed? Es lo que escuch\u00e9 decir a m\u00e1s de la mitad de los padres de adolescentes a quienes internaron en el CEAMA cuando tuve el honor de dirigir esa instituci\u00f3n.<\/p>\n<p>Tenemos que aplicar la ley y las consecuencias que eviten la repetici\u00f3n de conductas que no queremos o da\u00f1an tan gravemente; pero no llegaremos a ser suficiente y permanente efectivos mientras no comprendamos en su amplitud el origen diverso de los comportamientos que tenemos que erradicar y actuemos con una visi\u00f3n de salud social, comprensi\u00f3n cient\u00edfica y a partir de valores tan humanos como la empat\u00eda y la solidaridad; conjunto que da base a soluciones que funcionen tanto si el agresor es el otro como si es uno mismo.<\/p>\n<p>Conf\u00edo contamos ya con 15 promotores m\u00e1s de esta forma de proceder como especialistas en mis queridos y queridas Rosemberg, Valeria, Montserrat, Cristian, Laura, Cecilia, Abelardo, Ana Sugei, Marcos, Yamilet, Carolina, Lizbeth, Ana Karen, Milenia y Yair.<\/p>\n<p><small>&#8212;&#8212;&#8212;&#8212;&#8212;&#8212;&#8212;&#8212;&#8212;&#8212;&#8212;&#8212;&#8212;&#8212;-<\/small><br \/><b><small>*Jorge Valladares S\u00e1nchez  &nbsp; &nbsp; &nbsp; &nbsp; &nbsp; &nbsp; &nbsp; &nbsp; &nbsp; &nbsp; &nbsp; &nbsp; &nbsp; &nbsp; &nbsp;*Luis Quintal Chac\u00f3n<\/small><\/b><br \/><small>Pap\u00e1, Ciudadano, Consultor  &nbsp; &nbsp; &nbsp; &nbsp; &nbsp; &nbsp; &nbsp; &nbsp; &nbsp; &nbsp; &nbsp; &nbsp; &nbsp; &nbsp; &nbsp; Doctor en Derechos Humanos<\/small><br \/><small>Doctor en Ciencias Sociales  &nbsp; &nbsp; &nbsp; &nbsp; &nbsp; &nbsp; &nbsp; &nbsp; &nbsp; &nbsp; &nbsp; &nbsp; &nbsp; &nbsp; &nbsp; Maestro en Psicolog\u00eda Cl\u00ednica<\/small><br \/><small>En Facebook y en Youtube: &nbsp; &nbsp; &nbsp; &nbsp; &nbsp; &nbsp; &nbsp; &nbsp; &nbsp; &nbsp; &nbsp; &nbsp; &nbsp; &nbsp; &nbsp; &nbsp; En Facebook y en Youtube:<\/small><br \/><small>Dr. Jorge Valladares &nbsp; &nbsp; &nbsp; &nbsp; &nbsp; &nbsp; &nbsp; &nbsp; &nbsp; &nbsp; &nbsp; &nbsp; &nbsp; &nbsp; &nbsp; &nbsp; &nbsp; &nbsp; &nbsp; &nbsp; &nbsp; &nbsp; El Zar de la Psicolog\u00eda<\/small><\/p><\/p>\n","protected":false},"excerpt":{"rendered":"<p>\u00bfComprender o Sumarse a la Ola?<\/p>\n","protected":false},"author":1112,"featured_media":0,"comment_status":"open","ping_status":"open","sticky":false,"template":"","format":"standard","meta":{"tdm_status":"","tdm_grid_status":"","footnotes":""},"categories":[25],"tags":[],"_links":{"self":[{"href":"https:\/\/dralvarez.com.mx\/larevista\/wp-json\/wp\/v2\/posts\/21260"}],"collection":[{"href":"https:\/\/dralvarez.com.mx\/larevista\/wp-json\/wp\/v2\/posts"}],"about":[{"href":"https:\/\/dralvarez.com.mx\/larevista\/wp-json\/wp\/v2\/types\/post"}],"author":[{"embeddable":true,"href":"https:\/\/dralvarez.com.mx\/larevista\/wp-json\/wp\/v2\/users\/1112"}],"replies":[{"embeddable":true,"href":"https:\/\/dralvarez.com.mx\/larevista\/wp-json\/wp\/v2\/comments?post=21260"}],"version-history":[{"count":1,"href":"https:\/\/dralvarez.com.mx\/larevista\/wp-json\/wp\/v2\/posts\/21260\/revisions"}],"predecessor-version":[{"id":36129,"href":"https:\/\/dralvarez.com.mx\/larevista\/wp-json\/wp\/v2\/posts\/21260\/revisions\/36129"}],"wp:attachment":[{"href":"https:\/\/dralvarez.com.mx\/larevista\/wp-json\/wp\/v2\/media?parent=21260"}],"wp:term":[{"taxonomy":"category","embeddable":true,"href":"https:\/\/dralvarez.com.mx\/larevista\/wp-json\/wp\/v2\/categories?post=21260"},{"taxonomy":"post_tag","embeddable":true,"href":"https:\/\/dralvarez.com.mx\/larevista\/wp-json\/wp\/v2\/tags?post=21260"}],"curies":[{"name":"wp","href":"https:\/\/api.w.org\/{rel}","templated":true}]}}