{"id":21256,"date":"2022-03-29T00:00:00","date_gmt":"2022-03-29T06:00:00","guid":{"rendered":"https:\/\/dralvarez.com.mx\/larevista\/blog\/trata-de-personas"},"modified":"2024-02-23T12:13:06","modified_gmt":"2024-02-23T18:13:06","slug":"trata-de-personas","status":"publish","type":"post","link":"https:\/\/dralvarez.com.mx\/larevista\/opiniones\/trata-de-personas","title":{"rendered":"Trata de personas"},"content":{"rendered":"<p><b><i>Se comenta solo&#8230;<\/i>, por: Carlos Ramos Padilla.*<\/b><\/p>\n<\/p>\n<p>No hay duda que el n\u00famero de v\u00edctimas de trata de personas en M\u00e9xico registra importante incremento. Los traficantes enfocan sus nocivas prioridades en grupos vulnerables afectados directamente por la pandemia de COVID-19.<\/p>\n<p>Seg\u00fan datos del Secretariado Ejecutivo del Sistema Nacional de Seguridad Publica se identificaron al menos a 550 v\u00edctimas de trata de personas en 2020, un aumento del 43 por ciento con respecto a las 383 v\u00edctimas registradas en 2016.<\/p>\n<p>Los problemas m\u00e1s apremiantes de toda de personas se localizan en Am\u00e9rica Latina y el Caribe, con la agravante de la explotaci\u00f3n sexual de mujeres y a ni\u00f1os. Los flujos migratorios no son eventos improvisados y espont\u00e1neos.<\/p>\n<p>Es el n\u00facleo b\u00e1sico para que los delincuentes operen y abusen de las necesidades b\u00e1sicas de quienes han decidido abandonar su lugar de origen. los varones y adolescentes son obligados a trabajos forzados en la miner\u00eda y construcci\u00f3n o dentro de las filas del crimen organizado, y las mujeres trabajan en el servicio dom\u00e9stico.<\/p>\n<p>&nbsp;Los hijos peque\u00f1os de las familias se ven con frecuencia mendigando o participando del narcomenudeo.<\/p>\n<p>M\u00e9xico presenta una de las tasas m\u00e1s altas de trata de personas. Entre 2015 y abril de 2021, se denunciaron m\u00e1s de 2.800 casos de v\u00edctimas de trata. Y si los casos registrados durante los primeros cuatro meses de este a\u00f1o contin\u00faan al mismo ritmo, M\u00e9xico terminar\u00e1 2021 con un saldo superior a las 650 v\u00edctimas, m\u00e1s que en cualquier a\u00f1o del \u00faltimo sexenio.<\/p>\n<p>Uno de los obst\u00e1culos fundamentales para combatir la trata de personas descansa en \u201cla falta de informaci\u00f3n sobre la situaci\u00f3n que guarda este delito\u00bb, ha diagnosticado el INAI. Por ello instruy\u00f3 a la Secretar\u00eda de Relaciones Exteriores informar con precisi\u00f3n el n\u00famero de casos de personas mexicanas en el exterior que han sido v\u00edctimas de trata, y si recibieron apoyo de esa dependencia entre 2014 y 2021.<\/p>\n<p>El problema de trata de personas junto con la migraci\u00f3n ha sido un negocio muy resit\u00faa le para el crimen organizado. Nuestro pa\u00eds vive hoy la llegada masiva de \u201ccaravanas\u201d de migrantes que son explotados en todos sentidos hasta presionar al gobierno federal a financiar la manutenci\u00f3n, alimentaci\u00f3n y seguridad de los extranjeros, la mayor\u00eda en espera de cruzar todo el pa\u00eds para introducirse a los Estados Unidos.<\/p>\n<p>Una importante cantidad de ellos se quedan en territorio mexicano solicitando asilo o embarazando a las mujeres para obtener la nacionalidad mexicana de los reci\u00e9n nacidos, pero tambi\u00e9n muchos de ellos han sido asesinados por bandas de narcotraficantes.<\/p>\n<p>La SRE debe, entonces, informar sobre los procedimientos, protocolos y programas para evitar la trata de personas, pero hay que subrayar que tambi\u00e9n la Secretar\u00eda de Gobernaci\u00f3n presenta una enorme responsabilidad en la materia.<\/p>\n<p>En base a esto es que se entiende el reclamo de la oposici\u00f3n y parte de la sociedad cuando AMLO inicia sus intenciones y pronunciamientos sobre \u201cfronteras abiertas\u201d que recibi\u00f3, en principio, las sanciones pol\u00edticas de Trump que llev\u00f3 a la Guardia Nacional Mexicana a servir de barrera humano en el sureste del pa\u00eds.<\/p>\n<p>Hoy se puede constatar que miles de extranjeros ilegales mendigan en las ciudades del pa\u00eds ante la falta de asistencia migratoria.<\/p>\n<p><b>*Conductor del programa VaEnSerio mexiquensetv&nbsp;Canal 34.2 izzi 135<\/b><\/p>\n","protected":false},"excerpt":{"rendered":"<p>Se comenta solo&#8230;<\/p>\n","protected":false},"author":1168,"featured_media":36127,"comment_status":"open","ping_status":"open","sticky":false,"template":"","format":"standard","meta":{"tdm_status":"","tdm_grid_status":"","footnotes":""},"categories":[25],"tags":[],"_links":{"self":[{"href":"https:\/\/dralvarez.com.mx\/larevista\/wp-json\/wp\/v2\/posts\/21256"}],"collection":[{"href":"https:\/\/dralvarez.com.mx\/larevista\/wp-json\/wp\/v2\/posts"}],"about":[{"href":"https:\/\/dralvarez.com.mx\/larevista\/wp-json\/wp\/v2\/types\/post"}],"author":[{"embeddable":true,"href":"https:\/\/dralvarez.com.mx\/larevista\/wp-json\/wp\/v2\/users\/1168"}],"replies":[{"embeddable":true,"href":"https:\/\/dralvarez.com.mx\/larevista\/wp-json\/wp\/v2\/comments?post=21256"}],"version-history":[{"count":1,"href":"https:\/\/dralvarez.com.mx\/larevista\/wp-json\/wp\/v2\/posts\/21256\/revisions"}],"predecessor-version":[{"id":36126,"href":"https:\/\/dralvarez.com.mx\/larevista\/wp-json\/wp\/v2\/posts\/21256\/revisions\/36126"}],"wp:featuredmedia":[{"embeddable":true,"href":"https:\/\/dralvarez.com.mx\/larevista\/wp-json\/wp\/v2\/media\/36127"}],"wp:attachment":[{"href":"https:\/\/dralvarez.com.mx\/larevista\/wp-json\/wp\/v2\/media?parent=21256"}],"wp:term":[{"taxonomy":"category","embeddable":true,"href":"https:\/\/dralvarez.com.mx\/larevista\/wp-json\/wp\/v2\/categories?post=21256"},{"taxonomy":"post_tag","embeddable":true,"href":"https:\/\/dralvarez.com.mx\/larevista\/wp-json\/wp\/v2\/tags?post=21256"}],"curies":[{"name":"wp","href":"https:\/\/api.w.org\/{rel}","templated":true}]}}