{"id":21248,"date":"2022-03-29T00:00:00","date_gmt":"2022-03-29T06:00:00","guid":{"rendered":"https:\/\/dralvarez.com.mx\/larevista\/blog\/corrigiendo-en-la-corregidora"},"modified":"2024-02-23T12:12:51","modified_gmt":"2024-02-23T18:12:51","slug":"corrigiendo-en-la-corregidora","status":"publish","type":"post","link":"https:\/\/dralvarez.com.mx\/larevista\/opiniones\/corrigiendo-en-la-corregidora","title":{"rendered":"Corrigiendo en La Corregidora"},"content":{"rendered":"<p><b>Por: Dr. Jorge Valladares S\u00e1nchez* \/ Dr. Luis Quintal Chac\u00f3n.*<\/b><\/p>\n<p><b>Corrigiendo en La Corregidora<\/b><br \/><i>\u00bfComprender o Sumarse a la Ola?<\/i><\/p>\n<\/p>\n<p>Despert\u00e9 temprano en domingo, m\u00e1s de lo habitual, pues<br \/>\nten\u00eda una cita con un hermoso grupo de nuevos amigos\/as crimin\u00f3logos de la<br \/>\nUniversidad INFA en Chiapas, con quienes platicar\u00edamos acerca de c\u00f3mo<br \/>\ncomprender a las\/os adolescentes y procurar su desarrollo integral aun si han<br \/>\ninfringido la ley\u2026 Justo acababa de proponerles la noche anterior reflexionar<br \/>\nacerca del sentido que puede tener que el llamado \u201cSistema Integral de Justicia<br \/>\npara Adolescentes\u201d tenga como principio rector \u201cEl Bien Superior del Adolescente\u201d<br \/>\ny como finalidad su pleno desarrollo, cuando en algunos casos podr\u00eda tratarse<br \/>\nde un chico\/a que ha violado, lesionado o asesinado a una persona querida.<\/p>\n<p>Ten\u00eda que ponerme alerta r\u00e1pidamente para estar al 100<br \/>\nal abrir la conexi\u00f3n con el grupo y una ola de videos en mi celular hicieron<br \/>\nm\u00e1s inmediato e intenso el despertar total. No pod\u00eda creer lo que ve\u00eda, pens\u00e9<br \/>\nque era una de esas asquerosas bromas de mal gusto que hoy son normales o la<br \/>\ndenuncia de alg\u00fan hecho de guerra o conflicto social. Qued\u00e9 consternado y tuve<br \/>\nque sobreponerme para poder iniciar. Ya en la reuni\u00f3n, fue tema impostergable,<br \/>\nparticularmente por estar ellos\/as form\u00e1ndose en la Criminolog\u00eda, pero<br \/>\nespecialmente por la crudeza de lo que mostraban las im\u00e1genes que siguieron<br \/>\nllegando a lo largo de ese primer fin de semana de marzo.<\/p>\n<p>He tenido oportunidad reciente de compartir que el<br \/>\nf\u00fatbol para m\u00ed no representa la pasi\u00f3n que para muchos mexicanos\/as, por lo<br \/>\ncual me resulta m\u00e1s dif\u00edcil entender el contexto en el que ocurri\u00f3 todo esto.<br \/>\nTengo, por otra parte, la fortuna de considerarme amigo de decenas de los<br \/>\ncrimin\u00f3logos\/as m\u00e1s significativos de nuestro M\u00e9xico y haber compartido con<br \/>\nellos\/as algunos a\u00f1os de andanzas. No s\u00e9 hasta d\u00f3nde es v\u00e1lido usar ese marco<br \/>\npara entender lo ocurrido, pero sobre todo para poder aportar en sentido<br \/>\npreventivo ante algo que nadie, asumo, quisiera que vuelva a ocurrir en ninguna<br \/>\nlatitud.<\/p>\n<p>Tuve que parar un momento la c\u00e1mara cuando intent\u00e9<br \/>\nanalizarlo con el grupo, mi garganta, como pocas veces, se hizo un nudo<br \/>\ninsuperable. Ver a esa familia atravesando la cancha para huir de la violencia,<br \/>\ntomando la previsi\u00f3n de quitarle al ni\u00f1o la playera de su equipo favorito, ante<br \/>\nla posibilidad de ser agredido s\u00f3lo por portarla. Ver a esa dama intentado<br \/>\nrescatar de debajo de una banca a un herido y su impotencia cuando los<br \/>\nagresores la detectaron y le arrebataron el cuerpo inerte para seguirlo<br \/>\ngolpeando\u2026<\/p>\n<p>En medio del caos, y para intentar lo que quienes<br \/>\nabrazamos la ciencia usualmente pretendemos, tuve en las palabras de mi querido<br \/>\namigo, Luis Quintal Chac\u00f3n, elementos adicionales para analizar los hechos y<br \/>\npoder enfocar a esa ruta una situaci\u00f3n tan lamentable. Ampliamos en estas<br \/>\nl\u00edneas lo que \u00e9l dijo en su participaci\u00f3n en SIPSE TV, donde semana a semana<br \/>\naporta una mirada especializada a diversas ramas del deporte, actividad que le<br \/>\nha llevado ser identificado por los comentaristas como el Zar de la Psicolog\u00eda.<\/p>\n<p>Se trata de un tema muy delicado, que los<br \/>\nprofesionales debemos tomar con seriedad y no enfocarlo a descalificaciones<br \/>\nproducto de las emociones de indignaci\u00f3n. Existen estudios cient\u00edficos que se<br \/>\nhan realizado en varias universidades; como el de la Universidad de Medell\u00edn,<br \/>\nColombia, que sigui\u00f3 a 570 integrantes de barras violentas.  <\/p>\n<p>Existen factores comunes en los enfrentamientos<br \/>\nsangrientos entre barras:<\/p>\n<p>1. &nbsp; &nbsp; Falla del protocolo de las<br \/>\nautoridades locales, en este caso agravado por la cantidad  insuficiente<br \/>\nde elementos de seguridad, lo cual fue inmediatamente reconocido por el<br \/>\nDirector de la Liga MX, el Gobernador de Quer\u00e9taro y el due\u00f1o del Equipo local.<\/p>\n<p>2. &nbsp; &nbsp; Adoctrinamiento de odio y<br \/>\npolarizaci\u00f3n en las barras; burlas, pintas amenazantes, etc. Hab\u00eda un caldo de<br \/>\ncultivo listo para detonar y las autoridades no lo tomaron o se dieron cuenta.<br \/>\nExisten antecedentes de la rivalidad entre Atlas y Gallos Blancos. En 2007 se<br \/>\nenfrentaron el 29 de abril, el conjunto de Quer\u00e9taro buscaba mantenerse en la<br \/>\nprimera divisi\u00f3n, pero no lo logr\u00f3. En 2010 se enfrentaron en La Corregidora;<br \/>\nlos aficionados de Atlas \u201cinvadieron\u201d el estadio, en una actitud de desaf\u00edo y<br \/>\nrevancha personal; tambi\u00e9n hubo golpes, heridos, detenidos y desmanes, dentro y<br \/>\nfuera del estadio; las autoridades decidieron que las barras no podr\u00edan ir en<br \/>\ncondici\u00f3n de visitante al Jalisco y a La Corregidora, pero tal decisi\u00f3n fue revertida<br \/>\nen 2013.<\/p>\n<p>3. &nbsp; &nbsp; En los enfrentamientos<br \/>\nexisten grupos y subgrupos, nunca son dos ej\u00e9rcitos de terroristas que escogen<br \/>\ncomo campo de batalla el estadio, sino una combinaci\u00f3n. Algunos est\u00e1n<br \/>\nalcoholizados, otros drogados, otros llenos de odio al rival, otros con<br \/>\npsicopatolog\u00edas preexistentes, como una historia familiar de violencia<br \/>\nnormalizada, la cual los hace no s\u00f3lo ser indiferentes al dolor y la violencia<br \/>\nsino que hasta les produce hipertrofia de la am\u00edgdala (sistema l\u00edmbico), lo<br \/>\ncual anula la inteligencia superior de la corteza prefrontal; algunos tienen<br \/>\ntrastorno de personalidad antisocial.<\/p>\n<p>4. &nbsp; &nbsp; Y aplican los denominados<br \/>\nfen\u00f3menos de masas; gente normalmente incapaz de actuar as\u00ed, bajo el estr\u00e9s y<br \/>\nante el estado de huir o pelear, defienden a su familia hasta las \u00faltimas<br \/>\nconsecuencias. La gente cae en la sugesti\u00f3n colectiva, la desinhibici\u00f3n, el<br \/>\nanonimato que anula la responsabilidad, la sumisi\u00f3n del control personal a la<br \/>\ncanalizaci\u00f3n de la violencia hacia un enemigo; se ha comprobado que el estar en<br \/>\nuna masa disminuye la actividad intelectual y aumenta la emotividad y sentido<br \/>\nde poder de acci\u00f3n por lo que se realizan actos producto de las ideas<br \/>\n(sugestiones) de la masa, aun sean irracionales o violentas.<\/p>\n<p>En M\u00e9xico se aplica el concepto de barra brava a<br \/>\nfinales de los 90 con el surgimiento de la &#8220;Barra Ultra Tuza&#8221; en 1996<br \/>\ndel equipo Pachuca. El director deportivo del club, el argentino Andres Fassi,<br \/>\ndecidi\u00f3 crearla tras el \u00e9xito que ten\u00eda la del conjunto costarricence Saprissa.<br \/>\nComo dato curioso, el \u00fanico club en la \u00e9poca que no adopto una Barra Brava<br \/>\nfueron los Tecos de la Universidad Aut\u00f3noma de Guadalajara, que decidieron<br \/>\napoyar a una porra hecha con los estudiantes de la propia universidad, basada<br \/>\nen los reglamentos internos de la propia instituci\u00f3n.<\/p>\n<p>Entre otras, se han considerado barras peligrosas en<br \/>\nel mundo La 12 (Boca Juniors) y Los Borrachos del Tabl\u00f3n (River Plate) en<br \/>\nArgentina; Fans del PAOK en Grecia; UltrAsian (Galatasaray) de Turqu\u00eda; Ultra<br \/>\nBad Boys (Estrella Roja) en Serbia; Irriducibili (Lazio) y Curva Nord (Catania)<br \/>\nen Italia; Mancha Alvi-Verde (Palmeiras) de Brasil; Ultras Sur (Real Madrid) en<br \/>\nEspa\u00f1a y Garra Blanca (Colo-Colo) de Chile.<\/p>\n<p>Un caso de \u00e9xito a considerar es de la llamada \u201cPerra<br \/>\nBrava\u201d del Toluca, que fuera una de las porras m\u00e1s violentas del f\u00fatbol<br \/>\nmexicano, y hoy en d\u00eda hacen campa\u00f1as de beneficio social, con acciones de<br \/>\napoyo a grupos y promoci\u00f3n de valores\u2026 es una porra que se ha reinventado; esto<br \/>\na partir de una estrategia multidisciplinaria que toma en consideraci\u00f3n los<br \/>\nelementos antes mencionados.<\/p>\n<p>Luis hace \u00e9nfasis en la opacidad que genera usar<br \/>\ndiversos calificativos para referirse a quienes participaron de la violencia,<br \/>\ndestacando que no se trata de delincuentes organizados, un grupo reclutado por<br \/>\nl\u00edderes con el objetivo de causar destrozos y da\u00f1ar gente, sino aficionados<br \/>\ncomunes que son envueltos en fen\u00f3menos ps\u00edquicos y comportamentales como la<br \/>\nidentificaci\u00f3n, la sugesti\u00f3n, el contagio de emociones y la imitaci\u00f3n.<\/p>\n<p>Un individuo t\u00edpico o coloquialmente llamado \u201cnormal\u201d<br \/>\npuede comportarse radicalmente distinto cuando es parte de una masa<br \/>\npsicosocial, ya que aparezcan ideas y sentimientos distintos que en su contexto<br \/>\nhabitual no tendr\u00eda; se produce una regresi\u00f3n psicol\u00f3gica y comportamental a<br \/>\netapas primarias donde desaparece su individualidad y act\u00faan como un todo, una<br \/>\nmasa an\u00f3nima, siendo arrastrados por un sentimiento de poder y omnipotencia,<br \/>\ndonde se exacerban sus impulsos agresivos y desaparece la responsabilidad y el<br \/>\nauto control.<\/p>\n<p>Vemos un fen\u00f3meno similar cuando est\u00e1s en un banco y<br \/>\nves que est\u00e1n contando mucho dinero, se te puede antojar tomarlo, pero la<br \/>\nestructura y pensar en las consecuencias te detiene; en cambio cuando hay un<br \/>\ncami\u00f3n volteado, con art\u00edculos que incluso puedes no necesitar, pero ves el<br \/>\ncaos y la rapi\u00f1a de la gente, aumenta la probabilidad de que agarres algo, como<br \/>\nigual observamos que sucede cuando un cicl\u00f3n o terremoto rompe los cristales de<br \/>\nuna tienda y la gente lo saquea.<\/p>\n<p>El fen\u00f3meno psicol\u00f3gico del \u201ccontagio\u201d, o sea, hacer<br \/>\nlo que hace la masa es un fen\u00f3meno hipn\u00f3tico, donde un individuo sacrifica su<br \/>\ninter\u00e9s personal por el inter\u00e9s colectivo, actuando por sugestiones del grupo;<br \/>\nadem\u00e1s es una especie de \u201cdoping\u201d por los qu\u00edmicos cerebrales que se generan<br \/>\npor las neuronas espejo que lo predisponen qu\u00edmicamente a vivir las emociones<br \/>\ncolectivas, facilitando cometer actos contrarios a su car\u00e1cter y costumbres<br \/>\nhabituales, ya que la personalidad consciente y la voluntad son sobrepasados. <\/p>\n<p>Podemos considerar insuficientes o inadecuadas las<br \/>\nsoluciones implementadas tanto desde el \u00e1mbito del f\u00fatbol como en el de<br \/>\ngobierno. En principio es indispensable una efectiva y completa aplicaci\u00f3n de<br \/>\nla ley, m\u00e1s all\u00e1 de cualquier an\u00e1lisis, eso es lo esencial y primario; esto<br \/>\nadem\u00e1s de acciones como reorganizar a las barras locales, aplicar tratamientos<br \/>\nde psicoterapia cognitivo conductual, psicoeducaci\u00f3n \u00e9tica y moral, y por<br \/>\nsupuesto la revisi\u00f3n y eficaz aplicaci\u00f3n de protocolos de seguridad.<\/p>\n<p>Un apunte adicional es sobre lo que se llama<br \/>\nrelativizar, o sea matizar, darse cuenta que es s\u00f3lo un partido de futbol, s\u00f3lo<br \/>\nel equipo de mi elecci\u00f3n, no es una guerra, no va mi vida de por medio y en<br \/>\ncualquier momento, as\u00ed como los due\u00f1os venden o cambian jugadores, yo puedo<br \/>\ncambiar a otro equipo y eso es incluso saludable psicol\u00f3gicamente, pues en la<br \/>\nvida real lo \u00fanico cierto es el cambio.<\/p>\n<p>Hasta aqu\u00ed su an\u00e1lisis y propuesta, que me pareci\u00f3<br \/>\noportuno compartir y me hizo repensar algo dicho en publicaci\u00f3n anterior en<br \/>\neste amable espacio de conversaci\u00f3n que nos brinda La Revista. Hablando sobre<br \/>\nla polarizaci\u00f3n social que hoy vivimos destacaba necesario ir contra la idea de<br \/>\nque de pol\u00edtica y religi\u00f3n no conviene hablar, cuando son en realidad temas tan<br \/>\nrelevantes que deber\u00edamos atender con la familia, amigos y comunidad, para<br \/>\ncontener los extremos en postura y reacci\u00f3n. Descart\u00e9 en ello al f\u00fatbol, pero<br \/>\naqu\u00ed vemos que tambi\u00e9n sobre ello debemos abrir los espacios para formar a<br \/>\nnuestros hijos\/as en habilidades de compartir y conversar aquello sobre lo que<br \/>\nse apasionan, a veces en grado tal que pueden actuar bajo las influencias<br \/>\ncircunstanciales que bien Luis detecta.<\/p>\n<p>Existen, entonces, diversas \u00f3pticas desde las cuales<br \/>\nenfocar un episodio tan lamentable como el vivido en ese estadio de Quer\u00e9taro;<br \/>\nla social, la econ\u00f3mica, la de los versados en f\u00fatbol, la cient\u00edfica. Y en esta<br \/>\n\u00faltima, refrendo lo que en esa conversaci\u00f3n con crimin\u00f3logos\/as en formaci\u00f3n<br \/>\neleg\u00ed puntualizar: tenemos que ser capaces de dar respuesta a las situaciones<br \/>\nde nuestro saber, sobre las cuales adquirimos una responsabilidad al ser<br \/>\nnuestra vocaci\u00f3n.<\/p>\n<p>Tal como en la reflexi\u00f3n que aquel fin de semana le<br \/>\nped\u00eda al grupo, tenemos que pensar en combinar con eficacia dos elementos en<br \/>\ncualquier an\u00e1lisis, especialmente cuando ocurren comportamientos que da\u00f1an<br \/>\ngravemente a nuestra sociedad y llegan a poner en duda nuestra calidad humana:<br \/>\nacci\u00f3n correctiva + prevenci\u00f3n con sentido humano. <\/p>\n<p>En el estadio vimos acciones abominables, queda claro<br \/>\nque ameritan una reacci\u00f3n social contundente y clara, que nuestras autoridades<br \/>\ncon frecuencia nos quedan a deber; pero tambi\u00e9n vimos una reacci\u00f3n que debemos<br \/>\ncuestionarnos si sabr\u00edamos controlar ya estando all\u00ed, si fu\u00e9ramos ese padre que<br \/>\nal intentar poner a salvo a su hijo le fuera atrapado por la turba enfurecida\u2026<br \/>\n\u00bfPodr\u00edamos evitar sumarnos a la ola de violencia, siendo protagonistas de otro<br \/>\nvideo, golpeando a quien se atreviera a ponerle la mano encima?<\/p>\n<p>En situaciones vemos a adolescentes cometer conductas<br \/>\nde las que no hay margen para dudar que son premeditadas y perversas, en<br \/>\nespecial si la v\u00edctima es alguien a quien amamos, y ello dificulta entender que<br \/>\nen un sistema de justicia se les den concesiones o protecci\u00f3n como si fuera<br \/>\njustificable lo que hicieron. \u00bfY si fuera nuestro hijo\/a ese adolescente? \u00bfO<br \/>\nestamos seguros de que \u00e9l\/ella jam\u00e1s har\u00eda algo as\u00ed? Es lo que escuch\u00e9 decir a<br \/>\nm\u00e1s de la mitad de los padres de adolescentes a quienes internaron en el CEAMA<br \/>\ncuando tuve el honor de dirigir esa instituci\u00f3n.<\/p>\n<p>Tenemos que aplicar la ley y las consecuencias que<br \/>\neviten la repetici\u00f3n de conductas que no queremos o da\u00f1an tan gravemente; pero<br \/>\nno llegaremos a ser suficiente y permanente efectivos mientras no comprendamos<br \/>\nen su amplitud el origen diverso de los comportamientos que tenemos que<br \/>\nerradicar y actuemos con una visi\u00f3n de salud social, comprensi\u00f3n cient\u00edfica y a<br \/>\npartir de valores tan humanos como la empat\u00eda y la solidaridad; conjunto que da<br \/>\nbase a soluciones que funcionen tanto si el agresor es el otro como si es uno<br \/>\nmismo.<\/p>\n<p>Conf\u00edo contamos ya con 15 promotores m\u00e1s de esta forma<br \/>\nde proceder como especialistas en mis queridos y queridas Rosemberg, Valeria,<br \/>\nMontserrat, Cristian, Laura, Cecilia, Abelardo, Ana Sugei, Marcos, Yamilet,<br \/>\nCarolina, Lizbeth, Ana Karen, Milenia y Yair.<\/p>\n<p><small>&#8212;&#8212;&#8212;&#8212;&#8212;&#8212;&#8212;&#8212;&#8212;&#8212;&#8212;&#8212;&#8212;&#8212;-<\/small><br \/><b><small>*Jorge<br \/>\nValladares S\u00e1nchez&nbsp; &nbsp; &nbsp; &nbsp; &nbsp; &nbsp; &nbsp; &nbsp; &nbsp; &nbsp; &nbsp; &nbsp; &nbsp; &nbsp; &nbsp; &nbsp;*Luis Quintal Chac\u00f3n<\/small><\/b><br \/><small>Pap\u00e1,<br \/>\nCiudadano, Consultor&nbsp; &nbsp; &nbsp; &nbsp; &nbsp; &nbsp; &nbsp; &nbsp; &nbsp; &nbsp; &nbsp; &nbsp; &nbsp; &nbsp; &nbsp; &nbsp; Doctor en Derechos Humanos<\/small><br \/><small>Doctor<br \/>\nen Ciencias Sociales&nbsp; &nbsp; &nbsp; &nbsp; &nbsp; &nbsp; &nbsp; &nbsp; &nbsp; &nbsp; &nbsp; &nbsp; &nbsp; &nbsp; &nbsp; &nbsp; Maestro en Psicolog\u00eda Cl\u00ednica<\/small><br \/><small>En Facebook y en Youtube: &nbsp; &nbsp; &nbsp; &nbsp; &nbsp; &nbsp; &nbsp; &nbsp; &nbsp; &nbsp; &nbsp; &nbsp; &nbsp; &nbsp; &nbsp; &nbsp;  En<br \/>\nFacebook y en Youtube:<\/small><br \/><small>Dr. Jorge Valladares &nbsp; &nbsp; &nbsp; &nbsp; &nbsp; &nbsp; &nbsp; &nbsp; &nbsp; &nbsp; &nbsp; &nbsp; &nbsp; &nbsp; &nbsp; &nbsp; &nbsp; &nbsp; &nbsp; &nbsp; &nbsp; &nbsp; El Zar de la Psicolog\u00eda<\/small><\/p><\/p>\n","protected":false},"excerpt":{"rendered":"<p>\u00bfComprender o Sumarse a la Ola?<\/p>\n","protected":false},"author":1112,"featured_media":36119,"comment_status":"open","ping_status":"open","sticky":false,"template":"","format":"standard","meta":{"tdm_status":"","tdm_grid_status":"","footnotes":""},"categories":[25],"tags":[],"_links":{"self":[{"href":"https:\/\/dralvarez.com.mx\/larevista\/wp-json\/wp\/v2\/posts\/21248"}],"collection":[{"href":"https:\/\/dralvarez.com.mx\/larevista\/wp-json\/wp\/v2\/posts"}],"about":[{"href":"https:\/\/dralvarez.com.mx\/larevista\/wp-json\/wp\/v2\/types\/post"}],"author":[{"embeddable":true,"href":"https:\/\/dralvarez.com.mx\/larevista\/wp-json\/wp\/v2\/users\/1112"}],"replies":[{"embeddable":true,"href":"https:\/\/dralvarez.com.mx\/larevista\/wp-json\/wp\/v2\/comments?post=21248"}],"version-history":[{"count":1,"href":"https:\/\/dralvarez.com.mx\/larevista\/wp-json\/wp\/v2\/posts\/21248\/revisions"}],"predecessor-version":[{"id":36118,"href":"https:\/\/dralvarez.com.mx\/larevista\/wp-json\/wp\/v2\/posts\/21248\/revisions\/36118"}],"wp:featuredmedia":[{"embeddable":true,"href":"https:\/\/dralvarez.com.mx\/larevista\/wp-json\/wp\/v2\/media\/36119"}],"wp:attachment":[{"href":"https:\/\/dralvarez.com.mx\/larevista\/wp-json\/wp\/v2\/media?parent=21248"}],"wp:term":[{"taxonomy":"category","embeddable":true,"href":"https:\/\/dralvarez.com.mx\/larevista\/wp-json\/wp\/v2\/categories?post=21248"},{"taxonomy":"post_tag","embeddable":true,"href":"https:\/\/dralvarez.com.mx\/larevista\/wp-json\/wp\/v2\/tags?post=21248"}],"curies":[{"name":"wp","href":"https:\/\/api.w.org\/{rel}","templated":true}]}}