{"id":21238,"date":"2022-03-27T00:00:00","date_gmt":"2022-03-27T06:00:00","guid":{"rendered":"https:\/\/dralvarez.com.mx\/larevista\/blog\/prensa-libre-2"},"modified":"2024-02-23T12:12:12","modified_gmt":"2024-02-23T18:12:12","slug":"prensa-libre-2","status":"publish","type":"post","link":"https:\/\/dralvarez.com.mx\/larevista\/opiniones\/prensa-libre-2","title":{"rendered":"Prensa libre"},"content":{"rendered":"<p><b>Editorial La Revista Peninsular<\/b><\/p>\n<\/p>\n<p>El periodismo es una actividad imprescindible en la<br \/>\nactualidad. Su funci\u00f3n de obtener, interpretar, tratar y difundir informaci\u00f3n<br \/>\nde relevancia, hace que ocupe un rol central en la democracia pues le brinda<br \/>\nherramientas a la sociedad para que pueda ejercer plenamente sus derechos.<br \/>\nDebido a esto, varios analistas consideran al periodismo como el \u201cCuarto<br \/>\nPoder\u201d, en referencia a los tres poderes p\u00fablicos comprendidos por el Poder Legislativo,<br \/>\nel Poder Ejecutivo y el Poder Judicial.<\/p>\n<p>A pesar de la importancia que tiene esta actividad<br \/>\nprofesional en los Estados contempor\u00e1neos, existen algunos lugares en los que es<br \/>\nm\u00e1s seguro ejercerla que en otros. Esto se debe a que la labor del periodista<br \/>\npuede afectar los intereses de determinados entes de poder como el gobierno, la<br \/>\ndelincuencia organizada o agrupaciones sociales. Si en un pa\u00eds hay altos<br \/>\n\u00edndices de violencia y represi\u00f3n, es probable que los periodistas sean<br \/>\nvulnerables a la censura y a las agresiones.<\/p>\n<p>M\u00e9xico es uno de los pa\u00edses del mundo en los cu\u00e1les es<br \/>\nm\u00e1s peligroso ejercer el periodismo. Desde hace varias d\u00e9cadas, los periodistas<br \/>\nhan sido v\u00edctimas de violencia y censura por llevar al cabo su trabajo. Esta<br \/>\nsituaci\u00f3n se ha convertido en una grave crisis durante los \u00faltimos a\u00f1os, lo<br \/>\ncual ha provocado que prestigiosas organizaciones e instituciones, nacionales e<br \/>\ninternacionales, levanten la voz con el fin de exigirle al gobierno mexicano<br \/>\ntomar acciones concretas para garantizar la seguridad de los periodistas.<\/p>\n<p>Entonces, para ser periodista en M\u00e9xico es necesario tener<br \/>\nvalent\u00eda.<\/p>\n<p>Ahora bien, si hay inteligencia, congruencia,<br \/>\nresponsabilidad y visi\u00f3n, adem\u00e1s de valent\u00eda, se pueden dar cosas muy<br \/>\nespeciales. Cuando personas dedicadas al periodismo tienen estas cualidades,<br \/>\nsurgen espacios que fungen como actores activos dentro del sistema democr\u00e1tico<br \/>\npues informan, fomentan la cr\u00edtica, promueven ideolog\u00eda y abren espacios de<br \/>\ndi\u00e1logo, entre otras actividades democr\u00e1ticas fundamentales.<\/p>\n<p>Si un espacio period\u00edstico de estas caracter\u00edsticas es<br \/>\nadministrado correctamente y funda su identidad en preceptos ideol\u00f3gicos<br \/>\ns\u00f3lidos, tiene el potencial de volverse un s\u00edmbolo sociocultural dentro de una<br \/>\ncomunidad.<\/p>\n<p>Tal es el caso del peri\u00f3dico Por Esto! espacio<br \/>\nperiod\u00edstico que cumpli\u00f3 31 a\u00f1os el pasado 21 de marzo en el estadio de la prensa<br \/>\nlibre. De la mano de Don Mario Renato Men\u00e9ndez Rodr\u00edguez, el Por Esto! se ha<br \/>\nlogrado consolidar como un medio informativo tradicional para la sociedad<br \/>\npeninsular por su objetividad, profesionalismo y noble misi\u00f3n de dar voz a<br \/>\nquienes no son escuchados.<\/p>\n<p>Ahora, bajo la nueva direcci\u00f3n de Alicia Men\u00e9ndez<br \/>\nFigueroa, este peri\u00f3dico, pilar del periodismo del sureste, emprende una nueva<br \/>\netapa hacia la digitalizaci\u00f3n para acercar sus valiosos contenidos a un p\u00fablico<br \/>\nm\u00e1s amplio, siempre procurando sus valores insignia: Dignidad, Identidad y Soberan\u00eda.<\/p>\n<p>La Revista Peninsular extiende una respetuosa<br \/>\nfelicitaci\u00f3n al Por Esto! por sus 31 a\u00f1os. Para el periodismo yucateco, son<br \/>\nobjeto de admiraci\u00f3n por el profesionalismo con el cual se han conducido por<br \/>\nm\u00e1s de tres d\u00e9cadas; para los yucatecos en general, son motivo de orgullo por<br \/>\nel legado que han construido. Enhorabuena.<\/p><\/p>\n","protected":false},"excerpt":{"rendered":"<p>Editorial La Revista Peninsular<\/p>\n","protected":false},"author":1111,"featured_media":36109,"comment_status":"open","ping_status":"open","sticky":false,"template":"","format":"standard","meta":{"tdm_status":"","tdm_grid_status":"","footnotes":""},"categories":[25],"tags":[],"_links":{"self":[{"href":"https:\/\/dralvarez.com.mx\/larevista\/wp-json\/wp\/v2\/posts\/21238"}],"collection":[{"href":"https:\/\/dralvarez.com.mx\/larevista\/wp-json\/wp\/v2\/posts"}],"about":[{"href":"https:\/\/dralvarez.com.mx\/larevista\/wp-json\/wp\/v2\/types\/post"}],"author":[{"embeddable":true,"href":"https:\/\/dralvarez.com.mx\/larevista\/wp-json\/wp\/v2\/users\/1111"}],"replies":[{"embeddable":true,"href":"https:\/\/dralvarez.com.mx\/larevista\/wp-json\/wp\/v2\/comments?post=21238"}],"version-history":[{"count":1,"href":"https:\/\/dralvarez.com.mx\/larevista\/wp-json\/wp\/v2\/posts\/21238\/revisions"}],"predecessor-version":[{"id":36108,"href":"https:\/\/dralvarez.com.mx\/larevista\/wp-json\/wp\/v2\/posts\/21238\/revisions\/36108"}],"wp:featuredmedia":[{"embeddable":true,"href":"https:\/\/dralvarez.com.mx\/larevista\/wp-json\/wp\/v2\/media\/36109"}],"wp:attachment":[{"href":"https:\/\/dralvarez.com.mx\/larevista\/wp-json\/wp\/v2\/media?parent=21238"}],"wp:term":[{"taxonomy":"category","embeddable":true,"href":"https:\/\/dralvarez.com.mx\/larevista\/wp-json\/wp\/v2\/categories?post=21238"},{"taxonomy":"post_tag","embeddable":true,"href":"https:\/\/dralvarez.com.mx\/larevista\/wp-json\/wp\/v2\/tags?post=21238"}],"curies":[{"name":"wp","href":"https:\/\/api.w.org\/{rel}","templated":true}]}}