{"id":21226,"date":"2022-03-27T00:00:00","date_gmt":"2022-03-27T06:00:00","guid":{"rendered":"https:\/\/dralvarez.com.mx\/larevista\/blog\/que-tienenno-tienen-libertad"},"modified":"2024-02-23T12:11:34","modified_gmt":"2024-02-23T18:11:34","slug":"que-tienenno-tienen-libertad","status":"publish","type":"post","link":"https:\/\/dralvarez.com.mx\/larevista\/opiniones\/que-tienenno-tienen-libertad","title":{"rendered":"\u2026que tienen\/no tienen libertad&#8230;"},"content":{"rendered":"<p><b>Por: Cristina Pad\u00edn.<\/b><\/p>\n<p>En la vida hay personas o tan llenas de mil miedos y temores o tan repletas de eso que se llama valent\u00eda; tan \u00e1vidas de notoriedad que necesitan siempre el alardeo continuo o tan humildes y discretas que no presumen de sus logros; tan faltas de valores que un d\u00eda piensan una cosa y al d\u00eda siguiente la contraria o con verdad y serenidad y muy sabedoras de lo que es la verdad; tan ciegas en sabidur\u00eda y conocimientos que repiten como loritos lo que se les manda o tan preparadas y listas que opinan y dicen y hacen; tan falsas que se apellidan inter\u00e9s y son primas de la hipocres\u00eda o tan sinceras que son de cristal y de luz y ofrecen claridad; tan engre\u00eddas y maleducadas que ni saben saludar o decir gracias o tan sensatas y agradables que son puro abrazo y una brisa de aire fresco; tan \u00e1vidas de figurar en la tauromaquia que a la plaza van a presumir o tan aficionadas al toreo que disfrutan de Lorca y de Goya y de Talavante y de Pablo; tan no que nunca se dejan llevar ni sienten ni se emocionan o tan s\u00ed que aplauden y sonr\u00eden y se deshacen en sensaciones; tan secas como una copa vac\u00eda o tan perfectas como un brindis al atardecer con un sabroso vino; tan nada como una nader\u00eda o tan todo como un beso de pasi\u00f3n.. tan as\u00ed que no pueden opinar o tan reales que expresan opiniones y son y est\u00e1n.. En la vida hay personas que.. no tienen libertad o s\u00ed tienen libertad.. y qu\u00e9 importante es ser libre!!! Y qu\u00e9 poquita libertad se ve..<\/p>\n<p>La importancia de la libertad<br \/>A las personas libres<br \/>A las personas valientes<br \/>A mi amigo Manuel<br \/>A mi querido Luis<br \/>A mi amiga mexicana Mar\u00eda<br \/>A Albriux<br \/>A Tiempo de silencio. Qu\u00e9 buena novela<br \/>A Talavante: mi mago<br \/>A Pablo Aguado<br \/>A mi amigo Juan Carlos<br \/>A mi amigo Jm<br \/>Al toreo<\/p>\n","protected":false},"excerpt":{"rendered":"<p>Por: Cristina Pad\u00edn.<\/p>\n","protected":false},"author":1025,"featured_media":36097,"comment_status":"open","ping_status":"open","sticky":false,"template":"","format":"standard","meta":{"tdm_status":"","tdm_grid_status":"","footnotes":""},"categories":[25],"tags":[],"_links":{"self":[{"href":"https:\/\/dralvarez.com.mx\/larevista\/wp-json\/wp\/v2\/posts\/21226"}],"collection":[{"href":"https:\/\/dralvarez.com.mx\/larevista\/wp-json\/wp\/v2\/posts"}],"about":[{"href":"https:\/\/dralvarez.com.mx\/larevista\/wp-json\/wp\/v2\/types\/post"}],"author":[{"embeddable":true,"href":"https:\/\/dralvarez.com.mx\/larevista\/wp-json\/wp\/v2\/users\/1025"}],"replies":[{"embeddable":true,"href":"https:\/\/dralvarez.com.mx\/larevista\/wp-json\/wp\/v2\/comments?post=21226"}],"version-history":[{"count":1,"href":"https:\/\/dralvarez.com.mx\/larevista\/wp-json\/wp\/v2\/posts\/21226\/revisions"}],"predecessor-version":[{"id":36096,"href":"https:\/\/dralvarez.com.mx\/larevista\/wp-json\/wp\/v2\/posts\/21226\/revisions\/36096"}],"wp:featuredmedia":[{"embeddable":true,"href":"https:\/\/dralvarez.com.mx\/larevista\/wp-json\/wp\/v2\/media\/36097"}],"wp:attachment":[{"href":"https:\/\/dralvarez.com.mx\/larevista\/wp-json\/wp\/v2\/media?parent=21226"}],"wp:term":[{"taxonomy":"category","embeddable":true,"href":"https:\/\/dralvarez.com.mx\/larevista\/wp-json\/wp\/v2\/categories?post=21226"},{"taxonomy":"post_tag","embeddable":true,"href":"https:\/\/dralvarez.com.mx\/larevista\/wp-json\/wp\/v2\/tags?post=21226"}],"curies":[{"name":"wp","href":"https:\/\/api.w.org\/{rel}","templated":true}]}}