{"id":21218,"date":"2022-03-24T00:00:00","date_gmt":"2022-03-24T06:00:00","guid":{"rendered":"https:\/\/dralvarez.com.mx\/larevista\/blog\/28-anos"},"modified":"2024-02-23T12:11:06","modified_gmt":"2024-02-23T18:11:06","slug":"28-anos","status":"publish","type":"post","link":"https:\/\/dralvarez.com.mx\/larevista\/opiniones\/28-anos","title":{"rendered":"28 A\u00f1os"},"content":{"rendered":"<p><b><i>Se comenta solo&#8230;<\/i>, por: Carlos Ramos Padilla.*&nbsp;<\/b><\/p>\n<\/p>\n<p>A casi tres d\u00e9cadas del asesinato de Luis Donaldo Colosio, el pa\u00eds es dominado por la incertidumbre, la confrontaci\u00f3n y la violencia. Una naci\u00f3n en donde no hay coincidencias ni aportaciones pol\u00edticas, pero donde si florece el revanchismo y las venganzas.<\/p>\n<p>A casi tres d\u00e9cadas de su cobarde asesinato, persiste un M\u00e9xico con hambre y sed de justicia y continuamos agraviados. No sabr\u00e9 nunca si Colosio se hubiera perfilado como un buen presidente, pero s\u00ed aseguro era un hombre educado, con estructura de l\u00edder, confiable en sus pronunciamientos, institucional y leal a sus principios y amigos. Presentaba un proyecto de naci\u00f3n, miraba al futuro.<\/p>\n<p>Sus funciones p\u00fablicas le permitieron entrar a la epidermis social. Era carism\u00e1tico, pero no f\u00e1cil. En su biograf\u00eda no se atribuye irregularidades o esc\u00e1ndalos y supo enfrentar traiciones y torpeza hasta del mismo Salinas de Gortari y qu\u00e9 decir de Manuel Camacho Sol\u00eds y Marcelo Ebrard. Estos tres personajes se encargaron de hacer turbios sus \u00faltimos momentos de vida.<\/p>\n<p>Se valieron de la traici\u00f3n pol\u00edtica y manipulaci\u00f3n social para cubrir sus intereses de poder. La fuerza y tono del discurso colorista, el contenido de sus ideales y su enorme capacidad de oratoria molestaban a un desesperado Camacho y a su incondicional operador Ebrard.<\/p>\n<p>Intentaban armar una plataforma que los llevara a la presidencia creando un partido, desde el gobierno del Distrito Federal, en la Secretar\u00eda de Relaciones Exteriores y como auto impuestos mediadores de la paz en Chiapas durante el enfrentamiento con el EZLN. No lograban crecer, pero si torpedear con la extra\u00f1a autorizaci\u00f3n de Salinas en un juego macabro e insensato.<\/p>\n<p>Colosio estaba contracorriente: un presidente fuerte pero indeciso, un pa\u00eds violentado por unos insurrectos encapuchados armados y financiados por la izquierda, un PRI fracturado y maloliente y la barrera ideol\u00f3gica con personajes como Mu\u00f1oz Ledo o Cuauht\u00e9moc C\u00e1rdenas.<\/p>\n<p>Si en las plazas callejeras operaba Ebrard, en los corredores de Palacio un oscuro personaje se paladeaba rompiendo cimientos y bases para la elecci\u00f3n: Jos\u00e9 Maria C\u00f3rdoba Montoya.<\/p>\n<p>A casi tres d\u00e9cadas el nombre de Luis Donaldo Colosio vuelve a tomar fuerza no por homenajes de escenograf\u00eda barata, de protagonismo enfermizos o de ocurrentes desfiles de pol\u00edticos que se conocen como la \u201cviudas de Colosio\u201d.<\/p>\n<p>El colosismo toma vitalidad por la conducta, madurez, congruencia, rectitud y figura de su hijo, aquel peque\u00f1o de 8 a\u00f1os que en el 94 destaca por su brillantez e inteligencia, me consta y lo he platicado con \u00e9l recordando sus participaciones, desde peque\u00f1o en mis programas informativos de radio en el IMER siendo su director Don Jorge Medina Viedas (QEPD).<\/p>\n<p>La popularidad de Colosio hijo crece a\u00fan sin propon\u00e9rselo. Est\u00e1 en la memoria colectiva y en el reconocimiento p\u00fablico aun cuando el actual gobierno se empe\u00f1a en debilitar a todo lo pasado.<\/p>\n<p>Luis Donaldo hijo recuerda en el alma y coraz\u00f3n las palabras de su madre Diana Laura cuando ante el f\u00e9retro de su marido se\u00f1al\u00f3 \u201cmi venganza ser\u00e1 mi perd\u00f3n\u201d. Colosio jr. dice \u201cbajo esos est\u00e1ndares de calidad moral quiero vivir toda mi vida\u2026 tengo el gran ejemplo de mi mam\u00e1 y mi pap\u00e1 que lo dieron todo por su gente, tengo que honrar ese legado\u201d.<\/p>\n<p>Repito nunca sabr\u00e9 si Luis Donaldo padre hubiera sido un buen presidente, pero si estoy convencido que Luis Donaldo hijo posee todos los atributos, genes, deseos, educaci\u00f3n y clase para hacer de este pa\u00eds algo promisorio, UNIDO, para que los que aqu\u00ed nacimos podamos volver a presentarnos ante el mundo con orgullo y seamos, como antes, respetados. Y eso s\u00ed que me gustar\u00eda verlo y escribirlo.<\/p>\n<p><b>Conductor del programa VaEnSerio mexiquensetv canal 34.2 izzi 135<\/b><\/p>\n<p><\/p><\/p>\n","protected":false},"excerpt":{"rendered":"<p>Se comenta solo&#8230;<\/p>\n","protected":false},"author":1168,"featured_media":36090,"comment_status":"open","ping_status":"open","sticky":false,"template":"","format":"standard","meta":{"tdm_status":"","tdm_grid_status":"","footnotes":""},"categories":[25],"tags":[],"_links":{"self":[{"href":"https:\/\/dralvarez.com.mx\/larevista\/wp-json\/wp\/v2\/posts\/21218"}],"collection":[{"href":"https:\/\/dralvarez.com.mx\/larevista\/wp-json\/wp\/v2\/posts"}],"about":[{"href":"https:\/\/dralvarez.com.mx\/larevista\/wp-json\/wp\/v2\/types\/post"}],"author":[{"embeddable":true,"href":"https:\/\/dralvarez.com.mx\/larevista\/wp-json\/wp\/v2\/users\/1168"}],"replies":[{"embeddable":true,"href":"https:\/\/dralvarez.com.mx\/larevista\/wp-json\/wp\/v2\/comments?post=21218"}],"version-history":[{"count":1,"href":"https:\/\/dralvarez.com.mx\/larevista\/wp-json\/wp\/v2\/posts\/21218\/revisions"}],"predecessor-version":[{"id":36089,"href":"https:\/\/dralvarez.com.mx\/larevista\/wp-json\/wp\/v2\/posts\/21218\/revisions\/36089"}],"wp:featuredmedia":[{"embeddable":true,"href":"https:\/\/dralvarez.com.mx\/larevista\/wp-json\/wp\/v2\/media\/36090"}],"wp:attachment":[{"href":"https:\/\/dralvarez.com.mx\/larevista\/wp-json\/wp\/v2\/media?parent=21218"}],"wp:term":[{"taxonomy":"category","embeddable":true,"href":"https:\/\/dralvarez.com.mx\/larevista\/wp-json\/wp\/v2\/categories?post=21218"},{"taxonomy":"post_tag","embeddable":true,"href":"https:\/\/dralvarez.com.mx\/larevista\/wp-json\/wp\/v2\/tags?post=21218"}],"curies":[{"name":"wp","href":"https:\/\/api.w.org\/{rel}","templated":true}]}}