{"id":21210,"date":"2022-03-24T00:00:00","date_gmt":"2022-03-24T06:00:00","guid":{"rendered":"https:\/\/dralvarez.com.mx\/larevista\/blog\/y-pues-quien-es"},"modified":"2024-02-23T12:10:23","modified_gmt":"2024-02-23T18:10:23","slug":"y-pues-quien-es","status":"publish","type":"post","link":"https:\/\/dralvarez.com.mx\/larevista\/opiniones\/y-pues-quien-es","title":{"rendered":"\u00bfY pues qui\u00e9n es?"},"content":{"rendered":"<\/p>\n<p><b><i>Se comenta solo&#8230;<\/i>, por: Carlos Ramos Padilla.* <\/b><\/p>\n<\/p>\n<p>Es importante que el auditor superior de la federaci\u00f3n, agente del ministerio p\u00fablico, calificador de medios de comunicaci\u00f3n, dise\u00f1ador de lo que entiende por democracia eje central de homil\u00edas, historiador y presidente: Lopez Obrador, nos ilustre qui\u00e9n fue Felipe \u00c1ngeles y por qu\u00e9 por su instrucci\u00f3n (as\u00ed se afirm\u00f3 en la ceremonia inaugural del aeropuerto de Santa Luc\u00eda) es muy mentado el militar.<\/p>\n<p>Empecemos: Felipe de Jes\u00fas \u00c1ngeles Ram\u00edrez fue un artillero h\u00e9roe popular de la Revoluci\u00f3n Mexicana que colabor\u00f3 con Francisco Villa y Jos\u00e9 Lucio Blanco. Naci\u00f3 en Hidalgo y muri\u00f3 en Chihuahua.<\/p>\n<p>A pesar de su origen natal, fue gobernador de Coahuila, tambi\u00e9n gobernador y comandante militar en Nuevo Le\u00f3n no por elecci\u00f3n popular sino designado por Villa. Fue director del Heroico Colegio Militar, cargo que le impuso Francisco I. Madero. Militar y poliglota ya que dominaba el espa\u00f1ol, el catal\u00e1n, portugu\u00e9s, alem\u00e1n y otom\u00ed.<\/p>\n<p>Se asegura que fue el gran estratega militar de la Divisi\u00f3n del Norte. Se oculta que fue protegido por Porfirio D\u00edaz, ni m\u00e1s ni menos, y que se le otorg\u00f3 una beca por los m\u00e9ritos militares de su padre que luch\u00f3 durante la intervenci\u00f3n estadounidense. Adem\u00e1s, \u00c1ngeles se declar\u00f3 marxista juzgando al liberalismo como \u201ccosa del pasado\u201d.<\/p>\n<p>An\u00e9cdota: estudi\u00f3 en Estados Unidos y le fue concedida la orden de la Legi\u00f3n de Honor por el gobierno franc\u00e9s. Se le reconoci\u00f3 por combatir a Emiliano Zapata. Fue aprehendido por Victoriano Huerta y exiliado a Francia. Por su antagonismo con Venustiano Carranza vivi\u00f3 en Texas y Nueva York. Muri\u00f3 fusilado en Chihuahua por declararse villista y confrontar a Carranza. \u00bfDe \u00e9l se recuerda la frase \u201cpor qu\u00e9 temerle a la muerte, sino le temo a la vida\u201d?<\/p>\n<p>Ahora bajo estas bases la pregunta: \u00bfpor qu\u00e9 la inclinaci\u00f3n de AMLO al General \u00c1ngeles? Por marxista, por institucional, por oponerse a la Constituci\u00f3n del 17, por villista, por antiliberal (Ju\u00e1rez era liberal), por porfirista, por enfrentar a Zapata, \u00bfpor maderista?<\/p>\n<p>(Curioso pero la historia narra que fue Villa quien cont\u00f3 con la primera Fuerza A\u00e9rea Mexicana, El Ej\u00e9rcito de Villa contrat\u00f3 a pilotos estadounidenses con un salario mensual de 500 d\u00f3lares, en oro, adem\u00e1s de otras cantidades adicionales que recibir\u00edan por cada misi\u00f3n. Los aviones establecieron su base operativa en Monterrey, aunque poco despu\u00e9s se trasladaron a Tamaulipas. Se cuenta adem\u00e1s que invadi\u00f3 territorio estadounidense v\u00eda a\u00e9rea arrojando costales de arena por falta de material b\u00e9lico).<\/p>\n<p>Lo que llama la atenci\u00f3n es que un activista callejero y anti\/instituciones como AMLO honre de esta tan singular manera a los militares cuando en otros tiempos eran \u201crepresores\u201d.<\/p>\n<p>AMLO convirti\u00f3 a una terminal a\u00e9rea civil en una zona administrada por el Ej\u00e9rcito. Una obra inconclusa donde opera una de tres pistas. La \u00fanica en servicio es la que operaba la base militar a\u00e9rea de Santa Luc\u00eda y que presumi\u00f3 en un vuelo a modo para supervisar los avances de las obras y que luego nos trat\u00f3 de ilustrar\/enga\u00f1ar en un trenecito virtual.<\/p>\n<p>Ser\u00eda en reconocimiento al General \u00c1ngeles y su integridad que el presidente diera a conocer c\u00f3mo es que ahora a los \u201cacarreados\u201d se les transporta en avi\u00f3n para aplaudir en un evento como el de este lunes 21 de marzo.<\/p>\n<p>Fue insultante el movimiento de cientos de personas simpatizantes de Morena que gritaban consignas y loas al presidente en un aeropuerto en donde casualmente no opera ninguna firma bancaria y por conclusi\u00f3n no hay cajeros autom\u00e1ticos ni transacciones con monedas extranjeras en un aeropuerto internacional. Se habla de los millones de pasajeros a transportar un pron\u00f3stico reservado, pero no se habla de cu\u00e1ndo terminar\u00e1n las obras, no vaya a ser como el discurso de Sheinbaum \u201cy PRONTO contaremos con un tren\u201d para la conexi\u00f3n con la CDMX.<\/p>\n<p>Mientras, podemos enterarnos qui\u00e9n fue Felipe \u00c1ngeles medido con la misma vara que a Benito Ju\u00e1rez.<\/p>\n<p><b>*Conductor del programa VaEnSerio mexiquensetv canal 34,2 izzi 135<\/b><\/p>\n","protected":false},"excerpt":{"rendered":"<p>Se comenta solo&#8230;<\/p>\n","protected":false},"author":1168,"featured_media":36082,"comment_status":"open","ping_status":"open","sticky":false,"template":"","format":"standard","meta":{"tdm_status":"","tdm_grid_status":"","footnotes":""},"categories":[25],"tags":[],"_links":{"self":[{"href":"https:\/\/dralvarez.com.mx\/larevista\/wp-json\/wp\/v2\/posts\/21210"}],"collection":[{"href":"https:\/\/dralvarez.com.mx\/larevista\/wp-json\/wp\/v2\/posts"}],"about":[{"href":"https:\/\/dralvarez.com.mx\/larevista\/wp-json\/wp\/v2\/types\/post"}],"author":[{"embeddable":true,"href":"https:\/\/dralvarez.com.mx\/larevista\/wp-json\/wp\/v2\/users\/1168"}],"replies":[{"embeddable":true,"href":"https:\/\/dralvarez.com.mx\/larevista\/wp-json\/wp\/v2\/comments?post=21210"}],"version-history":[{"count":1,"href":"https:\/\/dralvarez.com.mx\/larevista\/wp-json\/wp\/v2\/posts\/21210\/revisions"}],"predecessor-version":[{"id":36081,"href":"https:\/\/dralvarez.com.mx\/larevista\/wp-json\/wp\/v2\/posts\/21210\/revisions\/36081"}],"wp:featuredmedia":[{"embeddable":true,"href":"https:\/\/dralvarez.com.mx\/larevista\/wp-json\/wp\/v2\/media\/36082"}],"wp:attachment":[{"href":"https:\/\/dralvarez.com.mx\/larevista\/wp-json\/wp\/v2\/media?parent=21210"}],"wp:term":[{"taxonomy":"category","embeddable":true,"href":"https:\/\/dralvarez.com.mx\/larevista\/wp-json\/wp\/v2\/categories?post=21210"},{"taxonomy":"post_tag","embeddable":true,"href":"https:\/\/dralvarez.com.mx\/larevista\/wp-json\/wp\/v2\/tags?post=21210"}],"curies":[{"name":"wp","href":"https:\/\/api.w.org\/{rel}","templated":true}]}}