{"id":21202,"date":"2022-03-24T00:00:00","date_gmt":"2022-03-24T06:00:00","guid":{"rendered":"https:\/\/dralvarez.com.mx\/larevista\/blog\/abyectos"},"modified":"2024-02-23T12:10:09","modified_gmt":"2024-02-23T18:10:09","slug":"abyectos","status":"publish","type":"post","link":"https:\/\/dralvarez.com.mx\/larevista\/opiniones\/abyectos","title":{"rendered":"Abyectos"},"content":{"rendered":"<p><b><i>Se comenta solo&#8230;<\/i>, por: Carlos Ramos Padilla.*<\/b><\/p>\n<\/p>\n<p>El presidente logr\u00f3 armar su espect\u00e1culo a\u00e9reo. Inaugur\u00f3 una terminal sin concluir, deficiente, sin agua en los ba\u00f1os tem\u00e1ticos, con ambulantaje, acarreados, manifestaciones contra el gobierno, tiendas improvisadas. Los discursos folcl\u00f3ricos y lambiscones muy lejanos a la realidad que vive el pa\u00eds, a sus necesidades y cargados de alabanzas al presidente.<\/p>\n<p>Pero ah\u00ed en primera fila sentados algunos personajes duramente cuestionados por sus irregularidades y contin\u00faan en la n\u00f3mina oficial. Olga S\u00e1nchez Cordero envuelta en un esc\u00e1ndalo de abusos e intereses pol\u00edticos; Marcelo Ebrard, con pifias diplom\u00e1ticas sin resolver c\u00f3mo Panam\u00e1, Parlamento Europeo y otros m\u00e1s que sumados a los linchamientos en Tl\u00e1huac y los malos manejos en el Sistema de Transporte Colectivo (Metro); Claudia Sheinbaum guardando silencio con la tragedia del Colegio R\u00e9bsamen y con los fallecidos de la L\u00ednea 12 (solo falt\u00f3 anunciar que en los soportes del AIFA emplearon los mismos pernos que en la l\u00ednea colapsada); Omar Fayad negociando una embajada a cambio de protecci\u00f3n en el m\u00e1s claro ejemplo de c\u00f3mo ser comerciante en la pol\u00edtica.<\/p>\n<p>Un ramillete de personajes que han escandalizado al mundo pero que usando el micr\u00f3fono abundan en los beneficios que la naci\u00f3n no ve c\u00f3mo estabilidad econ\u00f3mica, paz social, y seguridad nacional. Incluso como es su costumbre, Sheinbaum, provocadora anticip\u00f3 que hasta los que estuvieron en contra del aeropuerto \u201clo disfrutaran\u2026 en silencio\u201d. Un aeropuerto no civil sino militar con privilegios \u00fanicos para los altos mandos como su zona residencial.<\/p>\n<p>Un aeropuerto insuficiente para lo que el pa\u00eds requiere a mediano plazo. Un aeropuerto sin v\u00edas de comunicaci\u00f3n seguras y confiables. Pero fue su fiesta, engalanada con videograbaciones de Epigmenio Ibarra y malos chistes (recordando a Pe\u00f1a Nieto) que \u201cle salen del alma\u201d a la esposa del mandatario. Pronto ir\u00e1n flotando las anomal\u00edas.<\/p>\n<p>No tarda el registro de gastos ostentosos \u00fanicamente para cumplir la fecha de la inauguraci\u00f3n. Quiz\u00e1 el suelo de Texcoco sea arcilloso como lo manifest\u00f3 Sheinbaum, pero no menos poroso en donde se est\u00e1 imponiendo al Tren Maya. Quiz\u00e1 Texcoco se inunde, pero no m\u00e1s que donde se edifica la refiner\u00eda de Dos Bocas. Pronto se reventar\u00e1n los globos festivos de la inauguraci\u00f3n.<\/p>\n<p>Mejor, quienes estaban ah\u00ed aplaudiendo, deber\u00edan dar la cara a la naci\u00f3n y responder ante tantos il\u00edcitos, abusos de poder, enriquecimiento y enga\u00f1os en los que han sido exhibidos, incluyendo la fascinaci\u00f3n por los lujos de los hijos del mandatario. Se cumpli\u00f3 porque llevaron a \u201cpasajeros\u201d un d\u00eda antes a Venezuela para regresarlos en el primer vuelo internacional.<\/p>\n<p>Si, se cumpli\u00f3 con la fecha, porque se usaron recursos de la naci\u00f3n en exceso como la mano de obra de 50 mil soldados mexicanos trabajando 24 horas. Se cumpli\u00f3 porque el dinero fluy\u00f3 mucho m\u00e1s r\u00e1pido para esa obra que para auxiliar a los Tabasque\u00f1os por las inundaciones o a los ni\u00f1os enfermos de c\u00e1ncer.<\/p>\n<p>Se cumpli\u00f3 porque se tuvo cuidado que los accesos a la terminal a\u00e9rea no fueran bloqueados como en Guerrero por los activistas de Ayotzinapa. Se cumpli\u00f3 porque gran parte de los turistas recibidos ven\u00edan de Tabasco y eran de\u2026 Morena. Es muy f\u00e1cil cumplir usando el patrimonio de los dem\u00e1s.<\/p>\n<p>As\u00ed pues, si, es f\u00e1cil aplaudir. Cosa curiosa, desde su aprehensi\u00f3n, liberaci\u00f3n, repatriaci\u00f3n y exoneraci\u00f3n el Gral. Salvador Cienfuegos se present\u00f3 a la ceremonia de inauguraci\u00f3n de Santa Luc\u00eda, pero la gran Estrella, la que se hizo viral fue\u2026 la tlayuda.<\/p>\n<p><b>*Conductor del programa VaEnSerio mexiquensetv canal 34.2 izzi 135<\/b><\/p>\n<p><\/p>\n","protected":false},"excerpt":{"rendered":"<p>Se comenta solo&#8230;<\/p>\n","protected":false},"author":1168,"featured_media":36075,"comment_status":"open","ping_status":"open","sticky":false,"template":"","format":"standard","meta":{"tdm_status":"","tdm_grid_status":"","footnotes":""},"categories":[25],"tags":[],"_links":{"self":[{"href":"https:\/\/dralvarez.com.mx\/larevista\/wp-json\/wp\/v2\/posts\/21202"}],"collection":[{"href":"https:\/\/dralvarez.com.mx\/larevista\/wp-json\/wp\/v2\/posts"}],"about":[{"href":"https:\/\/dralvarez.com.mx\/larevista\/wp-json\/wp\/v2\/types\/post"}],"author":[{"embeddable":true,"href":"https:\/\/dralvarez.com.mx\/larevista\/wp-json\/wp\/v2\/users\/1168"}],"replies":[{"embeddable":true,"href":"https:\/\/dralvarez.com.mx\/larevista\/wp-json\/wp\/v2\/comments?post=21202"}],"version-history":[{"count":1,"href":"https:\/\/dralvarez.com.mx\/larevista\/wp-json\/wp\/v2\/posts\/21202\/revisions"}],"predecessor-version":[{"id":36074,"href":"https:\/\/dralvarez.com.mx\/larevista\/wp-json\/wp\/v2\/posts\/21202\/revisions\/36074"}],"wp:featuredmedia":[{"embeddable":true,"href":"https:\/\/dralvarez.com.mx\/larevista\/wp-json\/wp\/v2\/media\/36075"}],"wp:attachment":[{"href":"https:\/\/dralvarez.com.mx\/larevista\/wp-json\/wp\/v2\/media?parent=21202"}],"wp:term":[{"taxonomy":"category","embeddable":true,"href":"https:\/\/dralvarez.com.mx\/larevista\/wp-json\/wp\/v2\/categories?post=21202"},{"taxonomy":"post_tag","embeddable":true,"href":"https:\/\/dralvarez.com.mx\/larevista\/wp-json\/wp\/v2\/tags?post=21202"}],"curies":[{"name":"wp","href":"https:\/\/api.w.org\/{rel}","templated":true}]}}