{"id":21200,"date":"2022-03-24T00:00:00","date_gmt":"2022-03-24T06:00:00","guid":{"rendered":"https:\/\/dralvarez.com.mx\/larevista\/blog\/burla-e-intriga"},"modified":"2024-02-23T12:10:06","modified_gmt":"2024-02-23T18:10:06","slug":"burla-e-intriga","status":"publish","type":"post","link":"https:\/\/dralvarez.com.mx\/larevista\/opiniones\/burla-e-intriga","title":{"rendered":"Burla e intriga"},"content":{"rendered":"<\/p>\n<p><b><i>Se comenta solo&#8230;<\/i>, por: Carlos Ramos Padilla.*<\/b><\/p>\n<\/p>\n<p>No encontr\u00e9 otras definiciones para lo que hemos visto en esta administraci\u00f3n que burla e intriga. Las confrontaciones presidenciales cotidianas, e golpeteo contra medios de comunicaci\u00f3n, empresarios y sociedad son la marca, pero revisando los conflictos generados, tolerados, financiados o heredados todos sobresalen por una abierta red de irregularidades, trampas, mentiras y juego sucio.<\/p>\n<p>El presidente se entretiene con sus mega obras y reh\u00faye la irresponsabilidad con que se manejan prioridades nacionales. Los casos m\u00e1s recientes, Jos\u00e9 Ram\u00f3n Lopez, la reprobable violencia en el estadio La Corregidora y hoy el esc\u00e1ndalo entre Julio Scherer, Olga S\u00e1nchez Cordero, Gertz Manero y Santiago Nieto.<\/p>\n<p>El escaparate de la pol\u00edtica mexicana empa\u00f1a d\u00eda con d\u00eda con soberbios desplantes como las contestaciones oficiales del gobierno federal al Parlamento Europeo. No se trata de descubrir o jugar con las palabras. Lo concreto es el asesinato de periodistas y constatamos que son los que m\u00e1s se acercan al gobierno a demandar seguridad los que son acribillados.<\/p>\n<p>M\u00e9xico ha sido mal, muy mal calificado en el mundo por el manejo de la pandemia (que al parecer ni al gobierno ni a nosotros nos importan las muertes diarias), en materia de educaci\u00f3n y fundamentalmente en seguridad p\u00fablica. No se pude tomar en serio las declaraciones de AMLO porque disfraza y evade, se burla y calla.<\/p>\n<p>Sus desgastadas frases de \u201cabrazos no balazos\u201d o \u201clo que diga mi dedito\u201d o \u201cya chole\u201d o \u201cun pueblo feliz, feliz\u201d no llenan la expectativa nacional por solucionar la crisis econ\u00f3mica en la que nos encontramos.<\/p>\n<p>Sus \u201cotros datos\u201d nunca conocidos representan el menosprecio a los que le cuestionan. Estallan las intrigas en Palacio, la guerra abierta entre Ebrard, Sheinbaum y Monreal apenas asoman y lo que nos espera con Scherer, S\u00e1nchez y Gertz y en este \u00faltimo caso estamos hablando ni m\u00e1s ni menos que de la consejer\u00eda jur\u00eddica de la presidencia, la secretar\u00eda de gobernaci\u00f3n y la Fiscal\u00eda General de la Republica. Los otros antes mencionados no son alpiste pol\u00edtico: representan a Relaciones Exteriores, la gobernabilidad de la CDMX y al Senado de la Republica.<\/p>\n<p>Est\u00e1s, dir\u00eda, son las consecuencias de esta nociva gimnasia que le gusta practicar al presidente: la provocaci\u00f3n y la confrontaci\u00f3n. Incluso \u00e9l mismo se present\u00f3 como el \u201cdestapador\u201d de \u201ccorcholatas\u201d.<\/p>\n<p>Pero por otra lado la ambici\u00f3n y la ausencia de moral son tan notarias como el cinismo con que se retiran cuando se enfrentan a conflictos serios como Ebrard que responde \u201cese es otro tema\u201d cuando se le pregunta del Parlamento Europeo y se retira, Sheinbaum que evade el tema de la L\u00ednea 12 y la impunidad de Serran\u00eda, o S\u00e1nchez Cordero que solo en Twitter anticipa \u201cde mi parte doy por cerrado este tema\u201d.<\/p>\n<p><b>*Conductor del programa VaEnSerio mexiquensetv canal 34.2 izzi 135.<\/b><\/p>\n","protected":false},"excerpt":{"rendered":"<p>Se comenta solo&#8230;<\/p>\n","protected":false},"author":1168,"featured_media":36073,"comment_status":"open","ping_status":"open","sticky":false,"template":"","format":"standard","meta":{"tdm_status":"","tdm_grid_status":"","footnotes":""},"categories":[25],"tags":[],"_links":{"self":[{"href":"https:\/\/dralvarez.com.mx\/larevista\/wp-json\/wp\/v2\/posts\/21200"}],"collection":[{"href":"https:\/\/dralvarez.com.mx\/larevista\/wp-json\/wp\/v2\/posts"}],"about":[{"href":"https:\/\/dralvarez.com.mx\/larevista\/wp-json\/wp\/v2\/types\/post"}],"author":[{"embeddable":true,"href":"https:\/\/dralvarez.com.mx\/larevista\/wp-json\/wp\/v2\/users\/1168"}],"replies":[{"embeddable":true,"href":"https:\/\/dralvarez.com.mx\/larevista\/wp-json\/wp\/v2\/comments?post=21200"}],"version-history":[{"count":1,"href":"https:\/\/dralvarez.com.mx\/larevista\/wp-json\/wp\/v2\/posts\/21200\/revisions"}],"predecessor-version":[{"id":36072,"href":"https:\/\/dralvarez.com.mx\/larevista\/wp-json\/wp\/v2\/posts\/21200\/revisions\/36072"}],"wp:featuredmedia":[{"embeddable":true,"href":"https:\/\/dralvarez.com.mx\/larevista\/wp-json\/wp\/v2\/media\/36073"}],"wp:attachment":[{"href":"https:\/\/dralvarez.com.mx\/larevista\/wp-json\/wp\/v2\/media?parent=21200"}],"wp:term":[{"taxonomy":"category","embeddable":true,"href":"https:\/\/dralvarez.com.mx\/larevista\/wp-json\/wp\/v2\/categories?post=21200"},{"taxonomy":"post_tag","embeddable":true,"href":"https:\/\/dralvarez.com.mx\/larevista\/wp-json\/wp\/v2\/tags?post=21200"}],"curies":[{"name":"wp","href":"https:\/\/api.w.org\/{rel}","templated":true}]}}