{"id":21194,"date":"2022-03-24T00:00:00","date_gmt":"2022-03-24T06:00:00","guid":{"rendered":"https:\/\/dralvarez.com.mx\/larevista\/blog\/lo-primero-es-la-salud"},"modified":"2024-02-23T12:09:54","modified_gmt":"2024-02-23T18:09:54","slug":"lo-primero-es-la-salud","status":"publish","type":"post","link":"https:\/\/dralvarez.com.mx\/larevista\/opiniones\/lo-primero-es-la-salud","title":{"rendered":"Lo Primero es la Salud"},"content":{"rendered":"<p><b>Por: Jorge Valladares S\u00e1nchez.*<\/b><\/p>\n<p><b>En Facebook y en Youtube:&nbsp;Dr. Jorge Valladares.<\/b><\/p>\n<p><b><\/b><\/p>\n<blockquote><p><b>Lo Primero es la Salud<\/b><br \/><i>\u2026 \u00bfy los medicamentos, &#8216;Ap\u00e1?<\/i><\/p><\/blockquote>\n<p>Salud, dinero y amor, dec\u00eda la canci\u00f3n. Lo primero es la salud, decimos actualmente ante la carencia del segundo y la complicaci\u00f3n del tercero. En ambos casos va primero, y tal vez sea por la idea de que teniendo salud todo lo dem\u00e1s se puede.<\/p>\n<p>Sin embargo, como tantas y tantas palabras en esta maldita posmodernidad, cada cual entiende en ello lo que quiere o lo que superficialmente parece. Desde la respetable OMS que extendi\u00f3 hace d\u00e9cadas la idea antigua de ausencia de enfermedad y la elevo a un estado pleno de bienestar, hasta el poder levantarse y sobrevivir que es la realidad cotidiana de cientos (de miles) de compatriotas. Bueno, hasta al chocar los vasos (ya ni siquiera copas) hacemos alusi\u00f3n a la salud.<\/p>\n<p>Remedios caseros o de la abuela; echarle ganas; aguantar que al rato se pasa; una sobadita VapoRub, que hasta el CoViD cura; otra sobadita, aunque sea sin VapoRub; sopita de pollo para el alma; bueno, mi mam\u00e1 nos daba manzanita sol y mis ni\u00f1as piden cremita o una curita y con ello siguen adelante.<\/p>\n<p>Y eso sin meternos a las otras facetas de la salud, las que tienen que ver con ese estado general con el que funcionamos. Las dietas que mensualmente iniciaremos, por la figura y no por la nutrici\u00f3n; el programa de ejercicio que anualmente pagamos y demuestra que estamos realmente decididos\/as a cambiar; la eliminaci\u00f3n de gente \u201ct\u00f3xica\u201d que tanto prometemos en face, a cambio de unos cuantos likes, que dejar\u00edamos de recibir si cumpli\u00e9ramos la amenaza\u2026<\/p>\n<p>Pero, en casa, tal vez, o en la familia amplia, todos tenemos alguien a quien por m\u00e1s que comparta esta cultura dispersa de lo que es la salud, d\u00eda a d\u00eda experimenta su ant\u00edtesis: la enfermedad. Con constante dolor, riesgo creciente y en casos extremos la inminencia de la muerte ante la dependencia de medicamentos, atenci\u00f3n o equipo m\u00e9dico. All\u00ed donde ni el remedio ni la esperanza son suficientes, se necesitan, por lo menos, dos actitudes: la claridad de que la salud es un derecho, que corresponde a la autoridad cumplir y la conciencia de que todos (enfermos o no) tenemos que hacerlo valer.<\/p>\n<p>Si no es tan claro lo que digo o parece distante a tu realidad, prueba pasar, s\u00f3lo pasar, por el acceso de urgencias de nuestros Hospital O\u2019Hor\u00e1n o el servicio p\u00fabico que te quede m\u00e1s cercano, y mira\u2026 ni siquiera te pido que entres; s\u00f3lo imagina que es un familiar (o t\u00fa mismo\/a) quien tuviera que estar all\u00ed. Y, entonces calcula, pues el impacto de verlo es demasiado, la situaci\u00f3n de quienes tienen que estar dentro por semanas. O peor, quienes no pueden estar dentro, por falta de cobertura del servicio, y desde sus casas enfrentan m\u00e1s que una emergencia, una enfermedad cr\u00f3nica, desprovistos de medicamentos, atenci\u00f3n o equipo de los que depende su vida, o por lo menos su calidad de vida.<\/p>\n<p>Hoy comparto que existe un movimiento en nuestro M\u00e9xico que est\u00e1 procurando hacer algo al respecto; se llama #CeroDesabasto y focaliza el tema de los medicamentos y el problema que la persona a la que contratamos como Presidente puso de moda al eliminar de tajo el sistema de abastecimiento en los servicios de salud, con el objetivo declarado de erradicar la corrupci\u00f3n que se acusa hab\u00eda y para muchos parec\u00eda evidente.<\/p>\n<p>La situaci\u00f3n de familias que tienen ni\u00f1os enfermos de c\u00e1ncer y el efecto de la falta de provisi\u00f3n de medicamentos es s\u00f3lo la cara, hoy visible, de una problem\u00e1tica que data de muchos a\u00f1os atr\u00e1s, que afecta a millones de familias en nuestro pa\u00eds y que tendr\u00eda que estar progresivamente en camino de solucionarse por la autoridad. Estamos cada vez m\u00e1s lejos de eso.<\/p>\n<p>Andr\u00e9s Casta\u00f1eda lo plantea de este modo: \u201cLa pol\u00edtica es de nosotrxs, las mam\u00e1s y pap\u00e1s de los ni\u00f1os con c\u00e1ncer, quienes vivimos con diabetes e hipertensi\u00f3n, los pacientes postransplantados, quienes vivimos con alguna enfermedad de baja prevalencia y de todas las personas quienes usamos el sistema de salud. La pol\u00edtica es de los miles de mexicanas a las que no se nos surten efectivamente nuestras recetas, de la sociedad civil, y de las miles de profesionales de salud. La pol\u00edtica es de nosotroxs y por eso es que nos hemos organizado en el Colectivo Cero Desabasto desde hace ya m\u00e1s de dos a\u00f1os integrando hoy un grupo con m\u00e1s de 63 organizaciones y grupos de pacientes\u201d.<\/p>\n<p>Se refiere a una de las principales causas en las que Nosotrxs por la Democracia, A.C. procuramos combinar la disposici\u00f3n de ciudadanos\/as de todo el pa\u00eds para que #EnBola nos aseguremos de tener todos los derechos al acceso de todos\/as las personas. Y en ese andar se han sumado m\u00e1s de 80 organizaciones ciudadanas y hay el espacio para que en lo individual o colectivo nos integremos a exigir y defender ese derecho humano, a la salud, a la vida.<\/p>\n<p>Te invito a contactarnos para unirte si el tema te importa o est\u00e1s en una organizaci\u00f3n que va en el mismo sentido. Podemos hacer mucho m\u00e1s y m\u00e1s r\u00e1pido si combinamos nuestro hacer. Urge una soluci\u00f3n a esto, lo sabes y lo sabemos.<\/p>\n<p>Los n\u00fameros concretos y la panor\u00e1mica del alcance de la situaci\u00f3n est\u00e1 objetiva y claramente documentada en lo que se llama la Radiograf\u00eda del Desabasto: Informe de Transparencia en Salud 2017-2021, disponible en la p\u00e1gina nosotrxs.org y otras.<\/p>\n<p>Entre la polarizaci\u00f3n imperante en M\u00e9xico no cabe este tema, no podemos permitirnos eso tambi\u00e9n. Quienes lo padecen lo saben y no han tenido respuesta; quienes tenemos la fortuna de no padecerlo, tenemos que ser sensibles a esta situaci\u00f3n, incluso por el mezquino motivo de que nos puede llegar a afectar. <\/p>\n<p>El problema viene de sexenios. S\u00ed parece evidente la corrupci\u00f3n en el sistema preexistente, pero nada hay que nos indique que se investig\u00f3, juzg\u00f3 y castig\u00f3 a quienes fueran responsables. Eliminar el sistema existente, lejos de solucionar algo, agrav\u00f3 el desabasto de manera casi criminal y hay nuevas se\u00f1ales de corrupci\u00f3n ante ese caos. Pero el tema es que, como en todo lo que es prioritario para nuestra gente: la autoridad tiene que disponer una soluci\u00f3n, y ante la falta de ello, la ciudadan\u00eda tiene que mantener una firme y efectiva exigencia para que lo haga.<\/p>\n<p>En el mensaje que dio Andr\u00e9s Manuel en el Z\u00f3calo al cumplir tres a\u00f1os de gobernar afirm\u00f3 que se ha garantizado la salud p\u00fablica. No es broma, eso dijo. Prometi\u00f3 que desde enero las fuerzas armadas distribuir\u00edan medicamentos para llegar a todo el Pa\u00eds y antes de terminar su mandato cualquier persona ser\u00e1 atendida con m\u00e9dicos, especialistas, estudios y medicamentos gratuitos. Yo no creo que ni siquiera \u00e9l lo crea, aunque s\u00e9 que hay quien s\u00ed cree que al menos \u00e9l lo cree. Pero el punto es que todo el sistema de salud, bajo su autoridad, tiene que empezar a hacer lo correcto. Quienes creemos que las cosas est\u00e1n peor en ese tema unirnos en la exigencia y en solidaridad con quienes padecen los efectos. Y quienes creen que las cosas van mejor que nunca o que es entendible que las cosas est\u00e9n como est\u00e1n, pero van a mejorar, apoyar, solidariamente, que se cumpla (al menos le eche ganitas a intentarlo) la promesa de que cualquier persona tendr\u00e1 lo que todos merecemos tener, al menos en esa materia tan vital.<\/p>\n<p>Como afirma Andr\u00e9s (Casta\u00f1eda, no el otro) el desabasto s\u00ed es un tema pol\u00edtico, nos importa o debe importar a todos que es lo que significa correctamente la palabra; pero no de politiquer\u00eda, que es lo que hacen quienes insisto en llamar los pol\u00edticos\/as perennes, incapaces de entender que al ganar el puesto deben quitarse la playera de color, ponerse la de servidor p\u00fablico, y ganarse el siguiente puesto con resultados.<\/p>\n<p><small>&#8212;&#8212;&#8212;&#8212;&#8212;&#8212;&#8212;&#8212;&#8212;&#8212;&#8212;&#8212;-<\/small><br \/><b><small>*Jorge Valladares S\u00e1nchez<\/small><\/b><br \/><small>Pap\u00e1, Ciudadano, Consultor.<\/small><br \/><small>Representante en Yucat\u00e1n de Nosotrxs por la Democracia, A.C.<\/small><br \/><small>Coordinador Nacional de Red C\u00edvica Mx, A.C.<\/small><br \/><small>Doctor en Ciencias Sociales.<\/small><br \/><small>Doctor en Derechos Humanos.<\/small><\/p>\n","protected":false},"excerpt":{"rendered":"<p>\u2026 \u00bfy los medicamentos, &#8216;Ap\u00e1?<\/p>\n","protected":false},"author":1112,"featured_media":36067,"comment_status":"open","ping_status":"open","sticky":false,"template":"","format":"standard","meta":{"tdm_status":"","tdm_grid_status":"","footnotes":""},"categories":[25],"tags":[],"_links":{"self":[{"href":"https:\/\/dralvarez.com.mx\/larevista\/wp-json\/wp\/v2\/posts\/21194"}],"collection":[{"href":"https:\/\/dralvarez.com.mx\/larevista\/wp-json\/wp\/v2\/posts"}],"about":[{"href":"https:\/\/dralvarez.com.mx\/larevista\/wp-json\/wp\/v2\/types\/post"}],"author":[{"embeddable":true,"href":"https:\/\/dralvarez.com.mx\/larevista\/wp-json\/wp\/v2\/users\/1112"}],"replies":[{"embeddable":true,"href":"https:\/\/dralvarez.com.mx\/larevista\/wp-json\/wp\/v2\/comments?post=21194"}],"version-history":[{"count":1,"href":"https:\/\/dralvarez.com.mx\/larevista\/wp-json\/wp\/v2\/posts\/21194\/revisions"}],"predecessor-version":[{"id":36066,"href":"https:\/\/dralvarez.com.mx\/larevista\/wp-json\/wp\/v2\/posts\/21194\/revisions\/36066"}],"wp:featuredmedia":[{"embeddable":true,"href":"https:\/\/dralvarez.com.mx\/larevista\/wp-json\/wp\/v2\/media\/36067"}],"wp:attachment":[{"href":"https:\/\/dralvarez.com.mx\/larevista\/wp-json\/wp\/v2\/media?parent=21194"}],"wp:term":[{"taxonomy":"category","embeddable":true,"href":"https:\/\/dralvarez.com.mx\/larevista\/wp-json\/wp\/v2\/categories?post=21194"},{"taxonomy":"post_tag","embeddable":true,"href":"https:\/\/dralvarez.com.mx\/larevista\/wp-json\/wp\/v2\/tags?post=21194"}],"curies":[{"name":"wp","href":"https:\/\/api.w.org\/{rel}","templated":true}]}}