{"id":21184,"date":"2022-03-24T00:00:00","date_gmt":"2022-03-24T06:00:00","guid":{"rendered":"https:\/\/dralvarez.com.mx\/larevista\/blog\/conflictos-internos-en-el-pri-yucatan"},"modified":"2024-02-23T12:09:36","modified_gmt":"2024-02-23T18:09:36","slug":"conflictos-internos-en-el-pri-yucatan","status":"publish","type":"post","link":"https:\/\/dralvarez.com.mx\/larevista\/opiniones\/conflictos-internos-en-el-pri-yucatan","title":{"rendered":"Conflictos internos en el PRI Yucat\u00e1n"},"content":{"rendered":"<p><b><i>Contacto con la Pol\u00edtica Nacional<\/i>, por:&nbsp;Baltasar Barbolla.&nbsp;<\/b><\/p>\n<\/p>\n<blockquote>\n<ul>\n<li><b>Conflictos internos en el PRI Yucat\u00e1n.<\/b><\/li>\n<li><b>Fallece Francisco Sol\u00eds Pe\u00f3n.<\/b><\/li>\n<\/ul>\n<\/blockquote>\n<\/p>\n<p><b><i>Conflictos<br \/>\ninternos en el PRI Yucat\u00e1n<\/i><\/b><\/p>\n<p><b>CDMX.-<\/b> De<br \/>\n\u201cmostrar m\u00fasculo\u201d, el PRI Yucat\u00e1n pas\u00f3 a las agresiones luego de que el senador<br \/>\n<b>Jorge Carlos Ram\u00edrez Mar\u00edn<\/b> y sus<br \/>\nsimpatizantes arremetieron en contra del presidente del Comit\u00e9 Directivo<br \/>\nEstatal (CDE) del tricolor, <b>Francisco<br \/>\nTorres Rivas<\/b>, por presuntamente haberle negado la palabra a la secretaria<br \/>\ngeneral <b>Lila Fr\u00edas<\/b> durante la sesi\u00f3n<br \/>\nextraordinaria del Consejo Pol\u00edtico que se llev\u00f3 a cabo a principios de semana.<br \/>\n\u2013comparti\u00f3 a los presentes la empresaria, con lo cual inici\u00f3 nuestra ya<br \/>\ntradicional pl\u00e1tica en el Balmoral- Esta operaci\u00f3n pol\u00edtica, la cual es<br \/>\ncontraria a los llamados de unidad que ha hecho la militancia priista en<br \/>\nsemanas pasadas, parece tener el objetivo de golpear el liderazgo de \u201cPanchito\u201d<br \/>\nTorres y as\u00ed lograr su renuncia.<\/p>\n<p>-Yo estuve presente en dicha sesi\u00f3n, aunque mediante<br \/>\nZoom pues fue semipresencial. \u2013dijo nuestro amigo priista yucateco, el cual<br \/>\nvino a visitarnos esta semana- Por la pandemia, s\u00f3lo un reducido grupo de<br \/>\nmilitantes acudieron a la Casa del Pueblo, sede del PRI Yucat\u00e1n, para la sesi\u00f3n.<br \/>\nEntre estos militantes que asistieron de forma presencial, se encontraba el<br \/>\npresidente Francisco Torres, miembros del CDE, legisladores priistas, la<br \/>\ntitular de la Federaci\u00f3n Nacional de Municipios de M\u00e9xico (FENAMM) en Yucat\u00e1n,<br \/>\nexpresidentes del CDE y l\u00edderes sectoriales.<\/p>\n<p>&#8211; \u00bfLa secretaria Lila Fr\u00edas acudi\u00f3 a la Casa del<br \/>\nPueblo? \u2013pregunt\u00f3 uno de los presentes<\/p>\n<p>-No, ella asisti\u00f3 de manera virtual. \u2013respondi\u00f3 el<br \/>\npriista- De hecho, el problema surgi\u00f3 porque pidi\u00f3 la palabra en el chat del<br \/>\nZoom al inicio de la sesi\u00f3n, pero no se la dieron en ese momento pues, seg\u00fan<br \/>\nexplic\u00f3 el secretario t\u00e9cnico del CDE, el reglamento interno del tricolor<br \/>\nestipula que en las sesiones extraordinarias s\u00f3lo puede tratarse lo expuesto en<br \/>\nel Orden del D\u00eda y no hay espacio para asuntos generales. Sin embargo, de<br \/>\nacuerdo con lo dicho por este secretario, el presidente \u201cPanchito\u201d Torres dio<br \/>\nla instrucci\u00f3n de permitirle la palabra al final de la sesi\u00f3n a quienes<br \/>\ntuviesen el deseo de hablar debido a las solicitudes.<\/p>\n<p>-Entonces, \u00bfs\u00ed le dieron la palabra? \u2013pregunt\u00f3 la<br \/>\nperiodista- Le\u00ed algunas publicaciones en redes sociales en las cuales ella dijo<br \/>\nque no le permitieron hablar.<\/p>\n<p>-S\u00ed habl\u00f3, pero su intervenci\u00f3n ya no era oportuna al<br \/>\nfinal de la sesi\u00f3n pues quer\u00eda proponer que se modificara el Orden del D\u00eda para<br \/>\ndiscutir el tema del presupuesto m\u00e1s a fondo en una pr\u00f3xima sesi\u00f3n. \u2013contest\u00f3<br \/>\nel priista- Al tomar la palabra, agradeci\u00f3 que se le haya dado el espacio para<br \/>\nhablar y en ning\u00fan momento atac\u00f3 o se\u00f1al\u00f3 a Torres Rivas, aunque s\u00ed subray\u00f3 que<br \/>\nya no era oportuna su propuesta.<\/p>\n<p>-Esto que comenta nuestro amigo priista es muy<br \/>\ndiferente a lo que Lila Fr\u00edas public\u00f3 posteriormente en sus redes sociales<br \/>\npues, en \u00e9stas, tom\u00f3 una posici\u00f3n hostil y lament\u00f3 que en el PRI Yucat\u00e1n<br \/>\nactualmente haya simulaci\u00f3n y falta de transparencia, as\u00ed como tambi\u00e9n reproch\u00f3<br \/>\nque no se le diera la palabra cuando la pidi\u00f3. Igualmente, se\u00f1al\u00f3 que quienes<br \/>\npiensan diferente son considerados enemigos y que el tricolor le est\u00e1 faltando<br \/>\na la militancia y actuando con soberbia.<\/p>\n<p>-El senador <b>Jorge<br \/>\nCarlos Ram\u00edrez Mar\u00edn<\/b> comparti\u00f3 la publicaci\u00f3n de <b>Lila Fr\u00edas<\/b> y a\u00f1adi\u00f3 que rechazaba las decisiones del PRI Yucat\u00e1n.<br \/>\nTambi\u00e9n critic\u00f3 el actuar del CDE y lament\u00f3 que el partido no escuche a las<br \/>\nmujeres. \u2013intervino la empresaria- Simpatizantes y miembros del equipo de<br \/>\nRam\u00edrez Mar\u00edn igual respaldaron a la secretar\u00eda general e insistieron en que el<br \/>\nCDE hab\u00eda cometido un presunto acto de violencia de g\u00e9nero.<\/p>\n<p>-Por su parte, Francisco Torres public\u00f3 un mensaje en<br \/>\nel cual insist\u00eda en la necesidad de lograr una alianza interna dentro del<br \/>\npartido y ped\u00eda dejar atr\u00e1s la pol\u00edtica de conflictos y divisiones. Asimismo,<br \/>\nen una rueda de prensa organizada para reprochar la disposici\u00f3n federal de<br \/>\neliminar las Escuelas de Tiempo Completo, el secretario t\u00e9cnico del CDE<br \/>\naprovech\u00f3 para compartir la postura institucional de lo ocurrido.<\/p>\n<p>&#8211; Ya veo. \u00bfEn qu\u00e9 consisti\u00f3 la postura institucional<br \/>\ndel PRI Yucat\u00e1n? \u2013pregunt\u00f3 el pol\u00edtico<\/p>\n<p>-En reiterar el respeto absoluto a las y los<br \/>\nconsejeros y militantes; en recordar que la vida interna y las sesiones est\u00e1n<br \/>\nreglamentadas por estatutos y el reglamento interno; en anunciar que, mientras<br \/>\nel sem\u00e1foro epidemiol\u00f3gico est\u00e9 en verde, las sesiones ser\u00edan presenciales para<br \/>\nevitar futuras confusiones como la que sucedi\u00f3; y, finalmente, en se\u00f1alar que<br \/>\nel PRI no ahondar\u00e1 en este problema en medios pues existen mecanismos internos<br \/>\npara resolver esos conflictos.<\/p>\n<p>-Todo indica a que \u00e9ste no fue un caso espont\u00e1neo<br \/>\nproducto de una presunta injusticia, sino que fue una operaci\u00f3n pol\u00edtica<br \/>\norquestada por <b>Jorge Carlos Ram\u00edrez<br \/>\nMar\u00edn<\/b> y su equipo para golpear el liderazgo de Francisco Torres. Digo esto<br \/>\npues, durante la sesi\u00f3n, eran cuadros plenamente identificados con el senador<br \/>\nRam\u00edrez Mar\u00edn quienes presionaban en torno a la petici\u00f3n de palabra de Lila<br \/>\nFr\u00edas, quien tambi\u00e9n es parte del grupo del \u201cpr\u00f3cer\u201d, y atacaban al presidente<br \/>\ndel tricolor por su supuesta negativa. Adem\u00e1s, \u00e9sta misma l\u00ednea pol\u00edtica<br \/>\nrespald\u00f3 a la secretaria general en redes tras la sesi\u00f3n y, en sinton\u00eda con<br \/>\nRam\u00edrez Mar\u00edn, advirtieron un posible acto de violencia de g\u00e9nero. Lo anterior,<br \/>\nconsiderando que a Fr\u00edas s\u00ed se le dio la palabra en la sesi\u00f3n y que el CDE<br \/>\ndemostr\u00f3 disposici\u00f3n para tratar a fondo el tema presupuestal.<\/p>\n<p>-No me queda claro qu\u00e9 es lo que busca Ram\u00edrez Mar\u00edn<br \/>\ncon estas agresiones. En el contexto actual del PRI Yucat\u00e1n, \u00e9l tiene una de<br \/>\nlas posiciones m\u00e1s favorables, sino es que la m\u00e1s favorable, para poder<br \/>\nconseguir la candidatura que desee en el 2024. \u00bfQu\u00e9 gana con romper la<br \/>\ninstitucionalidad y da\u00f1ar la imagen general del partido? \u2013cuestion\u00f3 el analista<\/p>\n<p>-Es lo que muchos priistas yucatecos nos preguntamos<br \/>\nahora pues es v\u00e1lido que Ram\u00edrez Mar\u00edn tenga dudas sobre el liderazgo o las<br \/>\ncapacidades de \u201cPanchito\u201d Torres, pero hay maneras para resolverlo. Como bien<br \/>\ndice nuestro amigo analista, el \u201cpr\u00f3cer\u201d atent\u00f3 contra la institucionalidad<br \/>\npartidista, una de las caracter\u00edsticas m\u00e1s importantes para la unidad del<br \/>\ntricolor en cualquier \u00e1mbito. \u2013reflexion\u00f3 nuestro amigo priista- Los priistas<br \/>\npodremos estar de acuerdo o no en cuanto a la salida de Torres Rivas, pero la<br \/>\ngran mayor\u00eda rechazamos estos desplantes de politiquer\u00eda propios de una<br \/>\nelecci\u00f3n de bachillerato.<\/p>\n<p>-Estoy seguro de que el presidente Francisco Torres<br \/>\nanticipaba alguna operaci\u00f3n de este tipo en su contra pues, desde hace varias<br \/>\nsemanas, hac\u00eda hincapi\u00e9 durante sus discursos en que hab\u00eda personas dentro del<br \/>\npartido que apostaban por estrategias de divisi\u00f3n y confusi\u00f3n para<br \/>\ndesestabilizar el funcionamiento del CDE. No obstante, dudo que haya anticipado<br \/>\nque la presi\u00f3n ser\u00eda mediante acusaciones de violencia de g\u00e9nero por lo<br \/>\ndelicado del tema.<\/p>\n<p>-Aunque a simple vista no parece haber un acto<br \/>\nconcreto de violencia de g\u00e9nero, existe la posibilidad de que alg\u00fan juzgado o<br \/>\ntribunal defina que s\u00ed lo es pues \u00e9ste es un tema del cual a\u00fan estamos<br \/>\naprendiendo y que constantemente se construye, precisamente, con los criterios<br \/>\nde juzgadores. \u2013explic\u00f3 la abogada- Por esto, ejercer presi\u00f3n con una posible<br \/>\ndenuncia por violencia de g\u00e9nero puede ser bastante efectivo.<\/p>\n<p>-Independientemente de las acusaciones de violencia de<br \/>\ng\u00e9nero, las cuales se resuelven en lo jur\u00eddico como dijo nuestra amiga abogada,<br \/>\nFrancisco Torres tiene argumentos para defender su permanencia en el CDE desde<br \/>\nlo pol\u00edtico. Para empezar, debemos recordar que \u201cPanchito\u201d es presidente por<br \/>\nelecci\u00f3n, lo cual significa que lleg\u00f3 a d\u00f3nde est\u00e1 con el respaldo de la<br \/>\nmilitancia; presionar su salida antes de que termine el periodo para el cual<br \/>\nfue electo (2019-2023) ser\u00eda atentar contra el sufragio de los cuadros que<br \/>\nvotaron por \u00e9l. De igual manera, logr\u00f3 resultados considerables en las<br \/>\nelecciones del 2021; si bien, es cierto que hubo una derrota hist\u00f3rica en lo<br \/>\nlegislativo, se lograron ganar 41 municipios, lo cual representa una gran cifra<br \/>\nsi se considera que el PAN, con el gobierno estatal, gan\u00f3 42. \u2013observ\u00f3 el<br \/>\nconsultor.<\/p>\n<p>&#8211;<b>Francisco<br \/>\nTorres<\/b> se encuentra en una posici\u00f3n compleja pues, como presidente del PRI<br \/>\nYucat\u00e1n, debe apagar fuegos sin contraatacar dado que su principal funci\u00f3n es<br \/>\nmantener la unidad y el funcionamiento del partido a toda costa. Ahora bien, si<br \/>\n<b>Jorge Carlos Ram\u00edrez Mar\u00edn<\/b> decide<br \/>\nabandonar el PRI, entonces Torres Rivas s\u00ed podr\u00eda tener una postura de ataque e<br \/>\nincluso podr\u00eda buscar da\u00f1ar profundamente el liderazgo del \u201cpr\u00f3cer\u201d.<br \/>\n\u2013reflexion\u00f3 el editorialista- Este \u00faltimo escenario ser\u00eda bastante perjudicial<br \/>\npara el PRI Yucat\u00e1n pues Ram\u00edrez Mar\u00edn es probablemente su cuadro m\u00e1s fuerte en<br \/>\nestos momentos. Desafortunadamente para el tricolor, no es un escenario<br \/>\nimposible debido a la actitud hostil que ha mostrado el senador.  <\/p>\n<p>-En el caso de que Torres Rivas deba dejar la<br \/>\npresidencia del PRI Yucat\u00e1n, \u00bfqui\u00e9n entrar\u00eda en su lugar? \u2013pregunt\u00f3 el escritor<\/p>\n<p>-Una opci\u00f3n ser\u00eda <b>Lila<br \/>\nFr\u00edas<\/b> por ser secretaria general; sin embargo, esto ser\u00eda el equivalente a<br \/>\ncrucificarlo ante la militancia lo cual no le conviene al partido. Si sale por esta<br \/>\ncircunstancia, debe ser con total dignidad para garantizar el funcionamiento<br \/>\ndel tricolor. \u2013contest\u00f3 la empresaria- El senador Ram\u00edrez Mar\u00edn igual podr\u00eda<br \/>\ntratar de imponer a alg\u00fan otro miembro de su l\u00ednea, pero ser\u00eda un error pues la<br \/>\nrealidad es que no tiene a gente con el liderazgo para encabezar el CDE. Esto<br \/>\nno significa que no tenga a gente con potencial en su equipo, tiene a muchos<br \/>\ncon grandes capacidades, pero carecen de experiencia y respaldo para ocupar tal<br \/>\npuesto, especialmente por las condiciones en las que entrar\u00eda.<\/p>\n<p>-En efecto, amiga empresaria. \u2013asinti\u00f3 el priista-<br \/>\nQuien entre, debe ser alguien que tenga buena comunicaci\u00f3n con las distintas<br \/>\nl\u00edneas del PRI Yucat\u00e1n y que sea respetado, o respetada, por \u00e9stas.<\/p>\n<p>&#8211; \u00bfHa dicho algo el ex gobernador <b>Rolando Zapata<\/b> sobre el conflicto? Si mal no recuerdo, hace unas<br \/>\nsemanas nos hab\u00edan comentado que en un evento del tricolor dijo que asum\u00eda su<br \/>\nresponsabilidad, como \u00faltimo gobernador priista en Yucat\u00e1n, de encabezar los<br \/>\nesfuerzos hacia la unidad de su partido. \u2013remembr\u00f3 el pol\u00edtico- D\u00edas despu\u00e9s,<br \/>\nfue presentado como nuevo secretario de Alianzas del Comit\u00e9 Ejecutivo Nacional<br \/>\n(CEN) del PRI.<\/p>\n<p>-A\u00fan no comparte posicionamiento p\u00fablico, pero, seg\u00fan<br \/>\nme han contado, est\u00e1 operando el tema para evitar que pase a mayores. \u2013hizo<br \/>\nsaber el priista yucateco- Aunque es una situaci\u00f3n complicada para resolver por<br \/>\nla posici\u00f3n que ha tomado Jorge Carlos, Rolando tiene a su favor que la<br \/>\nmilitancia, en general, rechaza este tipo de conflictos, particularmente en<br \/>\ntiempos tan delicados para el partido.<\/p>\n<p>-Ojal\u00e1 puedan solucionar este conflicto pronto pues el<br \/>\nPRI Yucat\u00e1n no tiene tiempo para perder, a\u00fan falta mucho trabajo por hacer<br \/>\nprevio a las elecciones del 2024. Adem\u00e1s, mientras m\u00e1s se prolonga la pugna,<br \/>\nm\u00e1s se deteriora la imagen y estabilidad del partido por la falta de<br \/>\ninstitucionalidad con la que oper\u00f3 el senador. \u2013concluy\u00f3 la empresaria- El<br \/>\ntricolor cuenta con fuertes liderazgos que podr\u00edan auxiliar a limar asperezas y<br \/>\ngenerar consensos, pero para esto imprescindible la disposici\u00f3n de todas las<br \/>\npartes; esperemos se puedan dar las condiciones.<\/p>\n<p>&nbsp;<b>.<br \/>\n.  .<\/b><\/p>\n<p><b><i>Fallece<br \/>\nFrancisco Sol\u00eds Pe\u00f3n<\/i><\/b><\/p>\n<p>Platicamos tambi\u00e9n sobre el fallecimiento del pol\u00edtico<br \/>\nyucateco <b>Francisco Sol\u00eds Pe\u00f3n<\/b>, mejor<br \/>\nconocido como \u201cPancho Cachondo\u201d o \u201cel dipu-table\u201d. Sol\u00eds Pe\u00f3n falleci\u00f3 el<br \/>\npasado 14 de marzo en M\u00e9rida, Yucat\u00e1n a causa de complicaciones relacionadas<br \/>\ncon el COVID-19; ten\u00eda 53 a\u00f1os. En el a\u00f1o 2000, fue diputado local del PAN en<br \/>\nla Asamblea Legislativa del entonces Distrito Federal y posteriormente fue<br \/>\npostulado como candidato para la jefatura de la delegaci\u00f3n de Cuauht\u00e9moc (2009)<br \/>\ny la alcald\u00eda de M\u00e9rida (2018) por el Partido Socialdem\u00f3crata y el PRD,<br \/>\nrespectivamente.<b><i><\/i><\/b><\/p>\n<p>Debido a lo controversial que fue su personaje \u201cPancho<br \/>\nCachondo\u201d, el PAN le retir\u00f3 la militancia en el 2003, a lo cual Sol\u00eds Pe\u00f3n<br \/>\nrespondi\u00f3 con la publicaci\u00f3n de una foto en la que se le ve\u00eda semidesnudo<br \/>\nmientras tapaba sus genitales con el escudo blanquiazul; una contundente<br \/>\ncr\u00edtica al conservadurismo panista. Esta actitud controversial, iba siempre<br \/>\nacompa\u00f1ada de un perfil culto e intelectual, propio de un disc\u00edpulo de <b>Carlos Castillo Peraza<\/b> como lo fue \u00e9l.<br \/>\nSu f\u00e9rrea convicci\u00f3n, as\u00ed como sus ideas y argumentos, le permitieron ganarse<br \/>\nel respeto de l\u00edderes de todos los partidos.\n<\/p>\n<p>-Francisco Sol\u00eds es un amigo muy querido al cual<br \/>\nrecordar\u00e9 con mucho cari\u00f1o. Siempre ser\u00e1 un ejemplo de congruencia, honestidad<br \/>\ny valent\u00eda. Espero que su familia y seres queridos tengan pronta resignaci\u00f3n.<br \/>\n\u2013comparti\u00f3 el editorialista- El legado de \u201cPancho\u201d seguir\u00e1 vivo en sus obras y<br \/>\nen nuestra memoria.<\/p><\/p>\n","protected":false},"excerpt":{"rendered":"<p>Contacto con la Pol\u00edtica Nacional.<\/p>\n","protected":false},"author":1114,"featured_media":36057,"comment_status":"open","ping_status":"open","sticky":false,"template":"","format":"standard","meta":{"tdm_status":"","tdm_grid_status":"","footnotes":""},"categories":[25],"tags":[],"_links":{"self":[{"href":"https:\/\/dralvarez.com.mx\/larevista\/wp-json\/wp\/v2\/posts\/21184"}],"collection":[{"href":"https:\/\/dralvarez.com.mx\/larevista\/wp-json\/wp\/v2\/posts"}],"about":[{"href":"https:\/\/dralvarez.com.mx\/larevista\/wp-json\/wp\/v2\/types\/post"}],"author":[{"embeddable":true,"href":"https:\/\/dralvarez.com.mx\/larevista\/wp-json\/wp\/v2\/users\/1114"}],"replies":[{"embeddable":true,"href":"https:\/\/dralvarez.com.mx\/larevista\/wp-json\/wp\/v2\/comments?post=21184"}],"version-history":[{"count":1,"href":"https:\/\/dralvarez.com.mx\/larevista\/wp-json\/wp\/v2\/posts\/21184\/revisions"}],"predecessor-version":[{"id":36056,"href":"https:\/\/dralvarez.com.mx\/larevista\/wp-json\/wp\/v2\/posts\/21184\/revisions\/36056"}],"wp:featuredmedia":[{"embeddable":true,"href":"https:\/\/dralvarez.com.mx\/larevista\/wp-json\/wp\/v2\/media\/36057"}],"wp:attachment":[{"href":"https:\/\/dralvarez.com.mx\/larevista\/wp-json\/wp\/v2\/media?parent=21184"}],"wp:term":[{"taxonomy":"category","embeddable":true,"href":"https:\/\/dralvarez.com.mx\/larevista\/wp-json\/wp\/v2\/categories?post=21184"},{"taxonomy":"post_tag","embeddable":true,"href":"https:\/\/dralvarez.com.mx\/larevista\/wp-json\/wp\/v2\/tags?post=21184"}],"curies":[{"name":"wp","href":"https:\/\/api.w.org\/{rel}","templated":true}]}}