{"id":21158,"date":"2022-03-19T00:00:00","date_gmt":"2022-03-19T06:00:00","guid":{"rendered":"https:\/\/dralvarez.com.mx\/larevista\/blog\/porque-tenia-muchas-cosas-que-contar"},"modified":"2024-02-23T12:07:34","modified_gmt":"2024-02-23T18:07:34","slug":"porque-tenia-muchas-cosas-que-contar","status":"publish","type":"post","link":"https:\/\/dralvarez.com.mx\/larevista\/opiniones\/porque-tenia-muchas-cosas-que-contar","title":{"rendered":"Porque ten\u00eda muchas cosas que contar&#8230;"},"content":{"rendered":"<p><b>Por: Cristina Pad\u00edn.<\/b><\/p>\n<p>..aunque.. no! Hoy sin aunque.. pero con \u00e9l en mente. Sin olvido. Porque ten\u00eda muchas cosas que contar fue un cuento que en una aldea, dicen\u2026, se contaba de generaci\u00f3n en generaci\u00f3n. Como las cantigas de amigo, los cuentos, los resultados de las corridas de toros antes de las redes sociales, la m\u00fasica buena y tradicional de Tanxugueiras, los romances\u2026 lo que evita la incultura y permite la cultura..<\/p>\n<p>Porque ten\u00eda muchas cosas que contar fue el t\u00edtulo de un cuento que se inspir\u00f3 en Hemingway (la palabra siempre es esencial) y que relat\u00f3 las aventuras de un lugar sin gracias. Los que gobernaban nunca dec\u00edan gracias.. eran del estilo de la gente de hoy y se cre\u00edan los halagos de halagadores sin pensamiento.. eran seres sin lecturas y sin alma: meras sombras sin sombra de un mundo sin letras..<\/p>\n<p>Y entonces lleg\u00f3 ella! La protagonista de cada historia: porque en todas las historias hay un h\u00e9roe o una hero\u00edna (y el que diga que no nunca ha le\u00eddo historias\u2026) Ella beb\u00eda vino tinto y se pintaba los labios de rojo.. porque s\u00ed, natural(mente) Iba a los toros y a bailar, sab\u00eda amar\u2026 y llorar cuando ve\u00eda pel\u00edculas sensibles. Y dec\u00eda gracias. Y mandaba tarjetas que dec\u00edan gracias. Siete letras. Coraz\u00f3n y verdad y pureza: ella!<\/p>\n<p>Lo hac\u00eda porque en verdad ten\u00eda coraz\u00f3n.. y muchas cosas que contar.. era de ley y de ole!<\/p>\n<p>Toda mi vida me ha fascinado esa expresi\u00f3n de Hemingway.. hay tantas cosas por contar.. y tanto tiempo para contarlas..<br \/>A los que dicen gracias <br \/>A hero\u00ednas y h\u00e9roes<br \/>A mi amigo Carlos<br \/>A mi querido Luis<br \/>Al toreo<br \/>A personas valientes<br \/>A las cantigas<br \/>A Tanxugueiras<br \/>A la gente con alma<br \/>A los que leen<br \/>Y a los que leer\u00e0n..<\/p>\n","protected":false},"excerpt":{"rendered":"<p>Por: Cristina Pad\u00edn.<\/p>\n","protected":false},"author":1025,"featured_media":36033,"comment_status":"open","ping_status":"open","sticky":false,"template":"","format":"standard","meta":{"tdm_status":"","tdm_grid_status":"","footnotes":""},"categories":[25],"tags":[],"_links":{"self":[{"href":"https:\/\/dralvarez.com.mx\/larevista\/wp-json\/wp\/v2\/posts\/21158"}],"collection":[{"href":"https:\/\/dralvarez.com.mx\/larevista\/wp-json\/wp\/v2\/posts"}],"about":[{"href":"https:\/\/dralvarez.com.mx\/larevista\/wp-json\/wp\/v2\/types\/post"}],"author":[{"embeddable":true,"href":"https:\/\/dralvarez.com.mx\/larevista\/wp-json\/wp\/v2\/users\/1025"}],"replies":[{"embeddable":true,"href":"https:\/\/dralvarez.com.mx\/larevista\/wp-json\/wp\/v2\/comments?post=21158"}],"version-history":[{"count":1,"href":"https:\/\/dralvarez.com.mx\/larevista\/wp-json\/wp\/v2\/posts\/21158\/revisions"}],"predecessor-version":[{"id":36032,"href":"https:\/\/dralvarez.com.mx\/larevista\/wp-json\/wp\/v2\/posts\/21158\/revisions\/36032"}],"wp:featuredmedia":[{"embeddable":true,"href":"https:\/\/dralvarez.com.mx\/larevista\/wp-json\/wp\/v2\/media\/36033"}],"wp:attachment":[{"href":"https:\/\/dralvarez.com.mx\/larevista\/wp-json\/wp\/v2\/media?parent=21158"}],"wp:term":[{"taxonomy":"category","embeddable":true,"href":"https:\/\/dralvarez.com.mx\/larevista\/wp-json\/wp\/v2\/categories?post=21158"},{"taxonomy":"post_tag","embeddable":true,"href":"https:\/\/dralvarez.com.mx\/larevista\/wp-json\/wp\/v2\/tags?post=21158"}],"curies":[{"name":"wp","href":"https:\/\/api.w.org\/{rel}","templated":true}]}}