{"id":21136,"date":"2022-03-15T00:00:00","date_gmt":"2022-03-15T06:00:00","guid":{"rendered":"https:\/\/dralvarez.com.mx\/larevista\/blog\/mensajeros-instantaneos-ansiedad-y-parte-de-las-redes-sociales"},"modified":"2024-02-23T12:06:26","modified_gmt":"2024-02-23T18:06:26","slug":"mensajeros-instantaneos-ansiedad-y-parte-de-las-redes-sociales","status":"publish","type":"post","link":"https:\/\/dralvarez.com.mx\/larevista\/opiniones\/mensajeros-instantaneos-ansiedad-y-parte-de-las-redes-sociales","title":{"rendered":"Mensajeros instant\u00e1neos, ansiedad y parte de las redes sociales"},"content":{"rendered":"<p><b><i>Pol\u00edtica, redes sociales y m\u00e1s<\/i>, por:&nbsp;Daniel Molina.&nbsp;<\/b><\/p>\n<p>@DanMSocial&nbsp;<\/p>\n<\/p>\n<p><b>Mensajeros<br \/>\ninstant\u00e1neos, ansiedad y parte de las redes sociales.<\/b><\/p>\n<p>Qui\u00e9n no est\u00e1<br \/>\nconectado a trav\u00e9s de los llamados mensajeros instant\u00e1neos. Entre ellos los m\u00e1s<br \/>\nfamosos, WhatsApp, Messenger e Instagram as\u00ed como, Telegram sin quedarse atr\u00e1s.<\/p>\n<p>La adicci\u00f3n a<br \/>\nestar en comunicaci\u00f3n contin\u00faa, mandar mensajes, recibir la respuesta inmediata<br \/>\ny por qu\u00e9 no, crear nuevos lenguajes. <\/p>\n<p>Cu\u00e1les son estas<br \/>\nnuevas expresiones para comunicarse; se pueden utilizar im\u00e1genes llamadas<br \/>\nemojis, monos\u00edlabos que dicen m\u00e1s que las pocas letras que los representa,<br \/>\ngif\u2019s que animan y sorprenden a los usuarios.<\/p>\n<p>Esta nueva formar<br \/>\nde hablar en texto, audios y dictados, que arranca la atenci\u00f3n hasta de una<br \/>\nreuni\u00f3n presencial, sin importar la falta de respeto de quien en forma f\u00edsica<br \/>\nte acompa\u00f1a. Se ha vuelto tan directa la mensajer\u00eda, que hasta las nuevas relaciones<br \/>\nde amistad, amor y cercan\u00eda crecen a trav\u00e9s de esta forma de interactuar.<\/p>\n<p>En la parte de<br \/>\nnegocios y empresas, ya rebas\u00f3 la humanidad, ya que se programa bots que<br \/>\naprender\u00e1n de las preguntas realizadas por los usuarios, para responder a otros<br \/>\ncuestionamientos similares.<\/p>\n<p>Todo es<br \/>\nexcelente, hasta que llega el momento como lo menciona la frase, \u201cla realidad<br \/>\nsuperar a la imaginaci\u00f3n\u201d. Este apego al Smartphone para responder mensajes, se<br \/>\nconvierte en una necesidad. Conocer y saber el estado de conectividad, pegarse<br \/>\na un wifi se vuelve no el d\u00eda a d\u00eda, sino el minuto a minuto para estar<br \/>\n\u201cpresente\u201d. El tener que esperar fracciones de segundo para conocer la<br \/>\nrespuesta es parte de satisfacer, ese proceso qu\u00edmico que se ha detonado en el<br \/>\ncerebro.<\/p>\n<p>La ansiedad, es<br \/>\nel primer paso a vencer, el aprender a no darle importancia a lo que el<br \/>\nreceptor, que posiblemente a cientos de kil\u00f3metros este por responder o no.<\/p>\n<p>Porque tambi\u00e9n el<br \/>\nno tener respuesta se convierte en respuesta. As\u00ed, como lo lee e ir\u00f3nico. Aquel<br \/>\nusuario, que no tiene tiempo para contestar un mensaje, manda su inter\u00e9s a<br \/>\ninteractuar. Dif\u00edcil de entender, pero suele suceder.<\/p>\n<p>Ahora, al parecer<br \/>\nel Parlamento Europeo, decidi\u00f3 no responder de forma oficial la carta emitida,<br \/>\npor el gobierno de M\u00e9xico, la semana pasada y esa es la respuesta.<\/p>\n<p>\n<b>Carta al Parlamento Europeo, del senado de la rep\u00fablica.<\/b><\/p>\n<p>En el momento que<br \/>\nse dio a conocer, muchos pensaron que se trataba de una broma. El comunicado<br \/>\nemitido por el Gobierno de la Rep\u00fablica Mexicana, al Parlamento Europeo, desde<br \/>\nla primera oraci\u00f3n del texto, impresionaba. <\/p>\n<p>\u201cEs lamentable<br \/>\nque se sumen como borregos a la estrategia reaccionaria y golpista..\u201d, inicia<br \/>\nla carta emitida por el ejecutivo de nuestro pa\u00eds. <\/p>\n<p>Las redes<br \/>\nsociales, fueron participes primero en saber, si lo que se le\u00eda era cierto o<br \/>\nera parte de una estrategia de publicidad, fuera del gobierno. Sin embargo, si<br \/>\nera un comunicado oficial.<\/p>\n<p>En su posici\u00f3n<br \/>\ncomo presidente de la Junta de Coordinaci\u00f3n Pol\u00edtica del Senado, Ricardo<br \/>\nMonreal \u00c1vila, manda otra carta al Parlamento Europeo y, as\u00ed se lee en su<br \/>\ncuenta @RicardoMonrealA<\/p>\n<p>\u201cEn el marco de<br \/>\nla diplomacia parlamentaria, ayer envi\u00e9 una carta a la presidenta del<br \/>\nParlamento Europeo, para expresar nuestro desacuerdo con su resoluci\u00f3n sobre<br \/>\nM\u00e9xico, y le propongo una reuni\u00f3n de alto nivel para dialogar y resolver las<br \/>\ndiferencias. Comparto la misiva.\u201d<\/p>\n<p>Veamos, si por<br \/>\neste conducto se abre el dialogo y esperemos el siguiente episodio.<\/p>\n<p><b>Call to Action<\/b><\/p>\n<p>#FelizLunes<\/p><\/p>\n","protected":false},"excerpt":{"rendered":"<p>Pol\u00edtica, redes sociales y m\u00e1s.<\/p>\n","protected":false},"author":1132,"featured_media":0,"comment_status":"open","ping_status":"open","sticky":false,"template":"","format":"standard","meta":{"tdm_status":"","tdm_grid_status":"","footnotes":""},"categories":[25],"tags":[],"_links":{"self":[{"href":"https:\/\/dralvarez.com.mx\/larevista\/wp-json\/wp\/v2\/posts\/21136"}],"collection":[{"href":"https:\/\/dralvarez.com.mx\/larevista\/wp-json\/wp\/v2\/posts"}],"about":[{"href":"https:\/\/dralvarez.com.mx\/larevista\/wp-json\/wp\/v2\/types\/post"}],"author":[{"embeddable":true,"href":"https:\/\/dralvarez.com.mx\/larevista\/wp-json\/wp\/v2\/users\/1132"}],"replies":[{"embeddable":true,"href":"https:\/\/dralvarez.com.mx\/larevista\/wp-json\/wp\/v2\/comments?post=21136"}],"version-history":[{"count":1,"href":"https:\/\/dralvarez.com.mx\/larevista\/wp-json\/wp\/v2\/posts\/21136\/revisions"}],"predecessor-version":[{"id":36012,"href":"https:\/\/dralvarez.com.mx\/larevista\/wp-json\/wp\/v2\/posts\/21136\/revisions\/36012"}],"wp:attachment":[{"href":"https:\/\/dralvarez.com.mx\/larevista\/wp-json\/wp\/v2\/media?parent=21136"}],"wp:term":[{"taxonomy":"category","embeddable":true,"href":"https:\/\/dralvarez.com.mx\/larevista\/wp-json\/wp\/v2\/categories?post=21136"},{"taxonomy":"post_tag","embeddable":true,"href":"https:\/\/dralvarez.com.mx\/larevista\/wp-json\/wp\/v2\/tags?post=21136"}],"curies":[{"name":"wp","href":"https:\/\/api.w.org\/{rel}","templated":true}]}}