{"id":21118,"date":"2022-03-15T00:00:00","date_gmt":"2022-03-15T06:00:00","guid":{"rendered":"https:\/\/dralvarez.com.mx\/larevista\/blog\/valores"},"modified":"2024-02-23T12:05:23","modified_gmt":"2024-02-23T18:05:23","slug":"valores","status":"publish","type":"post","link":"https:\/\/dralvarez.com.mx\/larevista\/opiniones\/valores","title":{"rendered":"Valores"},"content":{"rendered":"<p><b>Por: Pascal Beltr\u00e1n del R\u00edo.&nbsp;<\/b><\/p>\n<\/p>\n<p><b>VARSOVIA.-<\/b> Grzegorz, un conductor de taxi que vive en<br \/>\nla provincia polaca de Subcarpacia, se quiere casar. Para ello est\u00e1<br \/>\nconstruyendo su casa. Sin embargo, descubri\u00f3 que de un d\u00eda para otro la<br \/>\ntonelada de acero hab\u00eda subido de siete mil zlotys (unos 35 mil pesos) a nueve<br \/>\nmil. \u201cTodo por culpa de los rusos\u201d, me dice, encogi\u00e9ndose de hombros.<\/p>\n<p>Hasta hace unos d\u00edas, buena parte del acero que se<br \/>\nvend\u00eda en Polonia era de origen ruso. Este pa\u00eds est\u00e1 entre los 12 principales<br \/>\nimportadores de acero del mundo y Rusia entre los tres primeros exportadores.<\/p>\n<p>Ahora, con la prohibici\u00f3n, por parte de la Uni\u00f3n Europea,<br \/>\nde comprar muchos productos rusos, el precio del acero se incrementar\u00e1, pues<br \/>\nhabr\u00e1 que traerlo de Asia, lo que ralentizar\u00e1 el tiempo de entrega y aumentar\u00e1<br \/>\nel costo del transporte.<\/p>\n<p>\u201cGuerra es igual a inflaci\u00f3n\u201d, me dice Piotr Arak,<br \/>\ndirector del Instituto Econ\u00f3mico Polaco, un centro de estudios p\u00fablico que<br \/>\nprovee de informaci\u00f3n y an\u00e1lisis al gobierno para fundamentar la toma de<br \/>\ndecisiones.<\/p>\n<p>Conversamos en su oficina, en la calle Jerozolimskie<br \/>\nde esta capital. No tiene duda de que las sanciones econ\u00f3micas contra Rusia<br \/>\ntraer\u00e1n dificultades para Polonia y muchos pa\u00edses de la Uni\u00f3n Europea, como son<br \/>\nun menor crecimiento y una mayor inflaci\u00f3n. Para sustituir muchas importaciones<br \/>\nde Rusia no hay alternativas ideales.<\/p>\n<p>Eso implica que Grzegorz quiz\u00e1 no vaya a terminar su<br \/>\ncasa a tiempo para la boda. Porque, adem\u00e1s, desde que comenz\u00f3 la invasi\u00f3n rusa<br \/>\na Ucrania el precio del combustible que le pone a su taxi est\u00e1 15% m\u00e1s caro.<\/p>\n<p>\u201cMuchos europeos van a sufrir por estas sanciones\u201d,<br \/>\nadmite Arak. \u201cPero esto no debemos verlo como un tema simplemente econ\u00f3mico. La<br \/>\ndecisi\u00f3n de aplicar las sanciones es algo que ata\u00f1e a nuestros valores. No<br \/>\ndebemos quedarnos inm\u00f3viles ante el bombardeo contra civiles. Si por oponernos<br \/>\na eso y defender nuestros ideales hay que sufrir, ni modo. Cr\u00e9ame, los<br \/>\nucranianos est\u00e1n sufriendo mucho m\u00e1s\u201d.<\/p>\n<p>Me quedo pensando en el tema de los valores. Europa<br \/>\npudo reconstruirse despu\u00e9s de la Segunda Guerra Mundial gracias a que apost\u00f3<br \/>\npor un sistema democr\u00e1tico. Ese sistema dio mejores resultados en t\u00e9rminos de<br \/>\nbienestar social que el socialismo tutelado por la Uni\u00f3n Sovi\u00e9tica.<\/p>\n<p>Para comprobarlo, basta ver lo que ha sucedido en<br \/>\nPolonia, que lider\u00f3 la apertura de la Cortina de Hierro. Entre 2000 y 2019,<br \/>\ndobl\u00f3 su ingreso per c\u00e1pita. Se convirti\u00f3 en uno de los pa\u00edses con ritmo de<br \/>\ncrecimiento m\u00e1s r\u00e1pido del mundo.<\/p>\n<p>\u201cHoy el polaco promedio es m\u00e1s rico que el ruso<br \/>\npromedio y eso es algo que no gusta nada en Mosc\u00fa\u201d, me dice Arak. \u201cLo ven como<br \/>\nuna amenaza\u201d.<\/p>\n<p>Sin los valores democr\u00e1ticos, ese mejoramiento del<br \/>\nnivel de vida en Polonia no hubiera sido posible. Por eso, los polacos \u2013que se<br \/>\nhan volcado para ayudar a los refugiados ucranianos\u2013 no parecen dudar de la<br \/>\ndecisi\u00f3n de aplicar sanciones a Rusia, aunque eso signifique penurias en casa.<\/p>\n<p>En M\u00e9xico, \u00bfen qu\u00e9 valores creemos? El presidente<br \/>\nAndr\u00e9s Manuel L\u00f3pez Obrador ha puesto por delante \u201cla soluci\u00f3n pac\u00edfica de las<br \/>\ncontroversias\u201d al fijar la posici\u00f3n del pa\u00eds en esta coyuntura. Pero \u00bfcu\u00e1l es<br \/>\nla controversia? Aqu\u00ed no la hay. Que un pa\u00eds invada otro no es una<br \/>\ncontroversia, sino una violaci\u00f3n flagrante del derecho internacional.<\/p>\n<p>M\u00e1s all\u00e1 de haber suscrito la resoluci\u00f3n del Consejo<br \/>\nde Seguridad de la ONU en la que se condena la \u201coperaci\u00f3n militar especial\u201d de<br \/>\nVladimir Putin, \u00bfvamos a actuar como si nada hubiera pasado? \u00bfSeremos uno de<br \/>\nesos pa\u00edses que sigue comprando acero y otros productos de Rusia sin inmutarse?<br \/>\n\u00bfAceptar\u00edamos un vuelo de Sheremetyevo a Santa Luc\u00eda de Aeroflot igual que<br \/>\naceptamos uno de Maiquet\u00eda, de la l\u00ednea venezolana Conviasa, s\u00f3lo para poder<br \/>\ndecir que el nuevo aeropuerto Felipe \u00c1ngeles tiene \u201cconexiones<br \/>\ninternacionales\u201d?<\/p>\n<p>Qu\u00e9 peque\u00f1o se ve M\u00e9xico en el tablero del debate<br \/>\ninternacional. Qu\u00e9 pobreza dedicar nuestra discusi\u00f3n p\u00fablica a lo que dice o<br \/>\ndeja de decir cada ma\u00f1ana el Ejecutivo. Qu\u00e9 l\u00e1stima que nuestros valores no nos<br \/>\nden para denunciar hoy la invasi\u00f3n de Vladimir Putin como denunciamos la de<br \/>\nBenito Mussolini contra Etiop\u00eda en 1935, una de las p\u00e1ginas m\u00e1s brillantes de<br \/>\nla diplomacia mexicana.<\/p><\/p>\n","protected":false},"excerpt":{"rendered":"<p>Por: Pascal Beltr\u00e1n del R\u00edo.<\/p>\n","protected":false},"author":1127,"featured_media":0,"comment_status":"open","ping_status":"open","sticky":false,"template":"","format":"standard","meta":{"tdm_status":"","tdm_grid_status":"","footnotes":""},"categories":[25],"tags":[],"_links":{"self":[{"href":"https:\/\/dralvarez.com.mx\/larevista\/wp-json\/wp\/v2\/posts\/21118"}],"collection":[{"href":"https:\/\/dralvarez.com.mx\/larevista\/wp-json\/wp\/v2\/posts"}],"about":[{"href":"https:\/\/dralvarez.com.mx\/larevista\/wp-json\/wp\/v2\/types\/post"}],"author":[{"embeddable":true,"href":"https:\/\/dralvarez.com.mx\/larevista\/wp-json\/wp\/v2\/users\/1127"}],"replies":[{"embeddable":true,"href":"https:\/\/dralvarez.com.mx\/larevista\/wp-json\/wp\/v2\/comments?post=21118"}],"version-history":[{"count":1,"href":"https:\/\/dralvarez.com.mx\/larevista\/wp-json\/wp\/v2\/posts\/21118\/revisions"}],"predecessor-version":[{"id":35995,"href":"https:\/\/dralvarez.com.mx\/larevista\/wp-json\/wp\/v2\/posts\/21118\/revisions\/35995"}],"wp:attachment":[{"href":"https:\/\/dralvarez.com.mx\/larevista\/wp-json\/wp\/v2\/media?parent=21118"}],"wp:term":[{"taxonomy":"category","embeddable":true,"href":"https:\/\/dralvarez.com.mx\/larevista\/wp-json\/wp\/v2\/categories?post=21118"},{"taxonomy":"post_tag","embeddable":true,"href":"https:\/\/dralvarez.com.mx\/larevista\/wp-json\/wp\/v2\/tags?post=21118"}],"curies":[{"name":"wp","href":"https:\/\/api.w.org\/{rel}","templated":true}]}}