{"id":21114,"date":"2022-03-15T00:00:00","date_gmt":"2022-03-15T06:00:00","guid":{"rendered":"https:\/\/dralvarez.com.mx\/larevista\/blog\/los-audios-del-fiscal-alejandro-gertz-manero"},"modified":"2024-02-23T12:05:17","modified_gmt":"2024-02-23T18:05:17","slug":"los-audios-del-fiscal-alejandro-gertz-manero","status":"publish","type":"post","link":"https:\/\/dralvarez.com.mx\/larevista\/opiniones\/los-audios-del-fiscal-alejandro-gertz-manero","title":{"rendered":"Los audios del fiscal Alejandro Gertz Manero"},"content":{"rendered":"<p><b><i>Contacto con la Pol\u00edtica Nacional<\/i>, por:&nbsp;Baltasar Barbolla.<\/b><\/p>\n<\/p>\n<p><b>CDMX.-<\/b> Lo<br \/>\nque est\u00e1 pasando con <b>Alejandro Gertz<br \/>\nManero<\/b>, fiscal general de la Rep\u00fablica, representa un nuevo fracaso del<br \/>\nactual gobierno federal en cuanto al combate a la corrupci\u00f3n, como lo fue antes<br \/>\nla \u201cCasa Gris\u201d, los videos de los hermanos del presidente recibiendo dinero, el<br \/>\ncaso de <b>Delfina G\u00f3mez<\/b> o la exoneraci\u00f3n<br \/>\nde <b>Manuel Barlett<\/b>. \u2013comparti\u00f3 la<br \/>\nperiodista a los presentes para continuar con la pl\u00e1tica de \u00e9sta semana en el<br \/>\nBalmoral- Si bien es cierto que, seg\u00fan la ley, el fiscal es aut\u00f3nomo del poder<br \/>\nejecutivo, la realidad es que la Fiscal\u00eda General de la Rep\u00fablica (FGR) se ha<br \/>\nmostrado subordinada a Presidencia en distintas ocasiones y el mismo <b>Andr\u00e9s Manuel L\u00f3pez Obrador<\/b> ha<br \/>\ndefendido a capa y espada a Gertz Manero a pesar de los varios esc\u00e1ndalos que<br \/>\ntiene encima.<\/p>\n<p>&#8211; \u00a1Y vaya que son varios! \u2013exclam\u00f3 el pol\u00edtico- Adem\u00e1s<br \/>\nde la filtraci\u00f3n de los audios en los cuales admite violentar el debido proceso<br \/>\nde un tema que est\u00e1 en discusi\u00f3n en la <b>Suprema<br \/>\nCorte de Justicia de la Naci\u00f3n<\/b> (SCJN), el fiscal arrastra acusaciones de<br \/>\ndesv\u00edo de dinero, un intenso pleito con el exconsejero jur\u00eddico <b>Julio Scherer<\/b>, se\u00f1alamientos de<br \/>\npretender imponerse en el Sistema Nacional de Investigadores (SNI) y sospechas<br \/>\nde fabricaci\u00f3n de evidencias en contra de <b>Emilio<br \/>\nLozoya<\/b>.<\/p>\n<p>-De todos estos esc\u00e1ndalos que menciona nuestro amigo<br \/>\npol\u00edtico, sin duda, el m\u00e1s grave es el que refiere a los audios filtrados pues<br \/>\n\u00e9stos demuestran que el fiscal general de la rep\u00fablica no vela por la estricta<br \/>\naplicaci\u00f3n de los procesos judiciales y utiliza su cargo para venganzas<br \/>\npersonales. \u2013se\u00f1al\u00f3 la abogada- En estos audios que fueron filtrados en YouTube<br \/>\nel pasado viernes, <b>Alejandro Gertz<br \/>\nManero<\/b> platica con el fiscal de Control Competencial, <b>Juan Ramos<\/b>, sobre el proyecto que se habr\u00e1 de discutir en la SCJN<br \/>\nrelativo al presunto homicidio de su hermano, <b>Federico Gertz Manero<\/b>. Por cierto, los audios fueron obtenidos de<br \/>\nmanera ilegal mediante espionaje por lo que ya se inici\u00f3 una investigaci\u00f3n al<br \/>\nrespecto.<\/p>\n<p>&#8211;<b>Gertz Manero<\/b><br \/>\ny <b>Ramos<\/b> hablaron sobre los efectos<br \/>\ndel proyecto, elaborado por el ministro <b>Alberto<br \/>\nP\u00e9rez Day\u00e1n<\/b>, y sus opciones ante \u00e9ste pues parece ser que no les fue<br \/>\nfavorable. De acuerdo a lo que ha trascendido, el proyecto les da la raz\u00f3n a <b>Laura Mor\u00e1n<\/b> y a <b>Alejandra Cuevas<\/b>, cu\u00f1ada y sobrina pol\u00edtica de Alejandro Gertz,<br \/>\nrespectivamente, las cuales fueron acusadas por el fiscal del asesinato de su<br \/>\nhermano <b>Federico Gertz<\/b>, quien<br \/>\ntambi\u00e9n era esposo y padre de las acusadas. \u2013dijo el editorialista- Laura Mor\u00e1n<br \/>\ntiene 95 a\u00f1os y una orden de aprehensi\u00f3n en su contra, mientras que Alejandra<br \/>\nCuevas tiene 69 a\u00f1os y ha estado en prisi\u00f3n por m\u00e1s de 500 d\u00edas.<\/p>\n<p>-Es necesario se\u00f1alar que la SCJN conoci\u00f3 este caso<br \/>\nluego de que Cuevas se amparara por el proceso que Alejandro Gertz Manero emprendi\u00f3<br \/>\nen su contra. Seg\u00fan el fiscal, ella y Laura Mor\u00e1n fueron las responsables de la<br \/>\nmuerte de Federico Gertz Manero pues no le brindaron atenci\u00f3n m\u00e9dica adecuada<br \/>\ncuando lo necesit\u00f3. \u2013explic\u00f3 el consultor<\/p>\n<p>-La muerte de <b>Federico<br \/>\nGertz Manero<\/b> ocurri\u00f3 en el 2015, cuando Alejandro Gertz Manero a\u00fan era<br \/>\nrector de la Universidad De Las Am\u00e9ricas (UDLA). En ese entonces, Alejandro<br \/>\ndenunci\u00f3 a Laura Mor\u00e1n y a Alejandra Cuevas por presunto homicidio, pero se<br \/>\ndictamin\u00f3 el no ejercicio de la acci\u00f3n penal por insuficiencia de pruebas.<br \/>\n\u2013a\u00f1adi\u00f3 la empresaria- Cuando Alejandro Gertz asumi\u00f3 la FGR, reactiv\u00f3 el caso y<br \/>\nas\u00ed pudo encarcelar a Alejandra e imponer una orden de aprehensi\u00f3n en contra de<br \/>\nLaura.<\/p>\n<p>-Cuando se decret\u00f3 el no ejercicio de la acci\u00f3n penal<br \/>\nen favor de Laura Mor\u00e1n y Alejandra Cuevas, Gertz Manero se\u00f1al\u00f3 que estaban<br \/>\nsiendo protegidas por las autoridades pues eran parientes del gobernador <b>Alfredo del Mazo<\/b>. \u2013coment\u00f3 el analista-<br \/>\nParece ser que este se\u00f1alamiento no fue cierto pues, tras analizar las pruebas<br \/>\nofrecidas por las partes, el ministro <b>P\u00e9rez<br \/>\nDay\u00e1n<\/b> consider\u00f3 que se deb\u00eda revisar el proceso de Cuevas para ponerla en<br \/>\nlibertad.<\/p>\n<p>-Los audios filtrados no s\u00f3lo permiten que nos demos<br \/>\ncuenta de c\u00f3mo <b>Alejandro Gertz<\/b><br \/>\nutiliz\u00f3 su cargo para llevar a cabo una venganza personal, sino que tambi\u00e9n nos<br \/>\ndejan ver otras actitudes que debemos reprocharle al fiscal. Por ejemplo, el<br \/>\nhecho de que haya tenido en su posesi\u00f3n el proyecto elaborado por el ministro<br \/>\nP\u00e9rez Day\u00e1n constituye una violaci\u00f3n al debido proceso pues \u00e9ste es un documento<br \/>\nque debe ser exclusivo para los ministros y sus auxiliares hasta su discusi\u00f3n,<br \/>\nla cual est\u00e1 programada para el 14 de mayo. De esta manera, el fiscal<br \/>\ndesequilibr\u00f3 el proceso a su favor al contar con informaci\u00f3n que <b>Alejandra Cuevas<\/b> no tiene a\u00fan, lo cual<br \/>\nle permite tener m\u00e1s tiempo y elementos para elaborar su postura.<\/p>\n<p>-Adem\u00e1s de esto que comenta Baltasar, los audios nos<br \/>\npermitieron ver que existe una posible presi\u00f3n a los ministros por parte de la<br \/>\nFiscal\u00eda. \u2013afirm\u00f3 la periodista- Para empezar, <b>Gertz Manero<\/b> dijo que el ministro <b>P\u00e9rez Day\u00e1n<\/b> se hab\u00eda \u201cvolteado por completo\u201d al darle la raz\u00f3n a<br \/>\nAlejandra Cuevas y tambi\u00e9n dijo que el ministro no hab\u00eda puesto en su proyecto<br \/>\npuntos los cuales le hab\u00eda dicho que pondr\u00eda; esto nos deja ver un muy posible<br \/>\nacuerdo previo entre el ministro P\u00e9rez Day\u00e1n y el fiscal para pactar el sentido<br \/>\nde la resoluci\u00f3n. Asimismo, Gertz Manero asegur\u00f3 que por lo menos 2 \u00f3 3<br \/>\nministros votar\u00edan a su favor, lo cual implicar\u00eda que la Fiscal\u00eda tiene<br \/>\ninjerencia en la votaci\u00f3n de la Corte.<\/p>\n<p>-Esto que nos platica nuestra amiga periodista me hace<br \/>\nrecordar el caso del exministro <b>Eduardo<br \/>\nMedina Mora<\/b>, quien en el 2019 renunci\u00f3 a la SCJN por presiones de la<br \/>\nFiscal\u00eda. Con este antecedente de intimidaciones, no es sorpresa que algunos<br \/>\nministros opten por alinearse a lo que diga el fiscal.  \u2013opin\u00f3 el escritor<\/p>\n<p>-Tras la filtraci\u00f3n de los audios y los se\u00f1alamientos<br \/>\nde corrupci\u00f3n, la SCJN emiti\u00f3 un comunicado en el cual afirma que actuar\u00e1 con<br \/>\nindependencia, imparcialidad y transparencia en el juicio. \u2013cont\u00f3 el pol\u00edtico-<br \/>\nEn mi opini\u00f3n, este comunicado no logr\u00f3 mitigar las preocupaciones en torno a<br \/>\nla relaci\u00f3n entre la Corte y la Fiscal\u00eda pues no se dio explicaci\u00f3n a la<br \/>\nfiltraci\u00f3n del proyecto del ministro <b>P\u00e9rez<br \/>\nDay\u00e1n<\/b>, ni se desminti\u00f3 con contundencia lo dicho por el fiscal.<\/p>\n<p>-El ministro-presidente <b>Arturo Zaldivar<\/b>, con el objetivo de defender a <b>Gertz Manero<\/b>, neg\u00f3 injerencia por parte de la Fiscal\u00eda en la Corte<br \/>\ny afirm\u00f3 que <b>Felipe Calder\u00f3n<\/b> lo<br \/>\npresion\u00f3 cuando fue presidente. Por \u00e9ste \u00faltimo comentario, el<br \/>\nministro-presidente recibi\u00f3 duras cr\u00edticas ya que se consider\u00f3 que el traer a<br \/>\nla mesa una situaci\u00f3n ocurrida hace dos sexenios, la cual no hab\u00eda sido<br \/>\nmencionada anteriormente, fue un desesperado intento por desviar la atenci\u00f3n de<br \/>\nlo dicho por el fiscal. \u2013expuso la empresaria<\/p>\n<p>-El presidente <b>L\u00f3pez<br \/>\nObrador<\/b> tambi\u00e9n sali\u00f3 a la defensa de <b>Alejandro<br \/>\nGertz Manero<\/b>, pero, ante la falta de buenos argumentos, s\u00f3lo ha hecho<br \/>\ncomentarios que terminan por deteriorar la imagen de su gobierno. Un ejemplo de<br \/>\nesto es que califica el asunto como un \u201ctema personal\u201d dado que se involucra la<br \/>\nmuerte del hermano del fiscal, y con esto justifica que \u00e9ste (el fiscal) haya<br \/>\nroto la ley y abusado de su cargo. Tambi\u00e9n desestim\u00f3 los audios afirmando que<br \/>\nfueron filtrados por grupos que intentan desestabilizar su gobierno, pero no se<br \/>\nrefiri\u00f3 al contenido de \u00e9stos ni a las evidentes faltas que admiti\u00f3 <b>Gertz Manero<\/b>.<\/p>\n<p>-A pesar del evidente abuso de sus funciones para<br \/>\nejecutar venganzas personales y afectar el debido proceso de un caso que est\u00e1<br \/>\nsiendo desahogado en la SCJN, el presidente dijo que Gertz Manero deb\u00eda<br \/>\nmantenerse en su cargo y que no deb\u00edamos caer en juegos de buenos ni malos pues<br \/>\nlos que critican a Gertz son peores. De igual forma, asegur\u00f3 que garantizar\u00e1 la<br \/>\nautonom\u00eda de la Fiscal\u00eda y no se meter\u00e1 en sus asuntos, lo cual gener\u00f3 algunas<br \/>\ncr\u00edticas pues, como dijeron hace un momento, es bien sabido que la Fiscal\u00eda<br \/>\nest\u00e1 bajo las \u00f3rdenes de Presidencia.<\/p>\n<p>-Habr\u00e1 que ver si el respaldo del presidente es<br \/>\nsuficiente para que Gertz se mantenga en la Fiscal\u00eda pues, conforme pasan los<br \/>\nd\u00edas, acumula esc\u00e1ndalos. Como igual dijeron hace unos momentos, <b>Gertz Manero<\/b> fue se\u00f1alado recientemente<br \/>\npor triangular millones de pesos entre las cuentas de la UDLA, cuentas<br \/>\npersonales y cuentas en el extranjero, cuando fue rector de dicha Universidad.<br \/>\nPresuntamente, \u00e9l y sus familiares se vieron beneficiados por m\u00e1s de 150<br \/>\nmillones de pesos. \u2013hizo saber el editorialista- Adem\u00e1s, existen<br \/>\ninconsistencias entre sus egresos e ingresos de cuando fue rector.<\/p>\n<p>-Estos esc\u00e1ndalos se suman a los se\u00f1alamientos de<br \/>\nplagio en los trabajos que present\u00f3 para acceder al SNI, as\u00ed como a su pleito<br \/>\np\u00fablico con el exconsejero jur\u00eddico <b>Julio<br \/>\nScherer<\/b>. \u2013coment\u00f3 el analista- Por cierto, hay quienes dicen que Gertz<br \/>\nManero considera a Scherer uno de los principales sospechosos de haber<br \/>\norganizado esta \u201cextorsi\u00f3n criminal medi\u00e1tica\u201d en su contra. Esta no es una<br \/>\nidea descabellada pues el exconsejero cuenta con los recursos medi\u00e1ticos para<br \/>\nhacerlo y, m\u00e1s importante, los motivos, ya que en las \u00faltimas semanas el fiscal<br \/>\nha buscado la manera de emprender procesos judiciales en su contra.<\/p>\n<p>-Creo que los d\u00edas de <b>Alejandro Gertz Manero<\/b> al frente de la FGR est\u00e1n contados pues estos<br \/>\nesc\u00e1ndalos no son menores. Particularmente el de los audios, representa graves<br \/>\nconsecuencias pues pone en duda la legitimidad e integridad de la SCJN, m\u00e1ximo<br \/>\n\u00f3rgano del Poder Judicial de la Federaci\u00f3n. Ser\u00e1 interesante ver que tanto<br \/>\naguanta el presidente defendiendo al fiscal pues ya no solo la oposici\u00f3n exige<br \/>\nsu salida, sino tambi\u00e9n obradoristas y aliados de la 4T quienes, ante el<br \/>\nevidente comportamiento abusivo e ilegal de Gertz, ven una oportunidad para<br \/>\nocupar su cargo. \u2013concluy\u00f3 la empresaria- Estaremos al pendiente de c\u00f3mo evoluciona<br \/>\n\u00e9ste tema tan importante para el desarrollo pol\u00edtico y jur\u00eddico del pa\u00eds.<\/p><\/p>\n","protected":false},"excerpt":{"rendered":"<p>Contacto con la Pol\u00edtica Nacional.<\/p>\n","protected":false},"author":1114,"featured_media":35992,"comment_status":"open","ping_status":"open","sticky":false,"template":"","format":"standard","meta":{"tdm_status":"","tdm_grid_status":"","footnotes":""},"categories":[25],"tags":[],"_links":{"self":[{"href":"https:\/\/dralvarez.com.mx\/larevista\/wp-json\/wp\/v2\/posts\/21114"}],"collection":[{"href":"https:\/\/dralvarez.com.mx\/larevista\/wp-json\/wp\/v2\/posts"}],"about":[{"href":"https:\/\/dralvarez.com.mx\/larevista\/wp-json\/wp\/v2\/types\/post"}],"author":[{"embeddable":true,"href":"https:\/\/dralvarez.com.mx\/larevista\/wp-json\/wp\/v2\/users\/1114"}],"replies":[{"embeddable":true,"href":"https:\/\/dralvarez.com.mx\/larevista\/wp-json\/wp\/v2\/comments?post=21114"}],"version-history":[{"count":1,"href":"https:\/\/dralvarez.com.mx\/larevista\/wp-json\/wp\/v2\/posts\/21114\/revisions"}],"predecessor-version":[{"id":35991,"href":"https:\/\/dralvarez.com.mx\/larevista\/wp-json\/wp\/v2\/posts\/21114\/revisions\/35991"}],"wp:featuredmedia":[{"embeddable":true,"href":"https:\/\/dralvarez.com.mx\/larevista\/wp-json\/wp\/v2\/media\/35992"}],"wp:attachment":[{"href":"https:\/\/dralvarez.com.mx\/larevista\/wp-json\/wp\/v2\/media?parent=21114"}],"wp:term":[{"taxonomy":"category","embeddable":true,"href":"https:\/\/dralvarez.com.mx\/larevista\/wp-json\/wp\/v2\/categories?post=21114"},{"taxonomy":"post_tag","embeddable":true,"href":"https:\/\/dralvarez.com.mx\/larevista\/wp-json\/wp\/v2\/tags?post=21114"}],"curies":[{"name":"wp","href":"https:\/\/api.w.org\/{rel}","templated":true}]}}