{"id":21084,"date":"2022-03-14T00:00:00","date_gmt":"2022-03-14T06:00:00","guid":{"rendered":"https:\/\/dralvarez.com.mx\/larevista\/blog\/gertzcolladonieto"},"modified":"2024-02-23T12:03:44","modified_gmt":"2024-02-23T18:03:44","slug":"gertzcolladonieto","status":"publish","type":"post","link":"https:\/\/dralvarez.com.mx\/larevista\/opiniones\/gertzcolladonieto","title":{"rendered":"Gertz\/Collado\/Nieto"},"content":{"rendered":"<p><b><i>Se comenta solo<\/i>, por: Carlos Ramos Padilla.*<\/b><\/p>\n<\/p>\n<p>Nuevamente el gobierno de la 4aT se ve comprometido en presuntas irregularidades de sus colaboradores m\u00e1s cercanos. Cuando inicio la administraci\u00f3n de AMLO, Julio Scherer Ibarra inform\u00f3 a Alejandro Gertz que el presidente lo postular\u00eda para ser el primer fiscal general de la Rep\u00fablica (la fiscal\u00eda se hallaba comprometida para Bernardo B\u00e1tiz, pero declin\u00f3 por motivos de salud y se especula porque tendr\u00eda que liberar a varios miembros de la CNTE involucrados en secuestros en Oaxaca).<\/p>\n<p>Desde que asumi\u00f3 el cargo Gertz ha sido constantemente mencionado en actos sospechosos y escandalosos como los \u201cPandora Papers\u201d por uso de para\u00edsos fiscales para proteger su fortuna personal. Tambi\u00e9n en el caso del patrimonio de la Fundaci\u00f3n Jenkins ligada a la Universidad de las Am\u00e9ricas de Puebla.<\/p>\n<p>Y la abierta confrontaci\u00f3n con el extitular de la UIF, Santiago Nieto que desat\u00f3 el tambi\u00e9n esc\u00e1ndalo de su ostentosa boda en Guatemala. Lo nuevo es que fue filtrada una serie de grabaciones que registran las conversaciones del fiscal con su incondicional, Juan Ramos, que exhibe la presi\u00f3n sobre el ministro Alberto P\u00e9rez Day\u00e1n, con la reciente presentaci\u00f3n de un proyecto de sentencia que beneficia en principio a la hija de una mujer que por 40 a\u00f1os fue pareja de Federico Gertz(hermano del fiscal) y que ha sufrido una persecuci\u00f3n judicial.<\/p>\n<p>Esta pr\u00f3xima una segunda audiencia judicial contra los integrantes de del despacho de litigantes que defendi\u00f3 al abogado Juan Collado preso por se\u00f1alamientos de delincuencia organizada y lavado de dinero. Collado ha denunciado a Scherer de participar en \u201cla delincuencia organizada desde las Instituciones del pa\u00eds\u201d, asunto que ya es tratado incluso en oficinas de abogados de los Estados Unidos.<\/p>\n<p>Hay serios testimonios de a cambio acusar de extorsi\u00f3n al grupo de abogados, que encabeza Juan Antonio Araujo, e involucrar a Scherer. En las grabaciones se menciona incluso a los abogados Olea y el lenguaje despectivo de Gertz presenta a un personaje que atiende a sus emociones y venganzas personales que al pa\u00eds.<\/p>\n<p>Las rupturas Scherer\/AMLO, Scherer\/Nieto, Collado\/Scherer\/AMLO y el<br \/>espect\u00e1culo de Gertz est\u00e1n motivando dos cosas: guerra sucia a trav\u00e9s de filtraciones que desnudas il\u00edcitos y enriquecimiento inexplicable; y dos, que los archivos sean tratados en despachos extranjeros por la amplia corrupci\u00f3n en el pa\u00eds.<\/p>\n<p><b>*conductor del programa VaEnSerio mexiquensetv canal 34.2 (izzi 135)<\/b><\/p>\n<p><\/p>\n","protected":false},"excerpt":{"rendered":"<p>Se comenta solo&#8230;<\/p>\n","protected":false},"author":1168,"featured_media":35963,"comment_status":"open","ping_status":"open","sticky":false,"template":"","format":"standard","meta":{"tdm_status":"","tdm_grid_status":"","footnotes":""},"categories":[25],"tags":[],"_links":{"self":[{"href":"https:\/\/dralvarez.com.mx\/larevista\/wp-json\/wp\/v2\/posts\/21084"}],"collection":[{"href":"https:\/\/dralvarez.com.mx\/larevista\/wp-json\/wp\/v2\/posts"}],"about":[{"href":"https:\/\/dralvarez.com.mx\/larevista\/wp-json\/wp\/v2\/types\/post"}],"author":[{"embeddable":true,"href":"https:\/\/dralvarez.com.mx\/larevista\/wp-json\/wp\/v2\/users\/1168"}],"replies":[{"embeddable":true,"href":"https:\/\/dralvarez.com.mx\/larevista\/wp-json\/wp\/v2\/comments?post=21084"}],"version-history":[{"count":1,"href":"https:\/\/dralvarez.com.mx\/larevista\/wp-json\/wp\/v2\/posts\/21084\/revisions"}],"predecessor-version":[{"id":35962,"href":"https:\/\/dralvarez.com.mx\/larevista\/wp-json\/wp\/v2\/posts\/21084\/revisions\/35962"}],"wp:featuredmedia":[{"embeddable":true,"href":"https:\/\/dralvarez.com.mx\/larevista\/wp-json\/wp\/v2\/media\/35963"}],"wp:attachment":[{"href":"https:\/\/dralvarez.com.mx\/larevista\/wp-json\/wp\/v2\/media?parent=21084"}],"wp:term":[{"taxonomy":"category","embeddable":true,"href":"https:\/\/dralvarez.com.mx\/larevista\/wp-json\/wp\/v2\/categories?post=21084"},{"taxonomy":"post_tag","embeddable":true,"href":"https:\/\/dralvarez.com.mx\/larevista\/wp-json\/wp\/v2\/tags?post=21084"}],"curies":[{"name":"wp","href":"https:\/\/api.w.org\/{rel}","templated":true}]}}