{"id":21082,"date":"2022-03-14T00:00:00","date_gmt":"2022-03-14T06:00:00","guid":{"rendered":"https:\/\/dralvarez.com.mx\/larevista\/blog\/jose-tomas-5"},"modified":"2024-02-23T12:03:39","modified_gmt":"2024-02-23T18:03:39","slug":"jose-tomas-5","status":"publish","type":"post","link":"https:\/\/dralvarez.com.mx\/larevista\/opiniones\/jose-tomas-5","title":{"rendered":"Jos\u00e9 Tom\u00e1s&#8230;"},"content":{"rendered":"<p><b>Por: Cristina Pad\u00edn.<\/b><\/p>\n<p>Cuando el Alzheimer no le hab\u00eda robado una y mil cosas a \u00e9l le gustaban mucho las palabras agudas, dec\u00eda que eran las m\u00e1s sonoras. Y llam\u00f3 a su perro Jos\u00e9 Tom\u00e0s, por su amor por la acentuaci\u00f3n y por su admiraci\u00f3n y respeto hacia el Maestro de Galapagar. <\/p>\n<p>Jos\u00e9 Tom\u00e1s ten\u00eda ahora siete a\u00f1os y era un gran regalo para el anciano, le acompa\u00f1aba y adoraba como siempre lo hab\u00eda hecho..<\/p>\n<p>El se\u00f1or no lo supo, pero sucedi\u00f3. En una templada ma\u00f1ana de marzo anunciaron a Jos\u00e9 Tom\u00e1s. El torero. El que jam\u00e1s es postureo y siempre es pura verdad. El que ayuda a los que lo pasan mal y les dice que de eso se sale. El TORERO. El diestro que hechiz\u00f3 la infancia de Talavante..<\/p>\n<p>Jos\u00e9 Tom\u00e1s, si el abuelillo pudiera recordar, se apellida Rom\u00e1n Mart\u00edn. Cuatro agudas. Cuatro sustantivos. La palabra importa y la cultura aporta. Jos\u00e9 Tom\u00e0s: valor y arte. Lealtad y esencia. \u00c9tica y duende. Honor y tradici\u00f3n. Ser y estar. No prometer y hacer. <br \/>Jos\u00e8 Tom\u00e1s Rom\u00e1n Mart\u00edn!<\/p>\n<p>O el enamoramiento de un minuto concreto en el reloj del toreo. Un genio. \u00c9l. <\/p>\n<p>Ten\u00eda en mente una historia que narrar\u00e9 ma\u00f1ana<br \/>Hoy Jos\u00e8 Tom\u00e1s: valent\u00eda y verdad<br \/>Al toreo<br \/>A Jos\u00e8 Tom\u00e1s<br \/>A tomasistas<br \/>A Albriux: hay citas<br \/>A Arnaud<br \/>A las personas valientes y honestas. Veo muchas estos d\u00edas, y las admiro<br \/>A las palabras, y a las palabras agudas<br \/>A los abuelos y a la m\u00eda<br \/>A cada ser en lucha con ese monstruo llamado Alzheimer<br \/>A los perros<br \/>A mi querido Luis<br \/>A mi amigo Jm<br \/>A mi amigo Carlos<br \/>Y al duende taurino, algo que solo entienden los que lo sienten<\/p>\n","protected":false},"excerpt":{"rendered":"<p>Por: Cristina Pad\u00edn.<\/p>\n","protected":false},"author":1025,"featured_media":35961,"comment_status":"open","ping_status":"open","sticky":false,"template":"","format":"standard","meta":{"tdm_status":"","tdm_grid_status":"","footnotes":""},"categories":[25],"tags":[],"_links":{"self":[{"href":"https:\/\/dralvarez.com.mx\/larevista\/wp-json\/wp\/v2\/posts\/21082"}],"collection":[{"href":"https:\/\/dralvarez.com.mx\/larevista\/wp-json\/wp\/v2\/posts"}],"about":[{"href":"https:\/\/dralvarez.com.mx\/larevista\/wp-json\/wp\/v2\/types\/post"}],"author":[{"embeddable":true,"href":"https:\/\/dralvarez.com.mx\/larevista\/wp-json\/wp\/v2\/users\/1025"}],"replies":[{"embeddable":true,"href":"https:\/\/dralvarez.com.mx\/larevista\/wp-json\/wp\/v2\/comments?post=21082"}],"version-history":[{"count":1,"href":"https:\/\/dralvarez.com.mx\/larevista\/wp-json\/wp\/v2\/posts\/21082\/revisions"}],"predecessor-version":[{"id":35960,"href":"https:\/\/dralvarez.com.mx\/larevista\/wp-json\/wp\/v2\/posts\/21082\/revisions\/35960"}],"wp:featuredmedia":[{"embeddable":true,"href":"https:\/\/dralvarez.com.mx\/larevista\/wp-json\/wp\/v2\/media\/35961"}],"wp:attachment":[{"href":"https:\/\/dralvarez.com.mx\/larevista\/wp-json\/wp\/v2\/media?parent=21082"}],"wp:term":[{"taxonomy":"category","embeddable":true,"href":"https:\/\/dralvarez.com.mx\/larevista\/wp-json\/wp\/v2\/categories?post=21082"},{"taxonomy":"post_tag","embeddable":true,"href":"https:\/\/dralvarez.com.mx\/larevista\/wp-json\/wp\/v2\/tags?post=21082"}],"curies":[{"name":"wp","href":"https:\/\/api.w.org\/{rel}","templated":true}]}}