{"id":21060,"date":"2022-03-13T00:00:00","date_gmt":"2022-03-13T06:00:00","guid":{"rendered":"https:\/\/dralvarez.com.mx\/larevista\/blog\/francisco-cervantes-nuevo-presidente-del-cce"},"modified":"2024-02-23T12:02:58","modified_gmt":"2024-02-23T18:02:58","slug":"francisco-cervantes-nuevo-presidente-del-cce","status":"publish","type":"post","link":"https:\/\/dralvarez.com.mx\/larevista\/opiniones\/francisco-cervantes-nuevo-presidente-del-cce","title":{"rendered":"Francisco Cervantes, nuevo presidente del CCE."},"content":{"rendered":"<p><b><i>Contacto con la Pol\u00edtica Nacional<\/i>, por:&nbsp;Baltasar Barbolla.<\/b><\/p>\n<\/p>\n<p><b><i>Evento<br \/>\nde Mauricio Sahu\u00ed<\/i><\/b><\/p>\n<p>CDMX.- Como les he platicado en el \u00faltimo par de<br \/>\nsemanas, el escenario pol\u00edtico yucateco est\u00e1 teniendo cambios interesantes ya<br \/>\nque el PRI ha dado fuertes se\u00f1ales de vida. \u2013dijo a los presentes nuestra amiga<br \/>\nempresaria, con lo cual dio inicio a la charla de esta semana en el Balmoral-<br \/>\nSeguro recordar\u00e1n que les cont\u00e9 que el exgobernador <b>Rolando Zapata Bello<\/b> fue nombrado secretario de Alianzas Pol\u00edticas<br \/>\ny Agenda Ciudadana del Comit\u00e9 Ejecutivo Nacional (CEN) del tricolor hace unos<br \/>\nd\u00edas, as\u00ed como tambi\u00e9n que el senador <b>Jorge<br \/>\nCarlos Ram\u00edrez Mar\u00edn<\/b> demostr\u00f3 su liderazgo al fungir como el anfitri\u00f3n del<br \/>\nsenador <b>Ricardo Monreal<\/b> durante su<br \/>\nvisita a M\u00e9rida la semana pasada.<\/p>\n<p>-Claro, amiga empresaria. \u2013asinti\u00f3 el editorialista-<br \/>\nSeg\u00fan recuerdo de lo que nos dijiste, el nombramiento de Zapata Bello se dio<br \/>\nd\u00edas despu\u00e9s de que \u00e9ste anunciara su regreso formal a la pol\u00edtica y, respecto<br \/>\nal senador Ram\u00edrez Mar\u00edn, su papel como anfitri\u00f3n permiti\u00f3 que hubiese un gran<br \/>\nn\u00famero de militantes priistas en los eventos a los cuales asisti\u00f3 el senador<br \/>\nMonreal durante su visita a la capital yucateca.<\/p>\n<p>-As\u00ed es, amigo editorialista. \u2013retom\u00f3 la empresaria-<br \/>\nSe los recuerdo pues estas expresiones de fortaleza por parte de l\u00edderes<br \/>\npriistas yucatecos continuaron el pasado fin de semana luego de que Mauricio Sahu\u00ed<br \/>\norganizara un evento al cual asistieron importantes personajes relacionados con<br \/>\nel PRI y el \u00e1mbito pol\u00edtico en general.<\/p>\n<p>-Yo pude ir al evento que comenta nuestra amiga<br \/>\nempresaria. Fue el s\u00e1bado por la tarde y asistieron aproximadamente 350<br \/>\npersonas. \u2013comparti\u00f3 el amigo priista yucateco que nos acompa\u00f1\u00f3 hace dos<br \/>\nsemanas- Entre los asistentes, se encontraba el presidente del PRI Yucat\u00e1n, <b>Francisco Torres Rivas<\/b>; el exsenador y<br \/>\nexcandidato priista a la gubernatura de Chiapas,<b> Roberto Albores<\/b>; la presidenta en Yucat\u00e1n de la Federaci\u00f3n<br \/>\nNacional de Municipios de M\u00e9xico (FENAMM), <b>Hissele<br \/>\nD\u00edaz del Castillo<\/b>, y el secretario general, Joel Achach; y los legisladores<br \/>\nlocales priistas <b>Gaspar Quintal<\/b> y <b>Fabiola Loeza<\/b>. De igual manera,<br \/>\nasistieron empresarios, presidentes y expresidentes municipales del PRI,<br \/>\nexlegisladores priistas, expresidentes del comit\u00e9 estatal del PRI y l\u00edderes, no<br \/>\nsolo pri\u00edstas, sino tambi\u00e9n panistas, de Morena, del PVEM, del PRD y del<br \/>\nPANAL.  <\/p>\n<p>-Entonces, \u00bfestuviste en dicho evento? \u00a1Qu\u00e9 bueno que<br \/>\nte tengamos por ac\u00e1 \u00e9sta semana! \u2013exclam\u00f3 el consultor- Cu\u00e9ntanos, \u00bfdirigi\u00f3<br \/>\nalgunas palabras a los presentes Mauricio Sahu\u00ed?<\/p>\n<p>-Claro. \u2013respondi\u00f3 el priista yucateco- Sahu\u00ed dijo<br \/>\nque, aunque el motivo de la reuni\u00f3n era celebrar su cumplea\u00f1os, que hab\u00eda sido<br \/>\nel pasado 8 de febrero, no dejaba de ser un evento pol\u00edtico pues la pol\u00edtica<br \/>\nera algo elemental en su vida. Asimismo, hizo un llamado a la unidad del<br \/>\ntricolor y afirm\u00f3 que est\u00e1 en la disposici\u00f3n de apoyar al partido en lo que se<br \/>\nnecesite.<\/p>\n<p>-Si bien, no puede decirse que \u00e9ste fue el \u201cregreso\u201d<br \/>\nde Sahu\u00ed pues ya hab\u00eda estado activo pol\u00edticamente desde hace algunos meses, el<br \/>\nevento es por dem\u00e1s significativo debido al momento en que se hizo. <b>Rolando Zapata<\/b>, <b>Jorge Carlos Ram\u00edrez Mar\u00edn<\/b> y <b>Mauricio<br \/>\nSahu\u00ed<\/b> son los priistas yucatecos con mayor n\u00famero de simpatizantes en el<br \/>\nestado, por lo que sus recientes acciones han permitido que el PRI Yucat\u00e1n se<br \/>\nvea lo m\u00e1s fuerte que se ha visto en a\u00f1os.<\/p>\n<p>-En efecto, Baltasar; sin embargo, \u00e9stas muestras de<br \/>\nfortaleza ser\u00e1n est\u00e9riles si no se logran armonizar hacia un mismo sentido.<br \/>\n\u2013opin\u00f3 la empresaria- Seguramente \u00e9sta ser\u00e1 tarea del exgobernador Zapata Bello<br \/>\npues \u00e9l dijo que, por ser el \u00faltimo gobernador priista yucateco, era su<br \/>\nobligaci\u00f3n encabezar los esfuerzos para unir al tricolor. Adem\u00e1s, existe un<br \/>\ndistanciamiento p\u00fablico entre Ram\u00edrez Mar\u00edn y Sahu\u00ed Rivero desde las elecciones<br \/>\ndel 2018.<\/p>\n<p>-Coincido contigo, amiga empresaria. Lo m\u00e1s probable<br \/>\nes que Rolando Zapata sea el encargado de gestionar la unidad del PRI yucateco<br \/>\npues Mauricio Sahu\u00ed y Jorge Carlos Ram\u00edrez Mar\u00edn no se encuentran en los<br \/>\nmejores t\u00e9rminos actualmente. No ser\u00e1 una tarea sencilla, pero si alguien puede<br \/>\nlograrlo es Zapata Bello pues su capacidad de gesti\u00f3n y negociaci\u00f3n pol\u00edtica es<br \/>\nexcepcional; no por nada acaba de ser nombrado secretario de Alianzas Pol\u00edticas<br \/>\na nivel nacional. \u2013afirm\u00f3 el pol\u00edtico<\/p>\n<p>-El exgobernador yucateco tiene a su favor que tanto<br \/>\nSahu\u00ed como Ram\u00edrez Mar\u00edn han externado su disposici\u00f3n para lograr la unidad en<br \/>\nel partido. \u2013coment\u00f3 el priista yucateco- Aunque, para conseguir esto, se<br \/>\nnecesitar\u00e1 de una delicada labor de mediaci\u00f3n entre las partes, particularmente<br \/>\nen lo que respecta a las estructuras de ambos l\u00edderes pues se han guardado<br \/>\nresentimiento mutuo por a\u00f1os. Si no se contempla a los equipos en las pl\u00e1ticas<br \/>\npor la unidad partidista, todos los esfuerzos que se realicen correr\u00e1n el<br \/>\nriesgo de ser en vano.<\/p>\n<p>-En un periodo de 2 semanas, los 3 cuadros priistas<br \/>\nyucatecos con mayor cantidad de simpatizantes han llevado a cabo actos que les<br \/>\nhan permitido mostrar su fuerza. Probablemente, el PAN haya observado estas<br \/>\ndemostraciones con atenci\u00f3n desde sus espacios de gobierno, mientras que<br \/>\npartidos menos consolidados en el estado, como Morena, las hayan observado con<br \/>\nun poco m\u00e1s de preocupaci\u00f3n. \u2013concluy\u00f3 el editorialista- Independientemente de<br \/>\nesto, las muestras de fortaleza ser\u00e1n poco efectivas si no convergen en torno a<br \/>\nun mismo sentido. Ser\u00e1 una tarea ardua, pero imprescindible si el PRI busca<br \/>\ntener resultados favorables en las pr\u00f3ximas elecciones.<\/p>\n<p><b>.  .  .<\/b><\/p>\n<p><b><i>&nbsp;Francisco Cervantes, nuevo presidente del CCE.<\/i><\/b><\/p>\n<p>Platicamos tambi\u00e9n sobre la designaci\u00f3n de <b>Francisco Cervantes D\u00edaz<\/b> como<br \/>\npresidente del Consejo Coordinador Empresarial (CCE) en sustituci\u00f3n de <b>Carlos Salazar Lomel\u00edn<\/b>. El CCE es el<br \/>\nm\u00e1ximo \u00f3rgano de representaci\u00f3n del sector privado y agrupa a las 14<br \/>\nprincipales asociaciones empresariales del pa\u00eds. El principal objetivo del CCE<br \/>\nes coordinar y representar a las organizaciones del sector empresarial para ser<br \/>\nun motor de desarrollo del pa\u00eds, mientras se impulsa sustentablemente la<br \/>\nproductividad, la innovaci\u00f3n y el empleo, entre otros aspectos.<\/p>\n<p>-Los candidatos para ocupar la presidencia del CCE<br \/>\neran <b>Bosco de la Vega<\/b>, expresidente<br \/>\ndel Consejo Nacional Agropecuario (CNA), y <b>Francisco<br \/>\nCervantes<\/b>. \u2013cont\u00f3 la periodista- En la Asamblea Anual Ordinaria del CCE que<br \/>\nse celebr\u00f3 \u00e9ste mi\u00e9rcoles, se decidi\u00f3 que Cervantes sea el presidente para el<br \/>\nperiodo 2022 \u2013 2023.<\/p>\n<p>-Me parece que fue una decisi\u00f3n sensata pues Francisco<br \/>\nCervantes tiene el perfil adecuado para ser un interlocutor efectivo con el<br \/>\ngobierno federal. A lo largo de sus m\u00e1s de 20 a\u00f1os de experiencia, el nuevo<br \/>\npresidente del CCE ha trabajado en empresas a dedicadas distintos temas como<br \/>\ntecnolog\u00eda, educaci\u00f3n, inversiones; as\u00ed como tambi\u00e9n ha fungido como<br \/>\nsubsecretario de la Secretar\u00eda de Desarrollo Econ\u00f3mico del Estado de M\u00e9xico, ha<br \/>\nformado parte de consejos t\u00e9cnicos nacionales de distintos organismos, ha sido<br \/>\nconsejero del Consejo de Seguridad P\u00fablica del Estado de M\u00e9xico y ha sido<br \/>\npresidente de la Confederaci\u00f3n de C\u00e1maras Industriales, entre otros cargos.<br \/>\n\u2013comparti\u00f3 el analista<\/p>\n<p>-Creo que tienes raz\u00f3n, amigo analista, pues Francisco<br \/>\nCervantes dijo que la base permanente de su gesti\u00f3n al frente de la CCE ser\u00e1 el<br \/>\ndi\u00e1logo cordial y firme, lo cual denota experiencia en cuanto a las relaciones<br \/>\ngobierno \u2013 sector privado. \u2013se\u00f1al\u00f3 el pol\u00edtico- Cervantes D\u00edaz tambi\u00e9n<br \/>\ncomparti\u00f3 que las prioridades del CCE ser\u00edan la reactivaci\u00f3n econ\u00f3mica, el<br \/>\napoyo a las micro, peque\u00f1as y medianas empresas y la promoci\u00f3n del<br \/>\naprovechamiento de los beneficios del T-MEC.<\/p>\n<p>-Esperemos que el nuevo presidente de la CCE tenga un<br \/>\nbuen desempe\u00f1o pues puede ser un factor importante para fortalecer la<br \/>\ncertidumbre y as\u00ed fomentar la inversi\u00f3n. Su antecesor, Carlos Salazar Lomel\u00edn,<br \/>\nhizo un gran papel al frente del consejo, aunque por momentos tuvo una relaci\u00f3n<br \/>\npoco amable con el gobierno federal por rechazar acciones que pon\u00edan en riesgo<br \/>\nla estabilidad econ\u00f3mica del pa\u00eds y la seguridad del sector empresarial. Si<br \/>\nbien, no debemos aplaudir que exista una relaci\u00f3n hostil entre el CCE y el<br \/>\nejecutivo, debemos reconocer que esto se debi\u00f3 en gran parte a que no hubo una<br \/>\noposici\u00f3n s\u00f3lida por parte de los partidos pol\u00edticos, especialmente a inicios<br \/>\ndel sexenio.  -observ\u00f3 la abogada<\/p>\n<p>-Coincido; si Carlos Salazar Lomel\u00edn se convirti\u00f3 en<br \/>\nuna figura de oposici\u00f3n, fue porque no hab\u00eda suficientes figuras de oposici\u00f3n<br \/>\nen los partidos pol\u00edticos. Ahora bien, debemos recordar que al antiguo titular<br \/>\nde la CCE no le emocionaba tener tal posici\u00f3n y constantemente buscaba espacios<br \/>\nde di\u00e1logo con el gobierno, pero rara vez se manten\u00eda callado ante acciones<br \/>\ngubernamentales que pretend\u00edan afectar injustamente al sector privado.<br \/>\n\u2013concluy\u00f3 la periodista- Como dijeron anteriormente, Francisco Cervantes parece<br \/>\ntener las herramientas adecuadas para entablar di\u00e1logos cordiales con el<br \/>\ngobierno, aunque la realidad ha demostrado que eso depende m\u00e1s de los objetivos<br \/>\ndel presidente. Estaremos al pendiente de su gesti\u00f3n y, estoy segura de que<br \/>\nhablo a nombre de todos los presentes, le deseamos el mayor de los \u00e9xitos.<\/p><\/p>\n","protected":false},"excerpt":{"rendered":"<p>Contacto con la Pol\u00edtica Nacional.<\/p>\n","protected":false},"author":1114,"featured_media":35940,"comment_status":"open","ping_status":"open","sticky":false,"template":"","format":"standard","meta":{"tdm_status":"","tdm_grid_status":"","footnotes":""},"categories":[25],"tags":[],"_links":{"self":[{"href":"https:\/\/dralvarez.com.mx\/larevista\/wp-json\/wp\/v2\/posts\/21060"}],"collection":[{"href":"https:\/\/dralvarez.com.mx\/larevista\/wp-json\/wp\/v2\/posts"}],"about":[{"href":"https:\/\/dralvarez.com.mx\/larevista\/wp-json\/wp\/v2\/types\/post"}],"author":[{"embeddable":true,"href":"https:\/\/dralvarez.com.mx\/larevista\/wp-json\/wp\/v2\/users\/1114"}],"replies":[{"embeddable":true,"href":"https:\/\/dralvarez.com.mx\/larevista\/wp-json\/wp\/v2\/comments?post=21060"}],"version-history":[{"count":1,"href":"https:\/\/dralvarez.com.mx\/larevista\/wp-json\/wp\/v2\/posts\/21060\/revisions"}],"predecessor-version":[{"id":35939,"href":"https:\/\/dralvarez.com.mx\/larevista\/wp-json\/wp\/v2\/posts\/21060\/revisions\/35939"}],"wp:featuredmedia":[{"embeddable":true,"href":"https:\/\/dralvarez.com.mx\/larevista\/wp-json\/wp\/v2\/media\/35940"}],"wp:attachment":[{"href":"https:\/\/dralvarez.com.mx\/larevista\/wp-json\/wp\/v2\/media?parent=21060"}],"wp:term":[{"taxonomy":"category","embeddable":true,"href":"https:\/\/dralvarez.com.mx\/larevista\/wp-json\/wp\/v2\/categories?post=21060"},{"taxonomy":"post_tag","embeddable":true,"href":"https:\/\/dralvarez.com.mx\/larevista\/wp-json\/wp\/v2\/tags?post=21060"}],"curies":[{"name":"wp","href":"https:\/\/api.w.org\/{rel}","templated":true}]}}