{"id":21050,"date":"2022-03-05T00:00:00","date_gmt":"2022-03-05T06:00:00","guid":{"rendered":"https:\/\/dralvarez.com.mx\/larevista\/blog\/los-suenos-que-llegaron-en-marzo"},"modified":"2024-02-23T12:02:34","modified_gmt":"2024-02-23T18:02:34","slug":"los-suenos-que-llegaron-en-marzo","status":"publish","type":"post","link":"https:\/\/dralvarez.com.mx\/larevista\/opiniones\/los-suenos-que-llegaron-en-marzo","title":{"rendered":"Los sue\u00f1os que llegaron en marzo&#8230;"},"content":{"rendered":"<p><b>Por: Cristina Pad\u00edn.<\/b><\/p>\n<p>Llegaron en marzo, como llegan las tardes m\u00e1s largas, las faldas m\u00e1s cortas, las hojas m\u00e1s bellas. Llegaron como cada a\u00f1o, puros y frescos, con la esperanza escrita en la piel y con la ilusi\u00f3n dibujada en el alma. Como una canci\u00f3n de Alejandro Sanz susurrada, como una copa de vino a la vera del mar, como ese beso que se da cuando ya se ha imaginado setecientas tres veces, como el latido del aturuxo de Tanxugueiras, como el olor inconfundible de la Semana Santa..<\/p>\n<p>Llegaron. En marzo. Eran los sue\u00f1os.. <\/p>\n<p>Eran los sue\u00f1os de los que empiezan con inquietud y alegr\u00eda la temporada. Eran los sue\u00f1os de la afici\u00f3n, de la entrega, de vivir al comp\u00e1s de una muleta. Eran los sue\u00f1os que acarician la primavera. Los que nacen dentro, en lo que importa, en lo que se calla y no se pregona, los que nacen en lo que se guarda y se ama. Eran los sue\u00f1os que beben de la pureza. Del arte, de la exquisita sensibilidad de por ejemplo El bosque animado, de la fantas\u00eda..<\/p>\n<p>Llegaron en marzo los sue\u00f1os que sue\u00f1an el toreo..<\/p>\n<p>Dedicado a marzo, mes que amo<br \/>Al toreo: ARTE<br \/>A todos los que hab\u00e9is felicitado mi cumplea\u00f1os<br \/>A Manuela, hoy pendiente de ti, tqm<br \/>A mi querido Luis<br \/>A Isabel<br \/>A Olivenza<br \/>A Alejandro Sanz<br \/>A Tanxugueiras<br \/>A los libros y la cultura<br \/>A El bosque animado, libro que adoro regalar<br \/>A mi querido n\u00famero 1<br \/>A Carlos<br \/>A la espera bella de la Semana Santa<\/p>\n","protected":false},"excerpt":{"rendered":"<p>Por: Cristina Pad\u00edn.<\/p>\n","protected":false},"author":1025,"featured_media":35932,"comment_status":"open","ping_status":"open","sticky":false,"template":"","format":"standard","meta":{"tdm_status":"","tdm_grid_status":"","footnotes":""},"categories":[25],"tags":[],"_links":{"self":[{"href":"https:\/\/dralvarez.com.mx\/larevista\/wp-json\/wp\/v2\/posts\/21050"}],"collection":[{"href":"https:\/\/dralvarez.com.mx\/larevista\/wp-json\/wp\/v2\/posts"}],"about":[{"href":"https:\/\/dralvarez.com.mx\/larevista\/wp-json\/wp\/v2\/types\/post"}],"author":[{"embeddable":true,"href":"https:\/\/dralvarez.com.mx\/larevista\/wp-json\/wp\/v2\/users\/1025"}],"replies":[{"embeddable":true,"href":"https:\/\/dralvarez.com.mx\/larevista\/wp-json\/wp\/v2\/comments?post=21050"}],"version-history":[{"count":1,"href":"https:\/\/dralvarez.com.mx\/larevista\/wp-json\/wp\/v2\/posts\/21050\/revisions"}],"predecessor-version":[{"id":35931,"href":"https:\/\/dralvarez.com.mx\/larevista\/wp-json\/wp\/v2\/posts\/21050\/revisions\/35931"}],"wp:featuredmedia":[{"embeddable":true,"href":"https:\/\/dralvarez.com.mx\/larevista\/wp-json\/wp\/v2\/media\/35932"}],"wp:attachment":[{"href":"https:\/\/dralvarez.com.mx\/larevista\/wp-json\/wp\/v2\/media?parent=21050"}],"wp:term":[{"taxonomy":"category","embeddable":true,"href":"https:\/\/dralvarez.com.mx\/larevista\/wp-json\/wp\/v2\/categories?post=21050"},{"taxonomy":"post_tag","embeddable":true,"href":"https:\/\/dralvarez.com.mx\/larevista\/wp-json\/wp\/v2\/tags?post=21050"}],"curies":[{"name":"wp","href":"https:\/\/api.w.org\/{rel}","templated":true}]}}