{"id":21036,"date":"2022-03-04T00:00:00","date_gmt":"2022-03-04T06:00:00","guid":{"rendered":"https:\/\/dralvarez.com.mx\/larevista\/blog\/ese-miercoles-del-ano"},"modified":"2024-02-23T12:02:02","modified_gmt":"2024-02-23T18:02:02","slug":"ese-miercoles-del-ano","status":"publish","type":"post","link":"https:\/\/dralvarez.com.mx\/larevista\/opiniones\/ese-miercoles-del-ano","title":{"rendered":"Ese mi\u00e9rcoles del a\u00f1o&#8230;"},"content":{"rendered":"<p><b>Por: Cristina Pad\u00edn.<\/b><\/p>\n<p>Amaneci\u00f3. En color plateado y azul. Porque jam\u00e1s una noche le ha ganado a un amanecer, porque nunca ha pasado lo que imagina Ni\u00f1a Pastori en su canci\u00f3n de san Juan. Amaneci\u00f3, y el d\u00eda se puso muy contento. Una alegr\u00eda serena y sobria, ya atr\u00e1s quedaba el color alocado de Carnaval. Una alegr\u00eda humilde, tradicional, sensata y pura. <\/p>\n<p>El d\u00eda era mi\u00e9rcoles..<\/p>\n<p>Era lo que somos los que formamos parte de una comuni\u00f3n, y nos alegramos de estar en ella. Era el rescoldo del pasado Domingo de Ramos. Era la esperanza, el color morado, era una llamada a ser y a saber ser. Una de las m\u00e1s bonitas costumbres. Era el rito, el silencio, las sabias palabras, era el inicio de esa \u00e9poca tan hermosa que es la Cuaresma..<\/p>\n<p>Aquel d\u00eda era Mi\u00e9rcoles de Ceniza..<\/p>\n<p>Un d\u00eda bueno que trae esperanza<br \/>Dedicado a este d\u00eda y a nuestras costumbres<br \/>Me encanta esta \u00e9poca<br \/>A mi amiga Grethel<br \/>A mi querido Luis<br \/>A Carlos<br \/>A las personas de ley<br \/>A los amaneceres<br \/>A Ni\u00f1a Pastori<\/p>\n","protected":false},"excerpt":{"rendered":"<p>Por: Cristina Pad\u00edn.<\/p>\n","protected":false},"author":1025,"featured_media":35919,"comment_status":"open","ping_status":"open","sticky":false,"template":"","format":"standard","meta":{"tdm_status":"","tdm_grid_status":"","footnotes":""},"categories":[25],"tags":[],"_links":{"self":[{"href":"https:\/\/dralvarez.com.mx\/larevista\/wp-json\/wp\/v2\/posts\/21036"}],"collection":[{"href":"https:\/\/dralvarez.com.mx\/larevista\/wp-json\/wp\/v2\/posts"}],"about":[{"href":"https:\/\/dralvarez.com.mx\/larevista\/wp-json\/wp\/v2\/types\/post"}],"author":[{"embeddable":true,"href":"https:\/\/dralvarez.com.mx\/larevista\/wp-json\/wp\/v2\/users\/1025"}],"replies":[{"embeddable":true,"href":"https:\/\/dralvarez.com.mx\/larevista\/wp-json\/wp\/v2\/comments?post=21036"}],"version-history":[{"count":1,"href":"https:\/\/dralvarez.com.mx\/larevista\/wp-json\/wp\/v2\/posts\/21036\/revisions"}],"predecessor-version":[{"id":35918,"href":"https:\/\/dralvarez.com.mx\/larevista\/wp-json\/wp\/v2\/posts\/21036\/revisions\/35918"}],"wp:featuredmedia":[{"embeddable":true,"href":"https:\/\/dralvarez.com.mx\/larevista\/wp-json\/wp\/v2\/media\/35919"}],"wp:attachment":[{"href":"https:\/\/dralvarez.com.mx\/larevista\/wp-json\/wp\/v2\/media?parent=21036"}],"wp:term":[{"taxonomy":"category","embeddable":true,"href":"https:\/\/dralvarez.com.mx\/larevista\/wp-json\/wp\/v2\/categories?post=21036"},{"taxonomy":"post_tag","embeddable":true,"href":"https:\/\/dralvarez.com.mx\/larevista\/wp-json\/wp\/v2\/tags?post=21036"}],"curies":[{"name":"wp","href":"https:\/\/api.w.org\/{rel}","templated":true}]}}