{"id":21030,"date":"2022-03-04T00:00:00","date_gmt":"2022-03-04T06:00:00","guid":{"rendered":"https:\/\/dralvarez.com.mx\/larevista\/blog\/marzo-y-martes-de-carnaval"},"modified":"2024-02-23T12:01:47","modified_gmt":"2024-02-23T18:01:47","slug":"marzo-y-martes-de-carnaval","status":"publish","type":"post","link":"https:\/\/dralvarez.com.mx\/larevista\/opiniones\/marzo-y-martes-de-carnaval","title":{"rendered":"Marzo y Martes de Carnaval&#8230;"},"content":{"rendered":"<p><b>Por: Cristina Pad\u00edn.<\/b><\/p>\n<p>Marzo trae la luz y las hojas. Las hojas son las cunas que mecen las palabras. Palabras sabias y sinceras y honestas se necesitan hoy. Hoy es Martes de Carnaval. Carnaval es una \u00e9poca del a\u00f1o con color y parodia.. y bastante reflexi\u00f3n. Reflexi\u00f3n es lo que falta muchas veces.. <\/p>\n<p>Muchas veces el Carnaval no cae en marzo. Marzo es la primavera y las tardes que crecen. Crecen las ilusiones cuando llega esta fecha, y la esperanza.. La esperanza es el coraz\u00f3n del alma. Alma y sensibilidad.. qu\u00e9 falta hacen! Y cultura! Cultura es saber apreciar Martes de Carnaval..<\/p>\n<p>De Valle-Incl\u00e0n. El esperpento. Tanto. Qu\u00e9 palabras!<\/p>\n<p>Hoy es Martes de Carnaval. Ma\u00f1ana la Ceniza purificar\u00e1..<\/p>\n<p>Dedicado a este Martes de Carnaval tan convulso<br \/>A la memoria de Valle-Incl\u00e0n<br \/>A las personas con lealtad y verdad<br \/>A mi querido Luis<br \/>A mi tierra, Galicia, y sus bellas tradiciones<br \/>A mi amigo Jm<br \/>A la cultura y a las personas cultas. Nada es posible sin cultura<br \/>A marzo, mes que amo<\/p>\n","protected":false},"excerpt":{"rendered":"<p>Por: Cristina Pad\u00edn.<\/p>\n","protected":false},"author":1025,"featured_media":35913,"comment_status":"open","ping_status":"open","sticky":false,"template":"","format":"standard","meta":{"tdm_status":"","tdm_grid_status":"","footnotes":""},"categories":[25],"tags":[],"_links":{"self":[{"href":"https:\/\/dralvarez.com.mx\/larevista\/wp-json\/wp\/v2\/posts\/21030"}],"collection":[{"href":"https:\/\/dralvarez.com.mx\/larevista\/wp-json\/wp\/v2\/posts"}],"about":[{"href":"https:\/\/dralvarez.com.mx\/larevista\/wp-json\/wp\/v2\/types\/post"}],"author":[{"embeddable":true,"href":"https:\/\/dralvarez.com.mx\/larevista\/wp-json\/wp\/v2\/users\/1025"}],"replies":[{"embeddable":true,"href":"https:\/\/dralvarez.com.mx\/larevista\/wp-json\/wp\/v2\/comments?post=21030"}],"version-history":[{"count":1,"href":"https:\/\/dralvarez.com.mx\/larevista\/wp-json\/wp\/v2\/posts\/21030\/revisions"}],"predecessor-version":[{"id":35912,"href":"https:\/\/dralvarez.com.mx\/larevista\/wp-json\/wp\/v2\/posts\/21030\/revisions\/35912"}],"wp:featuredmedia":[{"embeddable":true,"href":"https:\/\/dralvarez.com.mx\/larevista\/wp-json\/wp\/v2\/media\/35913"}],"wp:attachment":[{"href":"https:\/\/dralvarez.com.mx\/larevista\/wp-json\/wp\/v2\/media?parent=21030"}],"wp:term":[{"taxonomy":"category","embeddable":true,"href":"https:\/\/dralvarez.com.mx\/larevista\/wp-json\/wp\/v2\/categories?post=21030"},{"taxonomy":"post_tag","embeddable":true,"href":"https:\/\/dralvarez.com.mx\/larevista\/wp-json\/wp\/v2\/tags?post=21030"}],"curies":[{"name":"wp","href":"https:\/\/api.w.org\/{rel}","templated":true}]}}