{"id":21024,"date":"2022-03-01T00:00:00","date_gmt":"2022-03-01T06:00:00","guid":{"rendered":"https:\/\/dralvarez.com.mx\/larevista\/blog\/entroido-tradiciones"},"modified":"2024-02-23T12:01:19","modified_gmt":"2024-02-23T18:01:19","slug":"entroido-tradiciones","status":"publish","type":"post","link":"https:\/\/dralvarez.com.mx\/larevista\/opiniones\/entroido-tradiciones","title":{"rendered":"Entroido!! Tradiciones!!"},"content":{"rendered":"<p><b>Por: Cristina Pad\u00edn.<\/b><\/p>\n<p>Aquella era una hermosa m\u00e1scara que estaba formada por una careta de madera, y pintada de colores llamativos, prolongada en una especie de mitra de metal con un motivo lindo animal (le\u00f3n o lobo o buey) sobre fondo liso.. Existen fotos de la d\u00e9cada de 1930 en las que queda claro que se empleaban dise\u00f1os modernistas, con colores vivos y dise\u00f1os figurativos centrales como animales (caballos, toros, perros, ciervos, gallos, p\u00e1jaros ex\u00f3ticos); cuerpos astrales (Sol, Luna, estrellas);  humanos (toreros, caballeros, gaiteros)..<\/p>\n<p>Era un peliqueiro. De Laza. De tama\u00f1o muy peque\u00f1o en aquella ocasi\u00f3n. Era azul y rojo y blanco y rosa y de cien colores, era tradici\u00f3n y magia gallega en movimiento, era aut\u00e9ntica obra de arte nacida en el pueblo, era legado de lo que es nuestro y tiene gran valor. Era un peliqueiro. Precioso! Aquel lunes de Carnaval, Entroido en Galicia, los ni\u00f1os no ten\u00edan clase y echaban la tarde merendando orejas y filloas, y jugando a todo lo que era propio de la \u00e9poca. \u00c9poca bonita! Dise\u00f1aron su propio peliqueiro\u2026 y all\u00ed estaba. Listo para viajar a la divina Andaluc\u00eda, que festejaba su d\u00eda.<\/p>\n<p>Se lo mandaban a C.. un ni\u00f1o que padec\u00eda una de las que llaman enfermedades raras. Los peque\u00f1os pensaban que era un mal tan duro como los otros, los que no se llamaban raros..<\/p>\n<p>En este d\u00eda una historia que une mi amada Galicia con mi amada Andaluc\u00eda, y que env\u00eda un cari\u00f1o especial a todos aquellos que luchan contra la enfermedad y contra la enfermedad rara<br \/>A Galicia<br \/>Al Entroido gallego, fant\u00e1stico!<br \/>A Andaluc\u00eda y mis andaluces<br \/>A mi querido Luis<br \/>A los peliqueiros<br \/>A las personas con alma<br \/>Y a nuestras tradiciones. Si no las defendemos nosostros.. pues..<\/p>\n","protected":false},"excerpt":{"rendered":"<p>Por: Cristina Pad\u00edn.<\/p>\n","protected":false},"author":1025,"featured_media":35907,"comment_status":"open","ping_status":"open","sticky":false,"template":"","format":"standard","meta":{"tdm_status":"","tdm_grid_status":"","footnotes":""},"categories":[25],"tags":[],"_links":{"self":[{"href":"https:\/\/dralvarez.com.mx\/larevista\/wp-json\/wp\/v2\/posts\/21024"}],"collection":[{"href":"https:\/\/dralvarez.com.mx\/larevista\/wp-json\/wp\/v2\/posts"}],"about":[{"href":"https:\/\/dralvarez.com.mx\/larevista\/wp-json\/wp\/v2\/types\/post"}],"author":[{"embeddable":true,"href":"https:\/\/dralvarez.com.mx\/larevista\/wp-json\/wp\/v2\/users\/1025"}],"replies":[{"embeddable":true,"href":"https:\/\/dralvarez.com.mx\/larevista\/wp-json\/wp\/v2\/comments?post=21024"}],"version-history":[{"count":1,"href":"https:\/\/dralvarez.com.mx\/larevista\/wp-json\/wp\/v2\/posts\/21024\/revisions"}],"predecessor-version":[{"id":35906,"href":"https:\/\/dralvarez.com.mx\/larevista\/wp-json\/wp\/v2\/posts\/21024\/revisions\/35906"}],"wp:featuredmedia":[{"embeddable":true,"href":"https:\/\/dralvarez.com.mx\/larevista\/wp-json\/wp\/v2\/media\/35907"}],"wp:attachment":[{"href":"https:\/\/dralvarez.com.mx\/larevista\/wp-json\/wp\/v2\/media?parent=21024"}],"wp:term":[{"taxonomy":"category","embeddable":true,"href":"https:\/\/dralvarez.com.mx\/larevista\/wp-json\/wp\/v2\/categories?post=21024"},{"taxonomy":"post_tag","embeddable":true,"href":"https:\/\/dralvarez.com.mx\/larevista\/wp-json\/wp\/v2\/tags?post=21024"}],"curies":[{"name":"wp","href":"https:\/\/api.w.org\/{rel}","templated":true}]}}