{"id":21012,"date":"2022-03-01T00:00:00","date_gmt":"2022-03-01T06:00:00","guid":{"rendered":"https:\/\/dralvarez.com.mx\/larevista\/blog\/la-verdad-nos-hara-libres-en-la-proxima-consulta-2"},"modified":"2024-02-23T12:00:45","modified_gmt":"2024-02-23T18:00:45","slug":"la-verdad-nos-hara-libres-en-la-proxima-consulta-2","status":"publish","type":"post","link":"https:\/\/dralvarez.com.mx\/larevista\/opiniones\/la-verdad-nos-hara-libres-en-la-proxima-consulta-2","title":{"rendered":"La verdad nos har\u00e1 libres,  en la pr\u00f3xima consulta"},"content":{"rendered":"<p><b>Por: Daniel Molina Bezies.<\/b><\/p>\n<p><b>Correo: infomarcionsinbaches@gmail.com<\/b><br \/><b>@DanMSocial<\/b><\/p>\n<\/p>\n<p>La verdad nos har\u00e1 libres. Esta frase tan antigua, de<br \/>\naquellos a\u00f1os de los pensadores griegos, as\u00ed como en alg\u00fan libro de la biblia.<\/p>\n<p>Algo muy cierto en el ser humano, si uno va cerrando<br \/>\nsu alma, es a trav\u00e9s de no aceptar su realidad y no luchar para cambiarla. Esta<br \/>\nverdad, que es tan clara, aunque tus seres cercanos, familia y el colectivo<br \/>\nsocial de tu entorno quiera disfrazarla, sin poder lograrlo; ya que lo que<br \/>\nnunca se puede hacer, es enga\u00f1arse a s\u00ed mismo.<\/p>\n<p>Ahora, despu\u00e9s de encarar tu verdad, el siguiente paso<br \/>\nes ser libre. La primera libertad debe de ser la del pensamiento y del coraz\u00f3n,<br \/>\naquella que muchas veces puede ser secuestrada por quien te rodea. Cuantas<br \/>\nveces vemos atrapadas mentes en el condicionamiento, presi\u00f3n y culpabilidad del<br \/>\notro. Esto llega a suceder enarbolando banderas de justicia, amor y la misma<br \/>\nlibertad; esa que realmente est\u00e1 siendo arrancada de tu mente y de tu alma,<br \/>\npara vivir en el cautiverio, en tristeza, melancol\u00eda y sin felicidad.<\/p>\n<p>As\u00ed, puede vivir una persona, una familia o un pueblo<br \/>\ncompleto, por muchos a\u00f1os. En el fondo se busca la verdad, esa que lo har\u00e1<br \/>\nlibre, pero para poder lograrlo, solo hay que tomar las decisiones en el<br \/>\nmomento y lugar adecuado.<\/p>\n<p>El miedo te atrapar\u00e1, pero hay que estar decidido ha<br \/>\ncambiar, porque las oportunidades siempre se presentan y hay que atreverse a<br \/>\ntomarlas. Pero recuerda, no hay forma de ver que estas avanzando, sino ves el<br \/>\npasado a tu espalda. As\u00ed que, si es necesario en tu decisi\u00f3n cortar un miembro<br \/>\npara soltar aquello que te da\u00f1a, \u00a1amp\u00fatalo!, que ese sacrificio te dar\u00e1<br \/>\nfelicidad.<\/p>\n<p>Y no temas a lo que viene, siempre ser\u00e1 un misterio,<br \/>\npero te aseguro que ser\u00e1 mejor que aquello que te mantuvo en el cautiverio de<br \/>\ntu pensamiento, consumiendo tu alma y no permiti\u00e9ndote ser t\u00fa.<\/p>\n<p>La decisi\u00f3n est\u00e1 en cada uno de nosotros, as\u00ed que, la<br \/>\npr\u00f3xima consulta ciudadana, pon en pr\u00e1ctica tu verdad y hag\u00e1moslo con<br \/>\nconciencia.<\/p>\n<p>Cuarta Transformaci\u00f3n, busca avanzar Reformas en el<br \/>\nSenado.<\/p>\n<p>En pre\u00e1mbulo de la pr\u00f3xima consulta ciudadana, hoy<br \/>\nRicardo Monreal \u00c1vila en su calidad de Coordinador del Grupo Parlamentario,<br \/>\ntiene que trabajar con los senadores de su partido, pero al mismo tiempo, tiene<br \/>\nque dialogar con los l\u00edderes de los dem\u00e1s Grupos Parlamentarios para lograr<br \/>\nreformas fundamentales para continuar con el proyecto de la Cuarta<br \/>\nTransformaci\u00f3n.<\/p>\n<p>Las Reformas al Sector El\u00e9ctrico Nacional; la Reforma<br \/>\nque se espera lograr a lo largo de la LXV Legislatura al Sistema Pol\u00edtico \u2013<br \/>\nElectoral del pa\u00eds y, sin olvidar lo referente a la Guardia Nacional a las<br \/>\nFuerzas Armadas, es parte importante de lo que falta para los cambios plateados<br \/>\npor el ejecutivo de la naci\u00f3n.<\/p>\n<p>El presidente de la Junta de Coordinaci\u00f3n Pol\u00edtica,<br \/>\ndel senado, Ricardo Monreal se vuelve un activo para el presidente y, sobre<br \/>\ntodo, que la Cuarta Transformaci\u00f3n, debe ser planteada desde la ley, para<br \/>\nconsolidarse.<\/p>\n<p>Esperemos a la oposici\u00f3n, que poco a poco haya<br \/>\naprendido a serlo, desde su trinchera, ya que har\u00e1 lo posible para que estas<br \/>\nreformas no avancen.<\/p>\n<p><b>Tiempo<br \/>\nal tiempo.<\/b><\/p><\/p>\n","protected":false},"excerpt":{"rendered":"<p>Por: Daniel Molina Bezies.<\/p>\n","protected":false},"author":1132,"featured_media":35896,"comment_status":"open","ping_status":"open","sticky":false,"template":"","format":"standard","meta":{"tdm_status":"","tdm_grid_status":"","footnotes":""},"categories":[25],"tags":[],"_links":{"self":[{"href":"https:\/\/dralvarez.com.mx\/larevista\/wp-json\/wp\/v2\/posts\/21012"}],"collection":[{"href":"https:\/\/dralvarez.com.mx\/larevista\/wp-json\/wp\/v2\/posts"}],"about":[{"href":"https:\/\/dralvarez.com.mx\/larevista\/wp-json\/wp\/v2\/types\/post"}],"author":[{"embeddable":true,"href":"https:\/\/dralvarez.com.mx\/larevista\/wp-json\/wp\/v2\/users\/1132"}],"replies":[{"embeddable":true,"href":"https:\/\/dralvarez.com.mx\/larevista\/wp-json\/wp\/v2\/comments?post=21012"}],"version-history":[{"count":1,"href":"https:\/\/dralvarez.com.mx\/larevista\/wp-json\/wp\/v2\/posts\/21012\/revisions"}],"predecessor-version":[{"id":35895,"href":"https:\/\/dralvarez.com.mx\/larevista\/wp-json\/wp\/v2\/posts\/21012\/revisions\/35895"}],"wp:featuredmedia":[{"embeddable":true,"href":"https:\/\/dralvarez.com.mx\/larevista\/wp-json\/wp\/v2\/media\/35896"}],"wp:attachment":[{"href":"https:\/\/dralvarez.com.mx\/larevista\/wp-json\/wp\/v2\/media?parent=21012"}],"wp:term":[{"taxonomy":"category","embeddable":true,"href":"https:\/\/dralvarez.com.mx\/larevista\/wp-json\/wp\/v2\/categories?post=21012"},{"taxonomy":"post_tag","embeddable":true,"href":"https:\/\/dralvarez.com.mx\/larevista\/wp-json\/wp\/v2\/tags?post=21012"}],"curies":[{"name":"wp","href":"https:\/\/api.w.org\/{rel}","templated":true}]}}