{"id":21010,"date":"2022-03-01T00:00:00","date_gmt":"2022-03-01T06:00:00","guid":{"rendered":"https:\/\/dralvarez.com.mx\/larevista\/blog\/lilly-tellez-2"},"modified":"2024-02-23T12:00:43","modified_gmt":"2024-02-23T18:00:43","slug":"lilly-tellez-2","status":"publish","type":"post","link":"https:\/\/dralvarez.com.mx\/larevista\/opiniones\/lilly-tellez-2","title":{"rendered":"\u00bfLilly T\u00e9llez?"},"content":{"rendered":"<p><b>Por: Bernardo Graue Toussaint.<\/b><\/p>\n<p><b>Correo: graue.cap@gmail.com<\/b><br \/><b>@bernardo_grauet<\/b><\/p>\n<\/p>\n<p>Antes que nada, quiero aclarar que no tengo ninguna<br \/>\nanimadversi\u00f3n con la senadora Mar\u00eda Lilly del Carmen T\u00e9llez Garc\u00eda, mejor<br \/>\nconocida como Lilly T\u00e9llez.<\/p>\n<p>Reconozco que la senadora por Sonora tiene<br \/>\nindiscutibles m\u00e9ritos pol\u00edticos, empezando por haber tenido la valent\u00eda de<br \/>\nabandonar la bancada de MORENA en el Senado de la Rep\u00fablica, as\u00ed como sus<br \/>\ndemostradas dotes pol\u00edticas, medi\u00e1ticas y de oratoria.<\/p>\n<p>Hecha la pertinente aclaraci\u00f3n, me sorprendi\u00f3 que hace<br \/>\nunos d\u00edas apareci\u00f3 en diversos medios informativos la nota relativa a un<br \/>\npresunto &#8220;destape&#8221; de la senadora como aspirante a una candidatura a<br \/>\nla Presidencia  de la Rep\u00fablica en los<br \/>\ncomicios del 2024. En dicha informaci\u00f3n, se destacaba la declaraci\u00f3n de Lilly<br \/>\nT\u00e9llez:<\/p>\n<p>&#8220;Si yo fuera Presidenta no hay nada que me<br \/>\ngustar\u00eda m\u00e1s que meter a prisi\u00f3n a L\u00f3pez Obrador, a su gabinete y a otras<br \/>\npersonas&#8221; (fin de la cita)<\/p>\n<p>A ver, a ver&#8230;<\/p>\n<p>Si hay alguien que desea que, alg\u00fan d\u00eda, AMLO y determinados<br \/>\ncolaboradores sean juzgados por diversos delitos cometidos, es el que escribe<br \/>\nestas l\u00edneas. Estoy seguro de que ese d\u00eda llegar\u00e1. Por lo mismo, comparto ese<br \/>\ndeseo de la senadora por Sonora de que algunos personajes de la actual<br \/>\nadministraci\u00f3n federal deban de enfrentar diversas responsabilidades legales en<br \/>\nsu contra.<\/p>\n<p>Sin embargo, considero que el hecho de que Lilly<br \/>\nT\u00e9llez sea considerada como una legisladora &#8220;entrona&#8221; o<br \/>\n&#8220;valiente oradora&#8221; no le otorga credenciales o aptitudes suficientes<br \/>\npara ocupar el cargo de Presidente de la Rep\u00fablica.<\/p>\n<p>Lo tengo claro. Yo no votar\u00e9 en el 2024 por qui\u00e9n me<br \/>\nprometa &#8220;entambar&#8221; (meter en la c\u00e1rcel) a AMLO ni a nadie. Ese no<br \/>\ndebe ser el eje central de una plataforma electoral de un candidato o partido<br \/>\npol\u00edtico. No votar\u00e9 por qui\u00e9n me prometa una revancha de rejas carcelarias.<\/p>\n<p>Yo votar\u00e9 en 2024 por qui\u00e9n me ofrezca:<\/p>\n<p>1.-Un programa convincente de reconstrucci\u00f3n nacional,<br \/>\ndados los graves da\u00f1os producidos por esta administraci\u00f3n.<\/p>\n<p>2.-Un programa de concordia entre mexicanos.<br \/>\nNecesitamos revertir el clima de divisi\u00f3n y enfrentamiento social que el<br \/>\ngobierno de AMLO impuls\u00f3 durante su gobierno.<\/p>\n<p>3.-Una propuesta sensata de seguridad p\u00fablica.<br \/>\nNecesitamos garantizar que el Estado mexicano proteja a las mayor\u00edas pac\u00edficas<br \/>\ndel embate de las minor\u00edas violentas. Punto.<\/p>\n<p>Estoy convencido de que M\u00e9xico merece un candidato o<br \/>\ncandidata presidencial que sea:<\/p>\n<p>A.-PROFUNDAMENTE RESPETUOSO(A) POR LA DEMOCRACIA.<\/p>\n<p>B.-FIRME.<\/p>\n<p>C.-MESURADO(A)<\/p>\n<p>D.-CON PLENO APRECIO Y APEGO A LA LEGALIDAD.<\/p>\n<p>E.-QUE SEA CLARO(A).<\/p>\n<p>F.-QUE EVITE DECIRLE A CADA AUDITORIO LO QUE CADA UNO<br \/>\nQUIERE O\u00cdR.<\/p>\n<p>Puedo entender las buenas intenciones de la senadora<br \/>\nLilly T\u00e9llez, sin embargo, considero que el pa\u00eds no requiere una carrera de<br \/>\nrelevos en materia de demagogia. M\u00e9xico merece un candidato o candidata que<br \/>\nunifique en lo esencial a la naci\u00f3n. M\u00e9xico necesita una campa\u00f1a electoral que<br \/>\nconvoque a la participaci\u00f3n pac\u00edfica de todos los mexicanos para revertir los<br \/>\ngraves da\u00f1os producidos por esta administraci\u00f3n. M\u00e9xico requiere una campa\u00f1a de<br \/>\npalabras sensatas, no una competencia de insultos, improperios, insolencias,<br \/>\nmofas o falsedades.<\/p>\n<p>\u00bfQui\u00e9n debe ganar la candidatura a la Presidencia de<br \/>\nla Rep\u00fablica? No lo s\u00e9 ni me corresponde resolver esa duda. S\u00ed considero que lo<br \/>\nque se debe de evitar es caer en la trampa de que el destino de M\u00e9xico se ponga<br \/>\nen manos de &#8220;entrones&#8221; ni de quienes juren revanchas. Suficiente<br \/>\nsufrimiento humano ha tenido nuestro pa\u00eds para darle continuidad a la violencia<br \/>\nverbal o f\u00edsica que prevalece hoy. Es hora de que apostemos por el sentido<br \/>\ncom\u00fan, por la sensatez y por la mesura. La democracia mexicana lo requiere hoy<br \/>\nm\u00e1s que nunca.<\/p><\/p>\n","protected":false},"excerpt":{"rendered":"<p>Por: Bernardo Graue Toussaint.<\/p>\n","protected":false},"author":1030,"featured_media":0,"comment_status":"open","ping_status":"open","sticky":false,"template":"","format":"standard","meta":{"tdm_status":"","tdm_grid_status":"","footnotes":""},"categories":[25],"tags":[],"_links":{"self":[{"href":"https:\/\/dralvarez.com.mx\/larevista\/wp-json\/wp\/v2\/posts\/21010"}],"collection":[{"href":"https:\/\/dralvarez.com.mx\/larevista\/wp-json\/wp\/v2\/posts"}],"about":[{"href":"https:\/\/dralvarez.com.mx\/larevista\/wp-json\/wp\/v2\/types\/post"}],"author":[{"embeddable":true,"href":"https:\/\/dralvarez.com.mx\/larevista\/wp-json\/wp\/v2\/users\/1030"}],"replies":[{"embeddable":true,"href":"https:\/\/dralvarez.com.mx\/larevista\/wp-json\/wp\/v2\/comments?post=21010"}],"version-history":[{"count":1,"href":"https:\/\/dralvarez.com.mx\/larevista\/wp-json\/wp\/v2\/posts\/21010\/revisions"}],"predecessor-version":[{"id":35894,"href":"https:\/\/dralvarez.com.mx\/larevista\/wp-json\/wp\/v2\/posts\/21010\/revisions\/35894"}],"wp:attachment":[{"href":"https:\/\/dralvarez.com.mx\/larevista\/wp-json\/wp\/v2\/media?parent=21010"}],"wp:term":[{"taxonomy":"category","embeddable":true,"href":"https:\/\/dralvarez.com.mx\/larevista\/wp-json\/wp\/v2\/categories?post=21010"},{"taxonomy":"post_tag","embeddable":true,"href":"https:\/\/dralvarez.com.mx\/larevista\/wp-json\/wp\/v2\/tags?post=21010"}],"curies":[{"name":"wp","href":"https:\/\/api.w.org\/{rel}","templated":true}]}}