{"id":20998,"date":"2022-02-27T00:00:00","date_gmt":"2022-02-27T06:00:00","guid":{"rendered":"https:\/\/dralvarez.com.mx\/larevista\/blog\/los-rectores-de-la-autonomia-universitaria"},"modified":"2024-02-23T12:00:19","modified_gmt":"2024-02-23T18:00:19","slug":"los-rectores-de-la-autonomia-universitaria","status":"publish","type":"post","link":"https:\/\/dralvarez.com.mx\/larevista\/opiniones\/los-rectores-de-la-autonomia-universitaria","title":{"rendered":"Los Rectores de la Autonom\u00eda Universitaria"},"content":{"rendered":"<p><b>Por: Marco A. Cortez Navarrete.<\/b><\/p>\n<p>Ayer, en la celebraci\u00f3n del aniversario 100 de la fundaci\u00f3n de la UADY y en medio de las ceremonias protocolarias, los discursos con enfoques hist\u00f3ricos as\u00ed como del presente y futuro y los incesantes aplausos y felicitaciones entre quienes acudieron al evento conmemorativo, llam\u00f3 mi atenci\u00f3n una imagen que circul\u00f3 en medios de comunicaci\u00f3n y redes sociales.<\/p>\n<p>En esta imagen est\u00e1n 5 rectores, protagonistas en los \u00faltimos 39 a\u00f1os, es decir, una de las etapas hist\u00f3ricas m\u00e1s recientes de la casa de estudios. Am\u00e9n de la larga lista de rectores de anta\u00f1o, comenzando con el primero y que ya no est\u00e1n entre nosotros pero que, seguramente celebran desde donde est\u00e9n, el aniversario de la fundaci\u00f3n de la casa de estudios, y con todo derecho, porque gracias a ellos ayer se celebr\u00f3 y disfrut\u00f3 la efem\u00e9ride.<\/p>\n<p>Dec\u00eda que adem\u00e1s de los funcionarios estatales, municipales, estudiantes, acad\u00e9micos, directivos, egresados, y p\u00fablico en general, subrayo la presencia de quienes antecedieron al rector en funciones y que, para un servidor, son parte viva y medular de la historia moderna de la UADY.<\/p>\n<p>En este acontecimiento destaco la asistencia del Ing. \u00c1lvaro J. Mimenza Cuevas con quien, considero, la UADY inici\u00f3 una nueva etapa m\u00e1s de su evoluci\u00f3n en 1984; con este rector el Congreso del Estado, a iniciativa del Gobierno Estatal, otorg\u00f3 de Derecho la Autonom\u00eda, que ya exist\u00eda de hecho al momento de la creaci\u00f3n de la instituci\u00f3n pero que con este acontecimiento qued\u00f3 sellado el derecho de la UADY a definir su presente y su futuro en materia de administraci\u00f3n, proyectos, planes y programas, sin injerencia directa de los poderes pero s\u00ed con la obligaci\u00f3n de transparentar y rendir cuentas.<\/p>\n<p>Adem\u00e1s de Mimenza, figuran en la gr\u00e1fica tres rectores m\u00e1s que ya no tienen las riendas universitarias pero que mantienen el t\u00edtulo honorario de rector, ellos son el CP Carlos Pasos Novelo y los doctores Ra\u00fal Godoy Monta\u00f1ez y F.J. Alfredo D\u00e1jer Abimerhi, am\u00e9n de Jos\u00e9 de Jes\u00fas Williams en cuyas manos est\u00e1 hoy el presente y el futuro inmediato y a corto plazo de la M\u00e1xima Casa de Estudios del Sureste de M\u00e9xico.<\/p>\n<p>Digo esto porque, en un libro editado, sino me equivoco, con motivo del aniversario 70 de la UADY, siendo director general de Extensi\u00f3n, Jaime Barrera Aguilar, figura otra imagen similar solo que en ella se encuentran, adem\u00e1s del Ing. Mimenza y del Contador Pasos las im\u00e1genes de los extintos rectores doctor Alberto Rosado G. Cant\u00f3n y abogado Francisco Repetto Mil\u00e1n. Libro que por cierto, se imprimi\u00f3 en dos versiones, una de lujo y otra, digamos m\u00e1s accesible. Entre mis pocos libros debo tener alguno de este documento que prometo en su momento mostrar\u00e9 dicha fotograf\u00eda.<\/p>\n<p>Reitero que estos rectores, todos y m\u00e1xime el actual, tuvieron y tienen la enorme responsabilidad f\u00edsica y moral de velar y asegurar la continuidad de una educaci\u00f3n de calidad, con prestigio y con trascendencia local, nacional e internacional, adem\u00e1s de procurar por el bienestar no tan solo de su comunidad de acad\u00e9micos y trabajadores activos y jubilados sino por toda la sociedad, especialmente de los sectores que menos tienen y que son los que m\u00e1s necesitan de los productos generados en las aulas y laboratorios de la UADY.<\/p>\n<p>Esta imagen; ni\u00f1os, j\u00f3venes, y personas que me regalan su tiempo para leer, pasar\u00e1 a la historia y m\u00e1s a\u00fan cuando arriba de ellos luce con todo esplendor la placa conmemorativa de los 100 a\u00f1os que representan un siglo de lucha, de trabajo, de esfuerzo, de dedicaci\u00f3n y de sacrificios, sobre todo esto: sacrificios, especialmente, de aquellas personas que est\u00e1n dando o que en su momento dieron todo de s\u00ed, sin importar d\u00edas y horarios, vacaciones, para que las cosas se hagan como se debe: de manera Excelente.<\/p>\n<p>Por ello me pongo de pie y agradezco a Dios, porque creo en \u00c9l, el haber conocido y trabajado con estos se\u00f1ores. Luego entonces, concluyo citando los festejos de la UADY, tambi\u00e9n mi Alma Mater, mi segunda casa, donde dej\u00e9 de ver en gran medida el crecimiento de mis hijos pero que de alguna manera me retribuy\u00f3 form\u00e1ndolos y haci\u00e9ndolos personas de bien, \u00fatiles y productivos para la sociedad que tanto los necesita.<\/p>\n<p>Y como buen jaguar, hoy recuerdo las tres palabras que nunca deben olvidar: Luz, Ciencia y Verdad.<\/p>\n<p>Muchas gracias y hasta la pr\u00f3xima.<\/p>\n","protected":false},"excerpt":{"rendered":"<p>Por: Marco A. Cortez Navarrete.<\/p>\n","protected":false},"author":1124,"featured_media":35884,"comment_status":"open","ping_status":"open","sticky":false,"template":"","format":"standard","meta":{"tdm_status":"","tdm_grid_status":"","footnotes":""},"categories":[25],"tags":[],"_links":{"self":[{"href":"https:\/\/dralvarez.com.mx\/larevista\/wp-json\/wp\/v2\/posts\/20998"}],"collection":[{"href":"https:\/\/dralvarez.com.mx\/larevista\/wp-json\/wp\/v2\/posts"}],"about":[{"href":"https:\/\/dralvarez.com.mx\/larevista\/wp-json\/wp\/v2\/types\/post"}],"author":[{"embeddable":true,"href":"https:\/\/dralvarez.com.mx\/larevista\/wp-json\/wp\/v2\/users\/1124"}],"replies":[{"embeddable":true,"href":"https:\/\/dralvarez.com.mx\/larevista\/wp-json\/wp\/v2\/comments?post=20998"}],"version-history":[{"count":1,"href":"https:\/\/dralvarez.com.mx\/larevista\/wp-json\/wp\/v2\/posts\/20998\/revisions"}],"predecessor-version":[{"id":35883,"href":"https:\/\/dralvarez.com.mx\/larevista\/wp-json\/wp\/v2\/posts\/20998\/revisions\/35883"}],"wp:featuredmedia":[{"embeddable":true,"href":"https:\/\/dralvarez.com.mx\/larevista\/wp-json\/wp\/v2\/media\/35884"}],"wp:attachment":[{"href":"https:\/\/dralvarez.com.mx\/larevista\/wp-json\/wp\/v2\/media?parent=20998"}],"wp:term":[{"taxonomy":"category","embeddable":true,"href":"https:\/\/dralvarez.com.mx\/larevista\/wp-json\/wp\/v2\/categories?post=20998"},{"taxonomy":"post_tag","embeddable":true,"href":"https:\/\/dralvarez.com.mx\/larevista\/wp-json\/wp\/v2\/tags?post=20998"}],"curies":[{"name":"wp","href":"https:\/\/api.w.org\/{rel}","templated":true}]}}