{"id":20982,"date":"2022-02-24T00:00:00","date_gmt":"2022-02-24T06:00:00","guid":{"rendered":"https:\/\/dralvarez.com.mx\/larevista\/blog\/la-verdad-nos-hara-libres-en-la-proxima-consulta"},"modified":"2024-02-23T11:59:48","modified_gmt":"2024-02-23T17:59:48","slug":"la-verdad-nos-hara-libres-en-la-proxima-consulta","status":"publish","type":"post","link":"https:\/\/dralvarez.com.mx\/larevista\/opiniones\/la-verdad-nos-hara-libres-en-la-proxima-consulta","title":{"rendered":"La verdad nos har\u00e1 libres, en la pr\u00f3xima consulta."},"content":{"rendered":"<p><b><i>Pol\u00edtica, redes sociales y m\u00e1s<\/i>, por:&nbsp;Daniel Molina.&nbsp;<\/b><\/p>\n<p><b>@DanMSocial<\/b><\/p>\n<\/p>\n<p><b>La verdad nos<br \/>\nhar\u00e1 libres, en la pr\u00f3xima consulta.<\/b><\/p>\n<p>La verdad nos<br \/>\nhar\u00e1 libres. Esta frase tan antigua, de aquellos a\u00f1os de los pesadores griegos,<br \/>\nas\u00ed como en alg\u00fan libro de la biblia.<\/p>\n<p>Algo muy cierto<br \/>\nen el ser humano, si uno va cerrando su alma, es a trav\u00e9s de no aceptar su<br \/>\nrealidad y no luchar para cambiarla. Esta verdad, que es tan clara, aunque tus<br \/>\nseres cercanos, familia y el colectivo social de tu entorno quiera disfrazarla,<br \/>\nsin poder lograrlo; ya que lo que nunca se puede hacer, es enga\u00f1arse a s\u00ed<br \/>\nmismo.<\/p>\n<p>Ahora, despu\u00e9s de<br \/>\nencarar tu verdad, el siguiente paso es ser libre. La primera libertad debe de<br \/>\nser la del pensamiento y del coraz\u00f3n, aquella que muchas veces puede ser<br \/>\nsecuestrada por quien te rodea. Cuantas veces vemos atrapadas mentes en el<br \/>\ncondicionamiento, presi\u00f3n y culpabilidad del otro. Esto llega a suceder<br \/>\nenarbolando banderas de justicia, amor y la misma libertad; esa que realmente<br \/>\nesta siendo arrancada de tu mente y de tu alma, para vivir en el cautiverio, en<br \/>\ntristeza, melancol\u00eda y sin felicidad.<\/p>\n<p>As\u00ed, puede vivir<br \/>\nuna persona, una familia o un pueblo completo, por muchos a\u00f1os. En el fondo se<br \/>\nbusca la verdad, esa que lo har\u00e1 libre, pero para poder lograrlo, solo hay que<br \/>\ntomar las decisiones en el momento y lugar adecuado.<\/p>\n<p>El miedo te<br \/>\natrapar\u00e1, pero hay que estar decidido ha cambiar, porque las oportunidades<br \/>\nsiempre se presentan y hay que atreverse a tomarlas. Pero recuerda, no hay<br \/>\nforma de ver que estas avanzando, sino ves el pasado a tu espalda. As\u00ed que, si<br \/>\nes necesario en tu decisi\u00f3n cortar un miembro para soltar aquello que te da\u00f1a, \u00a1amp\u00fatalo!,<br \/>\nque ese sacrificio te dar\u00e1 felicidad.<\/p>\n<p>Y no temas a lo<br \/>\nque viene, siempre ser\u00e1 un misterio, pero te aseguro que ser\u00e1 mejor que aquello<br \/>\nque te mantuvo en el cautiverio de tu pensamiento, consumiendo tu alma y no permiti\u00e9ndote<br \/>\nser tu.<\/p>\n<p>La decisi\u00f3n est\u00e1<br \/>\nen cada uno de nosotros, as\u00ed que, la pr\u00f3xima consulta ciudadana, pon en<br \/>\npr\u00e1ctica tu verdad y hag\u00e1moslo con conciencia.<\/p>\n<p><b>Cuarta<br \/>\nTransformaci\u00f3n, busca avanzar Reformas en el Senado.<\/b><\/p>\n<p>En pre\u00e1mbulo de<br \/>\nla pr\u00f3xima consulta ciudadana, hoy Ricardo Monreal \u00c1vila en su calidad de<br \/>\nCoordinador del Grupo Parlamentario, tiene que trabajar con los senadores de su<br \/>\npartido, pero al mismo tiempo, tiene que dialogar con los l\u00edderes de los dem\u00e1s<br \/>\nGrupos Parlamentarios para lograr reformas fundamentales para continuar con el<br \/>\nproyecto de la Cuarta Transformaci\u00f3n.<\/p>\n<p>Las Reformas al<br \/>\nSector El\u00e9ctrico Nacional; la Reforma que se espera lograr a lo largo de la LXV<br \/>\nLegislatura al Sistema Pol\u00edtico \u2013 Electoral del pa\u00eds y, sin olvidar lo<br \/>\nreferente a la Guardia Nacional a las Fuerzas Armadas, es parte importante de<br \/>\nlo que falta para los cambios plateados por el ejecutivo de la naci\u00f3n. <\/p>\n<p>El presidente de<br \/>\nla Junta de Coordinaci\u00f3n Pol\u00edtica, del senado, Ricardo Monreal se vuelve un<br \/>\nactivo para el presidente y, sobre todo, que la Cuarta Transformaci\u00f3n, debe ser<br \/>\nplanteada desde la ley, para consolidarse.<\/p>\n<p>Esperemos a la<br \/>\noposici\u00f3n, que poco a poco a aprendido a serlo, desde su trinchera, ya que har\u00e1<br \/>\nlo posible para que estas reformas no avancen.<\/p>\n<p>Tiempo al tiempo.<\/p><\/p>\n","protected":false},"excerpt":{"rendered":"<p>Pol\u00edtica, redes sociales y m\u00e1s\u2026<\/p>\n","protected":false},"author":1132,"featured_media":0,"comment_status":"open","ping_status":"open","sticky":false,"template":"","format":"standard","meta":{"tdm_status":"","tdm_grid_status":"","footnotes":""},"categories":[25],"tags":[],"_links":{"self":[{"href":"https:\/\/dralvarez.com.mx\/larevista\/wp-json\/wp\/v2\/posts\/20982"}],"collection":[{"href":"https:\/\/dralvarez.com.mx\/larevista\/wp-json\/wp\/v2\/posts"}],"about":[{"href":"https:\/\/dralvarez.com.mx\/larevista\/wp-json\/wp\/v2\/types\/post"}],"author":[{"embeddable":true,"href":"https:\/\/dralvarez.com.mx\/larevista\/wp-json\/wp\/v2\/users\/1132"}],"replies":[{"embeddable":true,"href":"https:\/\/dralvarez.com.mx\/larevista\/wp-json\/wp\/v2\/comments?post=20982"}],"version-history":[{"count":1,"href":"https:\/\/dralvarez.com.mx\/larevista\/wp-json\/wp\/v2\/posts\/20982\/revisions"}],"predecessor-version":[{"id":35872,"href":"https:\/\/dralvarez.com.mx\/larevista\/wp-json\/wp\/v2\/posts\/20982\/revisions\/35872"}],"wp:attachment":[{"href":"https:\/\/dralvarez.com.mx\/larevista\/wp-json\/wp\/v2\/media?parent=20982"}],"wp:term":[{"taxonomy":"category","embeddable":true,"href":"https:\/\/dralvarez.com.mx\/larevista\/wp-json\/wp\/v2\/categories?post=20982"},{"taxonomy":"post_tag","embeddable":true,"href":"https:\/\/dralvarez.com.mx\/larevista\/wp-json\/wp\/v2\/tags?post=20982"}],"curies":[{"name":"wp","href":"https:\/\/api.w.org\/{rel}","templated":true}]}}