{"id":20980,"date":"2022-02-24T00:00:00","date_gmt":"2022-02-24T06:00:00","guid":{"rendered":"https:\/\/dralvarez.com.mx\/larevista\/blog\/bastavales"},"modified":"2024-02-23T11:59:39","modified_gmt":"2024-02-23T17:59:39","slug":"bastavales","status":"publish","type":"post","link":"https:\/\/dralvarez.com.mx\/larevista\/opiniones\/bastavales","title":{"rendered":"Bastavales&#8230;"},"content":{"rendered":"<p><b>Por: Cristina Pad\u00edn.<\/b><\/p>\n<p>\u2026 \u00e9rase una vez un ni\u00f1o bueno que quer\u00eda enamorar a una ni\u00f1a complicada. Podr\u00eda ser al rev\u00e9s, pero era as\u00ed, justo como lo cuenta el cuento.. y un 23 de febrero se dirigi\u00f3 a Bastavales, lugar del que siempre le habl\u00f3 la mujer que m\u00e1s quiso: su abuela..<\/p>\n<p>Las campanas. Rosal\u00eda. Galicia..<\/p>\n<p>Y el chiquillo lleg\u00f3, contempl\u00f3 la iglesia, y escribi\u00f3 lo que en el siglo XIX hubiera sido una carta, en su caso fue un email. Narr\u00f3 sobre las follas novas gallegas, hojas nuevas, saber aprender y avanzar. Habl\u00f3 sobre cantares.. qu\u00e9 belleza tienen..<\/p>\n<p>Mientras sonaban las campanas en la tarde gallegui\u00f1a, Galicia tiene una lengua dulce y cari\u00f1osa, apunt\u00f3 sobre orillas de r\u00edos y de sentimientos, tambi\u00e9n; sobre caballeros de negro y azul al comp\u00e1s de la verdad y la valent\u00eda; sobre Domingo de Ramos..<\/p>\n<p>Y sobre contos, que es como en gallego se le llama a los cuentos. Todo ser\u00eda peor si no hubiera cuentos para narrar hechos, sin sensibilidad y sin palabras la vida es nada.. y sobre los hijos del mar, a ellos honor y respeto, todo honor y todo respeto..<\/p>\n<p>Y acab\u00f3 su texto. Que pasara lo que tuviera que pasar, frase y costumbre muy gallega. Y, fuerte y emprendedor como se es en Galicia, se fue caminando a Padr\u00f3n..<\/p>\n<p>Coincidiendo con el d\u00eda de Rosal\u00eda de Castro un relato-homenaje sobre estos tiempos<br \/>A Rosal\u00eda de Castro. Valiente y gran escritora<br \/>A \u201caquella Rosal\u00eda de Castro\u201d que en una ruta dedic\u00f3 bellas palabras a un amigo m\u00edo<br \/>A Bastavales, donde viven grandes amigos. La primera vez que me enamor\u00e9 lo hice de un ni\u00f1o de Bastavales<br \/>A la verdad<br \/>A las personas que aprecian la huella rosaliana<br \/>A mi querido Luis<br \/>A las abuelas y a la m\u00eda<br \/>A los cuentos y a las palabras<\/p>\n","protected":false},"excerpt":{"rendered":"<p>Por: Cristina Pad\u00edn.<\/p>\n","protected":false},"author":1025,"featured_media":35871,"comment_status":"open","ping_status":"open","sticky":false,"template":"","format":"standard","meta":{"tdm_status":"","tdm_grid_status":"","footnotes":""},"categories":[25],"tags":[],"_links":{"self":[{"href":"https:\/\/dralvarez.com.mx\/larevista\/wp-json\/wp\/v2\/posts\/20980"}],"collection":[{"href":"https:\/\/dralvarez.com.mx\/larevista\/wp-json\/wp\/v2\/posts"}],"about":[{"href":"https:\/\/dralvarez.com.mx\/larevista\/wp-json\/wp\/v2\/types\/post"}],"author":[{"embeddable":true,"href":"https:\/\/dralvarez.com.mx\/larevista\/wp-json\/wp\/v2\/users\/1025"}],"replies":[{"embeddable":true,"href":"https:\/\/dralvarez.com.mx\/larevista\/wp-json\/wp\/v2\/comments?post=20980"}],"version-history":[{"count":1,"href":"https:\/\/dralvarez.com.mx\/larevista\/wp-json\/wp\/v2\/posts\/20980\/revisions"}],"predecessor-version":[{"id":35870,"href":"https:\/\/dralvarez.com.mx\/larevista\/wp-json\/wp\/v2\/posts\/20980\/revisions\/35870"}],"wp:featuredmedia":[{"embeddable":true,"href":"https:\/\/dralvarez.com.mx\/larevista\/wp-json\/wp\/v2\/media\/35871"}],"wp:attachment":[{"href":"https:\/\/dralvarez.com.mx\/larevista\/wp-json\/wp\/v2\/media?parent=20980"}],"wp:term":[{"taxonomy":"category","embeddable":true,"href":"https:\/\/dralvarez.com.mx\/larevista\/wp-json\/wp\/v2\/categories?post=20980"},{"taxonomy":"post_tag","embeddable":true,"href":"https:\/\/dralvarez.com.mx\/larevista\/wp-json\/wp\/v2\/tags?post=20980"}],"curies":[{"name":"wp","href":"https:\/\/api.w.org\/{rel}","templated":true}]}}