{"id":20966,"date":"2022-02-21T00:00:00","date_gmt":"2022-02-21T06:00:00","guid":{"rendered":"https:\/\/dralvarez.com.mx\/larevista\/blog\/lilly-tellez"},"modified":"2024-02-23T11:59:05","modified_gmt":"2024-02-23T17:59:05","slug":"lilly-tellez","status":"publish","type":"post","link":"https:\/\/dralvarez.com.mx\/larevista\/opiniones\/lilly-tellez","title":{"rendered":"\u00bfLILLY T\u00c9LLEZ?"},"content":{"rendered":"<p>Antes que nada, quiero aclarar que no tengo ninguna animadversi\u00f3n con la senadora Mar\u00eda Lilly del Carmen T\u00e9llez Garc\u00eda, mejor conocida como Lilly T\u00e9llez.<\/p>\n<p>Reconozco que la senadora por Sonora tiene indiscutibles m\u00e9ritos pol\u00edticos, empezando por haber tenido la valent\u00eda de abandonar la bancada de MORENA en el Senado de la Rep\u00fablica, as\u00ed como sus demostradas dotes pol\u00edtica, medi\u00e1ticas y de oratoria. <\/p>\n<p>Hecha la pertinente aclaraci\u00f3n, me sorprendi\u00f3 que hace unos d\u00edas apareci\u00f3 en diversos medios informativos la nota relativa a un presunto &#8220;destape&#8221; de la senadora como aspirante a una candidatura a la Presidencia &nbsp;de la Rep\u00fablica en los comicios del 2024. En dicha informaci\u00f3n, se destacaba la declaraci\u00f3n de Lilly T\u00e9llez:<\/p>\n<p>&#8220;Si yo fuera Presidenta no hay nada que me gustar\u00eda m\u00e1s que meter a prisi\u00f3n a L\u00f3pez Obrador, a su gabinete y a otras personas&#8221; (fin de la cita)<\/p>\n<p>A ver, a ver&#8230;<\/p>\n<p>Si hay alguien que desea que, alg\u00fan d\u00eda, AMLO y determinados colaboradores sean juzgados por diversos delitos cometidos, es el que escribe estas l\u00edneas. Estoy seguro de que ese d\u00eda llegar\u00e1. Por lo mismo, comparto ese deseo de la senadora por Sonora de que algunos personajes de la actual administraci\u00f3n federal deban de enfrentar diversas responsabilidades legales en su contra. <\/p>\n<p>Sin embargo, considero que el hecho de que Lilly T\u00e9llez sea considerada como una legisladora &#8220;entrona&#8221; o &#8220;valiente oradora&#8221; no le otorgan credenciales o aptitudes suficientes para ocupar el cargo de Presidente de la Rep\u00fablica. <\/p>\n<p>Lo tengo claro. Yo no votar\u00e9 en el 2024 por qui\u00e9n me prometa &#8220;entambar&#8221; (meter en la c\u00e1rcel) a AMLO ni a nadie. Ese no debe ser el eje central de una plataforma electoral de un candidato o partido pol\u00edtico. No votar\u00e9 por qui\u00e9n me prometa una revancha de rejas carcelarias. <\/p>\n<p>Yo votar\u00e9 en 2024 por qui\u00e9n me ofrezca:<\/p>\n<p>1.-Un programa convincente de reconstrucci\u00f3n nacional, dados los graves da\u00f1os producidos por esta administraci\u00f3n.<\/p>\n<p>2.-Un programa de concordia entre mexicanos. Necesitamos revertir el clima de divisi\u00f3n y enfrentamiento social que el gobierno de AMLO impuls\u00f3 durante su gobierno. <\/p>\n<p>3.-Una propuesta sensata de seguridad p\u00fablica. Necesitamos garantizar que el Estado mexicano proteja a las mayor\u00edas pac\u00edficas del embate de las minor\u00edas violentas. Punto.<\/p>\n<p>Estoy convencido de que M\u00e9xico merece un candidato o candidata presidencial que sea:<\/p>\n<p>A.-PROFUNDAMENTE RESPETUOSO(A) POR LA DEMOCRACIA.<\/p>\n<p>B.-FIRME.<\/p>\n<p>C.-MESURADO(A)<\/p>\n<p>D.-CON PLENO APRECIO Y APEGO A LA LEGALIDAD. <\/p>\n<p>E.-QUE SEA CLARO(A). <\/p>\n<p>F.-QUE EVITE DECIRLE A CADA AUDITORIO LO QUE CADA UNO QUIERE O\u00cdR.<\/p>\n<p>Puedo entender las buenas intenciones de la senadora Lilly T\u00e9llez, sin embargo, considero que el pa\u00eds no requiere una carrera de relevos en materia de demagogia. M\u00e9xico merece un candidato o candidata que unifique en lo esencial a la naci\u00f3n. M\u00e9xico necesita una campa\u00f1a electoral que convoque a la participaci\u00f3n pac\u00edfica de todos los mexicanos para revertir los graves da\u00f1os producidos por esta administraci\u00f3n. M\u00e9xico requiere una campa\u00f1a de palabras sensatas, no una competencia de insultos, improperios, insolencias, mofas o falsedades. <\/p>\n<p>\u00bfQui\u00e9n debe ganar la candidatura a la Presidencia de la Rep\u00fablica? No lo s\u00e9 ni me corresponde resolver esa duda. S\u00ed considero que lo que se debe de evitar es caer en la trampa de que el destino de M\u00e9xico se ponga en manos de &#8220;entrones&#8221; ni de quienes juren revanchas. Suficiente sufrimiento humano ha tenido nuestro pa\u00eds para darle continuidad a la violencia verbal o f\u00edsica que prevalece hoy. Es hora de que apostemos por el sentido com\u00fan, por la sensatez y por la mesura. La democracia mexicana lo requiere hoy m\u00e1s que nunca. <\/p>\n<p>graue.cap@gmail.com<\/p>\n","protected":false},"excerpt":{"rendered":"<p>\u00bfLILLY T\u00c9LLEZ?<\/p>\n","protected":false},"author":1030,"featured_media":35857,"comment_status":"open","ping_status":"open","sticky":false,"template":"","format":"standard","meta":{"tdm_status":"","tdm_grid_status":"","footnotes":""},"categories":[25],"tags":[],"_links":{"self":[{"href":"https:\/\/dralvarez.com.mx\/larevista\/wp-json\/wp\/v2\/posts\/20966"}],"collection":[{"href":"https:\/\/dralvarez.com.mx\/larevista\/wp-json\/wp\/v2\/posts"}],"about":[{"href":"https:\/\/dralvarez.com.mx\/larevista\/wp-json\/wp\/v2\/types\/post"}],"author":[{"embeddable":true,"href":"https:\/\/dralvarez.com.mx\/larevista\/wp-json\/wp\/v2\/users\/1030"}],"replies":[{"embeddable":true,"href":"https:\/\/dralvarez.com.mx\/larevista\/wp-json\/wp\/v2\/comments?post=20966"}],"version-history":[{"count":1,"href":"https:\/\/dralvarez.com.mx\/larevista\/wp-json\/wp\/v2\/posts\/20966\/revisions"}],"predecessor-version":[{"id":35856,"href":"https:\/\/dralvarez.com.mx\/larevista\/wp-json\/wp\/v2\/posts\/20966\/revisions\/35856"}],"wp:featuredmedia":[{"embeddable":true,"href":"https:\/\/dralvarez.com.mx\/larevista\/wp-json\/wp\/v2\/media\/35857"}],"wp:attachment":[{"href":"https:\/\/dralvarez.com.mx\/larevista\/wp-json\/wp\/v2\/media?parent=20966"}],"wp:term":[{"taxonomy":"category","embeddable":true,"href":"https:\/\/dralvarez.com.mx\/larevista\/wp-json\/wp\/v2\/categories?post=20966"},{"taxonomy":"post_tag","embeddable":true,"href":"https:\/\/dralvarez.com.mx\/larevista\/wp-json\/wp\/v2\/tags?post=20966"}],"curies":[{"name":"wp","href":"https:\/\/api.w.org\/{rel}","templated":true}]}}