{"id":20950,"date":"2022-02-21T00:00:00","date_gmt":"2022-02-21T06:00:00","guid":{"rendered":"https:\/\/dralvarez.com.mx\/larevista\/blog\/luz-ciencia-y-verdad-100-anos-de-la-universidad-autonoma-de-yucatan-2"},"modified":"2024-02-23T11:58:15","modified_gmt":"2024-02-23T17:58:15","slug":"luz-ciencia-y-verdad-100-anos-de-la-universidad-autonoma-de-yucatan-2","status":"publish","type":"post","link":"https:\/\/dralvarez.com.mx\/larevista\/opiniones\/luz-ciencia-y-verdad-100-anos-de-la-universidad-autonoma-de-yucatan-2","title":{"rendered":"Luz, Ciencia y Verdad:  100 A\u00f1os de la Universidad Aut\u00f3noma de Yucat\u00e1n."},"content":{"rendered":"<p><b>Por: Marco A. Cortez Navarrete.&nbsp;<\/b><\/p>\n<\/p>\n<p>En escasos d\u00edas la Universidad Aut\u00f3noma de Yucat\u00e1n<br \/>\n(UADY) cumplir\u00e1 100 a\u00f1os de fundaci\u00f3n, recordando que fue un 25 de febrero de<br \/>\n1922 cuando el entonces gobernador del estado, Felipe Santiago Carrillo Puerto,<br \/>\ncon el apoyo del secretario de Educaci\u00f3n P\u00fablica, Jos\u00e9 Vasconcelos, decidi\u00f3<br \/>\ncrear la Universidad Nacional del Sureste, instituci\u00f3n p\u00fablica estatal de<br \/>\neducaci\u00f3n media superior y superior.<\/p>\n<p>Desde entonces y a la fecha esta casa de estudios ha<br \/>\nregistrado diversas etapas que, de alguna u otra manera, han sido fundamentales<br \/>\npara los procesos de ingreso, formaci\u00f3n, egreso y ejercicio profesionales de<br \/>\nmiles y miles de yucatecos as\u00ed como de otras entidades del pa\u00eds e incluso del<br \/>\nextranjero. Despu\u00e9s de un lapso de poco m\u00e1s de una d\u00e9cada el nombre de la<br \/>\ninstituci\u00f3n cambi\u00f3 para convertirse en Universidad de Yucat\u00e1n y el 1 de<br \/>\nseptiembre de 1984 se oficializ\u00f3 la Autonom\u00eda de Derecho pasando a ser UADY, la<br \/>\nmisma que todos conocemos actualmente.<\/p>\n<p>Recordemos de manera breve que las primeras escuelas<br \/>\nde la universidad fueron de Jurisprudencia, Medicina e Ingenier\u00eda as\u00ed como el<br \/>\nInstituto Literario o Preparatoria y las escuelas Normal Mixta, de M\u00fasica y de<br \/>\nBellas Artes. Pecar\u00edamos si dej\u00e1ramos de mencionar al Rector Primero, Eduardo<br \/>\nUrzaiz Rodr\u00edguez, quien al hacerse cargo de este centro educativo lo hizo con<br \/>\nuna matr\u00edcula de apenas mil 737 estudiantes.<\/p>\n<p>Cien a\u00f1os despu\u00e9s, la UADY est\u00e1 consolidada por medio<br \/>\nde Campus por \u00c1reas del Conocimiento, es decir, facultades afines se integraron<br \/>\npara concretar enormes complejos donde, adem\u00e1s de optimizar infraestructura y<br \/>\nrecursos, la educaci\u00f3n se volvi\u00f3 transversal, horizontal e interdisciplinaria.<br \/>\nEs as\u00ed como se crearon los Campus en Ciencias Sociales, Econ\u00f3mico<br \/>\nAdministrativas y Humanidades; Ciencias Exactas e Ingenier\u00edas; Ciencias de la<br \/>\nSalud; Ciencias Biol\u00f3gicas y Agropecuarias, y Arquitectura, H\u00e1bitat, Arte y<br \/>\nDise\u00f1o, agrupando en general a m\u00e1s de 26 mil estudiantes en sus programas<br \/>\neducativos, incluyendo desde luego a los estudiantes de nivel medio superior,<br \/>\nsuperior y posgrado.<\/p>\n<p>Seg\u00fan las cifras oficiales, el 96.89 por ciento de la<br \/>\nmatr\u00edcula cursa en programas de calidad, es decir, con los m\u00e1s altos rangos de<br \/>\nreconocimiento nacional. Pero \u00bfQu\u00e9 valor y significado tiene la UADY para la<br \/>\nsociedad contempor\u00e1nea? Sin duda, despu\u00e9s de un siglo los m\u00e9todos de formaci\u00f3n<br \/>\nas\u00ed como el desarrollo de la ciencia y la tecnolog\u00eda han evolucionado de manera<br \/>\nvertiginosa. Cada d\u00eda que pasa la sociedad y especialmente los adolescentes y<br \/>\nj\u00f3venes adquieren conocimientos con el uso de las tecnolog\u00edas de informaci\u00f3n y<br \/>\ncomunicaci\u00f3n, situaci\u00f3n que obliga tambi\u00e9n a los acad\u00e9micos a ir a la par, no<br \/>\ntan solo en conocimiento sino en manejo de estas herramientas que se han<br \/>\nconvertido en estrat\u00e9gicas para la educaci\u00f3n, sin dejar de la lado, claro est\u00e1,<br \/>\nla presencia y labor humana de quienes est\u00e1n en un sal\u00f3n de clases dedicados a<br \/>\nla ense\u00f1anza.<\/p>\n<p>De esos 100 a\u00f1os a un servidor le toc\u00f3 vivir 37 entre<br \/>\nlos muros y paredes de nuestra Alma Mater. Los primeros 5, debo precisar, lo<br \/>\nhice de manera meritoria, es decir, sin percibir un solo peso. Fue en 1983<br \/>\ncuando el ex-rector \u00c1lvaro Jacinto Mimenza Cuevas profesionaliz\u00f3 a decenas de<br \/>\npersonas que como yo acud\u00edamos por &#8220;amor al arte&#8221; y adem\u00e1s cre\u00f3<br \/>\nreglamentos en escuelas y facultades, cosa que no exist\u00eda o ya eran obsoletos,<br \/>\ny sobre todo, fue art\u00edfice de la Ley Org\u00e1nica y del Estatuto General<br \/>\nestableciendo el orden que se necesitaba y sobresali\u00f3 el hecho de que el rector<br \/>\nya no podr\u00eda estar m\u00e1s de 8 a\u00f1os al frente de la universidad, cosa que hasta<br \/>\nantes de la Autonom\u00eda de Derecho no exist\u00eda ya que un rector pod\u00eda estar un<br \/>\nd\u00eda, una semana, 4, 8, 12 y\/o hasta 16 a\u00f1os en el poder, y no pasaba nada; la<br \/>\ncultura e historia en aquel entonces era distinta.<\/p>\n<p>Despu\u00e9s de trabajar con el ingeniero Mimenza, a quien<br \/>\nestoy muy agradecido por tenderme la mano y confiar en m\u00ed, me toc\u00f3 trabajar con<br \/>\nel contador p\u00fablico Carlos Manuel Pasos Novelo, un caballero y todo un<br \/>\nprofesional, fiel a su formaci\u00f3n. No faltaba, pero no hab\u00eda de m\u00e1s. Los<br \/>\nsindicatos, en aquellas \u00e9pocas, recuerdo peleaban disputaban los aumentos<br \/>\nsalariales pero don Carlos enfrentaba estoico y con educaci\u00f3n los justos<br \/>\nreclamos. La federaci\u00f3n en ese entonces otorgaba determinados recursos y de ah\u00ed<br \/>\nno se mov\u00edan, dejando a las instituciones negociar con sus acad\u00e9micos y<br \/>\ntrabajadores administrativos y manuales. Yo, en aquella \u00e9poca, me acostumbr\u00e9 a<br \/>\nasistir casi todos los a\u00f1os a la Junta Local de Conciliaci\u00f3n y Arbitraje,<br \/>\ninstancia donde se dirim\u00edan las diferencias y se llegaban a los acuerdos. <\/p>\n<p>Don Carlos, como le digo hasta hoy, bas\u00f3 su gesti\u00f3n en<br \/>\nel legado de su antecesor, naveg\u00f3 haciendo alarde del manejo de las finanzas y<br \/>\nfue despu\u00e9s cuando lleg\u00f3 a la rector\u00eda un doctor en medicina veterinaria y<br \/>\nzootecnia que imprimi\u00f3 un acelerado desarrollo de los programas de licenciatura<br \/>\ny de posgrado y fue el impulsor del proyecto para crear los campus, recuerdo<br \/>\nmuy bien con el apoyo y asesor\u00eda de un doctor en f\u00edsica, ex-subsecretario de<br \/>\nEducaci\u00f3n Superior e Investigaci\u00f3n Cient\u00edfica, Julio Rubio Oca, el t\u00edo Julio,<br \/>\npara sus cuates. El rector, Ra\u00fal Humberto Godoy Monta\u00f1ez, utilizando la<br \/>\nestabilidad normativa heredada de Mimenza y la estabilidad financiera de Pasos,<br \/>\nse dedic\u00f3 a fomentar y desarrollar programas educativos enfatizando la calidad.<br \/>\nHasta hoy, y parece fue ayer, recuerdo cuando se coloc\u00f3 la primera piedra de lo<br \/>\nque ser\u00eda la nueva Facultad de Ciencias Antropol\u00f3gicas, es decir, el primer<br \/>\nplantel del primer campus. Acoto que hasta antes de esto, las facultades<br \/>\nestaban diseminadas por todo M\u00e9rida, eran islas, hab\u00eda poca o nula comunicaci\u00f3n<br \/>\nentre las comunidades de los planteles.<\/p>\n<p>Asimismo, recuerdo perfectamente que para consolidar<br \/>\nlos campus y la interacci\u00f3n humana, el doctor Godoy fij\u00f3 como anclas a las<br \/>\nbibliotecas de los campus, sitios a los que obviamente confluyen acad\u00e9micos y<br \/>\nestudiantes de las diversas licenciaturas que integran cada campus. Este<br \/>\nmodelo, exactamente, utiliz\u00f3 el doctor Godoy para la creaci\u00f3n del Parque<br \/>\nCient\u00edfico y Tecnol\u00f3gico de Yucat\u00e1n que, al parecer, est\u00e1 en el olvido sin<br \/>\ntomar en cuenta su enorme potencial al tener reunidas a m\u00e1s de una decena de<br \/>\ninstituciones educativas y centros de investigaciones. Es una verdadera<br \/>\nl\u00e1stima, pero as\u00ed es la pol\u00edtica; sino preg\u00fantele a ya saben qui\u00e9n.<\/p>\n<p>Y al concluir el doctor Godoy su rectorado lleg\u00f3 para<br \/>\nestar al frente de la instituci\u00f3n un rector suig\u00e9neris, Alfredo F.J. D\u00e1jer<br \/>\nAbimerhi, quien capitaliz\u00f3 todos y cada uno de los legados a partir de la<br \/>\nAutonom\u00eda Universitaria. Sin duda, una persona inteligente, con una enorme<br \/>\nsencillez pero sobre todo anal\u00edtica, observadora, disciplinada, estricta y con<br \/>\nun lenguaje directo y con sus proyectos y objetivos bien trazados y definidos. <\/p>\n<p>Adem\u00e1s de respetar las leyes y normas universitarias<br \/>\nheredadas de Mimenza Cuevas, la disciplina financiera de Carlos Pasos, el<br \/>\ndesarrollo acad\u00e9mico de Godoy Monta\u00f1ez, Alfredo D\u00e1jer fue mucho m\u00e1s all\u00e1 al<br \/>\ncontinuar la labor de integraci\u00f3n de los campus y hacer que la UADY cruce<br \/>\nfronteras y oc\u00e9anos al grado de dise\u00f1ar varios programas de posgrado con<br \/>\nnotoria presencia de acad\u00e9micos y cient\u00edficos europeos, asi\u00e1ticos, de centro y sudam\u00e9rica<br \/>\ny desde luego de EEUU y de Canad\u00e1. Con Alfredo D\u00e1jer la UADY se potenci\u00f3 y<br \/>\nadem\u00e1s de su internacionalizaci\u00f3n el rector mir\u00f3 al sur profundo de M\u00e9rida<br \/>\ndonde cientos de j\u00f3venes no ten\u00edan un ma\u00f1ana y materializ\u00f3 la Unidad Acad\u00e9mica<br \/>\ncon Interacci\u00f3n Comunitaria, un bachillerato \u00fanico en su tipo que daba la<br \/>\noportunidad a los j\u00f3venes que de otra manera terminar\u00edan atrapados por la<br \/>\ndelincuencia o la drogadicci\u00f3n.<\/p>\n<p>Hoy un alto porcentaje de esos j\u00f3venes a\u00fan marginados<br \/>\npor la sociedad, ingresan a programas de licenciatura y \u00bfqu\u00e9 creen? concluyen<br \/>\nsus estudios con los mejores promedios de aprovechamiento e incluso siguen su<br \/>\nformaci\u00f3n en posgrados locales, nacionales y del extranjero. Y qu\u00e9 decir del<br \/>\nprograma Hoy en Tu Comunidad, donde brigadas de estudiantes de todas las<br \/>\nlicenciaturas viajaban cada s\u00e1bado a una localidad del interior del estado a<br \/>\nprestar sus servicios de manera desinteresada. Estudiantes de Medicina,<br \/>\nEnfermer\u00eda, Odontolog\u00eda, Ingenier\u00eda, Arquitectura, Antropolog\u00eda, y en fin de<br \/>\ntodas las \u00e1reas no tan solo ayudaban y orientaban sino que aprend\u00edan donde<br \/>\nmejor lo pod\u00edan hacer: en el campo de la realidad.<\/p>\n<p>Es as\u00ed como concluy\u00f3 la gesti\u00f3n de Alfredo y lleg\u00f3<br \/>\notro veterinario, el tercero en l\u00ednea, Jos\u00e9 de Jes\u00fas Williams, a quien conoc\u00ed<br \/>\ncomo secretario acad\u00e9mico de la facultad pero lo recuerdo m\u00e1s all\u00e1, cuando<br \/>\njugaba b\u00e1squetbol en la cancha del edificio central, lo que hoy es Centro<br \/>\nCultural, vistiendo una franela que no era de la UADY pero, no importa, era<br \/>\nbuen jugador, y en aquella \u00e9poca hasta parec\u00eda importado de la NFL. Jos\u00e9, desde<br \/>\nque tom\u00f3 posesi\u00f3n de la rector\u00eda enfrent\u00f3 problemas, en este caso de tipo<br \/>\nlaboral, una huelga de varios d\u00edas que, siento, impact\u00f3 en su gesti\u00f3n. Al<br \/>\nrector Williams, que este fin de a\u00f1o entrega la batuta, le toc\u00f3 enfrentar la<br \/>\npeor pandemia de los \u00faltimos 100 a\u00f1os, los mismos que cumple la UADY, hablo del<br \/>\nCOVID-19.<\/p>\n<p>Pr\u00e1cticamente dos de sus ocho a\u00f1os el doctor Williams<br \/>\ngobern\u00f3 de manera virtual lo cual, en definitivo, no es lo mismo, aunque<br \/>\nresulta \u00fatil de cualquier manera. Eventos como las ferias Internacional de<br \/>\nLectura y de la Salud se paralizaron as\u00ed como infinidad de otras actividades<br \/>\ncomo los programas de movilidad de estudiantes locales al extranjero y<br \/>\nviceversa. Sin embargo, Williams cre\u00f3 la Universidad de los Adultos, programa<br \/>\nque da oportunidad a las personas de retomar sus estudios o de lograr lo que<br \/>\nantes no pod\u00edan por razones laborales o familiares. El rector, apoyado un<br \/>\nexcelente equipo integrado, entre otros, por Manuel Escoffi\u00e9, Carlos Estrada y<br \/>\nRen\u00e1n Sol\u00eds, contin\u00faa firme al frente del tim\u00f3n luchando para que la historia,<br \/>\nla calidad y el prestigio de 100 a\u00f1os no encalle o se vaya a la deriva.<\/p>\n<p>\u00bfY el futuro?&#8230; Bueno, el futuro de la UADY espero,<br \/>\nsea de muchos a\u00f1os m\u00e1s de \u00e9xitos y desarrollo. Un servidor y tal vez muchos de<br \/>\nlos que leen esto ya no veremos la celebraci\u00f3n de los 200 a\u00f1os pero tengo Fe de<br \/>\nque habr\u00e1 gente que siga trabajando un mejor ma\u00f1ana, por una mejor educaci\u00f3n y<br \/>\nformaci\u00f3n de los hijos de Yucat\u00e1n y de M\u00e9xico. Solamente espero que quien ocupe<br \/>\nla Rector\u00eda, sea mujer u hombre, se comprometa, ame su responsabilidad y a la<br \/>\nuniversidad, a sus viejos y nuevos edificios, sus aulas, laboratorios,<br \/>\ntalleres, equipos, pero sobre todo a los seres humanos que transitan en su<br \/>\ninterior.<\/p>\n<p>\u00bfMi favorito para el cargo?&#8230;.mmm&#8230;estoy<br \/>\nanaliz\u00e1ndolo, hay por all\u00e1 dos o tres opciones, seg\u00fan me he enterado, pero de \u00e9so<br \/>\nhablaremos m\u00e1s adelante. <\/p>\n<p><b><i>Luz Ciencia y Verdad.<\/i><\/b><\/p>\n<p><b><i>Hasta la pr\u00f3xima<\/i><\/b><\/p><\/p>\n","protected":false},"excerpt":{"rendered":"<p>Por: Marco A. Cortez Navarrete.<\/p>\n","protected":false},"author":1124,"featured_media":35842,"comment_status":"open","ping_status":"open","sticky":false,"template":"","format":"standard","meta":{"tdm_status":"","tdm_grid_status":"","footnotes":""},"categories":[25],"tags":[],"_links":{"self":[{"href":"https:\/\/dralvarez.com.mx\/larevista\/wp-json\/wp\/v2\/posts\/20950"}],"collection":[{"href":"https:\/\/dralvarez.com.mx\/larevista\/wp-json\/wp\/v2\/posts"}],"about":[{"href":"https:\/\/dralvarez.com.mx\/larevista\/wp-json\/wp\/v2\/types\/post"}],"author":[{"embeddable":true,"href":"https:\/\/dralvarez.com.mx\/larevista\/wp-json\/wp\/v2\/users\/1124"}],"replies":[{"embeddable":true,"href":"https:\/\/dralvarez.com.mx\/larevista\/wp-json\/wp\/v2\/comments?post=20950"}],"version-history":[{"count":1,"href":"https:\/\/dralvarez.com.mx\/larevista\/wp-json\/wp\/v2\/posts\/20950\/revisions"}],"predecessor-version":[{"id":35841,"href":"https:\/\/dralvarez.com.mx\/larevista\/wp-json\/wp\/v2\/posts\/20950\/revisions\/35841"}],"wp:featuredmedia":[{"embeddable":true,"href":"https:\/\/dralvarez.com.mx\/larevista\/wp-json\/wp\/v2\/media\/35842"}],"wp:attachment":[{"href":"https:\/\/dralvarez.com.mx\/larevista\/wp-json\/wp\/v2\/media?parent=20950"}],"wp:term":[{"taxonomy":"category","embeddable":true,"href":"https:\/\/dralvarez.com.mx\/larevista\/wp-json\/wp\/v2\/categories?post=20950"},{"taxonomy":"post_tag","embeddable":true,"href":"https:\/\/dralvarez.com.mx\/larevista\/wp-json\/wp\/v2\/tags?post=20950"}],"curies":[{"name":"wp","href":"https:\/\/api.w.org\/{rel}","templated":true}]}}