{"id":20942,"date":"2022-02-21T00:00:00","date_gmt":"2022-02-21T06:00:00","guid":{"rendered":"https:\/\/dralvarez.com.mx\/larevista\/blog\/evento-de-toma-de-protesta-fenamm-en-yucatan-pri-muestra-fuerza-2"},"modified":"2024-02-23T11:58:01","modified_gmt":"2024-02-23T17:58:01","slug":"evento-de-toma-de-protesta-fenamm-en-yucatan-pri-muestra-fuerza-2","status":"publish","type":"post","link":"https:\/\/dralvarez.com.mx\/larevista\/opiniones\/evento-de-toma-de-protesta-fenamm-en-yucatan-pri-muestra-fuerza-2","title":{"rendered":"Evento de toma de protesta FENAMM en Yucat\u00e1n; PRI muestra fuerza"},"content":{"rendered":"<p><b><i>Contacto con la Pol\u00edtica Nacional,<\/i>&nbsp;por:&nbsp;Baltasar Barbolla.&nbsp;<\/b><\/p>\n<\/p>\n<p><b>CDMX.-<\/b> No<br \/>\ncabe duda que \u00e9ste fue el primer evento exitoso del PRI Yucat\u00e1n desde las<br \/>\nelecciones del 2018. Con la asistencia de sus liderazgos m\u00e1s fuertes,<br \/>\nrepresentantes de los poderes p\u00fablicos y distinguidos miembros de la sociedad<br \/>\ncivil, el Revolucionario Institucional hizo gala de la institucionalidad que lo<br \/>\ncaracteriza y demostr\u00f3 tener fuerza para mantenerse relevante en el escenario<br \/>\npol\u00edtico estatal. \u2013coment\u00f3 a los presentes la empresaria para seguir con<br \/>\nnuestra tradicional pl\u00e1tica semanal en el Balmoral- Se vienen tiempos<br \/>\ninteresantes para el tricolor.<\/p>\n<p>-As\u00ed es, amiga empresaria. La toma de protesta de la<br \/>\nnueva directiva de la <b>Federaci\u00f3n<br \/>\nNacional de Municipios de M\u00e9xico (FENAMM) en Yucat\u00e1n<\/b> que se llev\u00f3 a cabo<br \/>\neste mi\u00e9rcoles en el Centro Internacional de Congresos (CIC) fue un \u00e9xito. Ante<br \/>\nrepresentantes de los 3 poderes del Estado, <b>Hissele D\u00edaz del Castillo Canch\u00e9<\/b>, alcaldesa de Conkal, asumi\u00f3 la<br \/>\npresidencia de esta organizaci\u00f3n que agrupa a los 41 alcaldes priistas<br \/>\nyucatecos que actualmente se encuentran en funciones.<\/p>\n<p>-Si la FENAMM es una agrupaci\u00f3n priista, \u00bfpor qu\u00e9<br \/>\nasistieron representantes de los poderes del Estado? \u2013pregunt\u00f3 el consultor<\/p>\n<p>-Es cierto que la FENAMM es un organismo que congrega<br \/>\na los alcaldes priistas del pa\u00eds, pero sus miembros son personas con<br \/>\nresponsabilidades p\u00fablicas las cuales ameritan interlocuci\u00f3n institucional con<br \/>\nlos dem\u00e1s poderes del Estado. Por esto, en un marco de institucionalidad, se<br \/>\ninvit\u00f3 a los poderes p\u00fablicos estatales. \u2013 explic\u00f3 un experimentado priista<br \/>\nyucateco que nos acompa\u00f1\u00f3 \u00e9sta semana y que estuvo presente en dicho evento- En<br \/>\nrepresentaci\u00f3n del poder ejecutivo acudi\u00f3 <b>Mar\u00eda<br \/>\nFritz Sierra<\/b>, secretaria general de Gobierno; por el legislativo, estuvo el<br \/>\ndiputado priista <b>Gaspar Quintal<\/b> que<br \/>\nfue quien le tom\u00f3 protesta a la presidenta D\u00edaz del Castillo; finalmente, el<br \/>\nmagistrado <b>Santiago Altamirano<\/b><br \/>\nestuvo en representaci\u00f3n del poder judicial.<\/p>\n<p>-De hecho, seg\u00fan pude leer en la prensa, esto que<br \/>\ncomenta nuestro amigo priista se manifest\u00f3 en las intervenciones de la<br \/>\nsecretaria de Gobierno y de la nueva presidenta de la FENAMM pues ambas<br \/>\nmencionaron la importancia de trabajar en unidad, independientemente de<br \/>\nideolog\u00edas. \u2013coment\u00f3 el editorialista<\/p>\n<p>-La toma de protesta tambi\u00e9n le sirvi\u00f3 al PRI para<br \/>\nense\u00f1ar m\u00fasculo y seriedad debido a los liderazgos que se hicieron presentes.<br \/>\nEntre quienes acudieron al evento, destacan el presidente estatal <b>Francisco Torres Rivas<\/b>, el exgobernador<br \/>\n<b>Rolando Zapata Bello<\/b>, la<br \/>\nexgobernadora <b>Dulce Mar\u00eda Sauri Riancho<\/b>,<br \/>\nel excandidato <b>Mauricio Sahu\u00ed Rivero<\/b><br \/>\ny otros exfuncionarios de gobierno de alto nivel. Asimismo, estuvieron el<br \/>\nsenador <b>Jorge Carlos Ram\u00edrez Mar\u00edn<\/b> y<br \/>\nlas diputadas <b>Karla Franco<\/b> y <b>Fabiola Loeza<\/b>, adem\u00e1s del ya mencionado<br \/>\ndiputado Gaspar Quintal. \u2013se\u00f1al\u00f3 la empresaria- De igual manera, asistieron<br \/>\nempresarios, diplom\u00e1ticos, militares y acad\u00e9micos yucatecos.<\/p>\n<p>-Si bien, la toma de protesta fue de gran relevancia<br \/>\npues le permiti\u00f3 al PRI demostrar p\u00fablicamente su fortaleza, creo que fue m\u00e1s<br \/>\nimportante la comida que se realiz\u00f3 en un hotel cercano al CIC antes del evento<br \/>\nprotocolario por lo que \u00e9sta represent\u00f3 para la vida interna del partido.  \u2013dijo el priista yucateco- A dicha comida,<br \/>\nasistieron presidentes municipales priistas, expresidentes estatales,<br \/>\nexlegisladores locales y federales, exfuncionarios de gobierno y legisladores<br \/>\nlocales del PRI. En la mesa principal se encontraban, entre otros, la<br \/>\npresidenta <b>Hissele D\u00edaz<\/b>, <b>\u201cPanchito\u201d Torres<\/b>, <b>Jorge Carlos Ram\u00edrez Mar\u00edn<\/b>, <b>Mauricio<br \/>\nSahu\u00ed<\/b>, <b>Felipe Cervera<\/b>, la<br \/>\nexalcaldesa <b>Ang\u00e9lica Araujo<\/b> y el<br \/>\nexgobernador <b>Rolando Zapata Bello<\/b>,<br \/>\nquien dirigi\u00f3 unas palabras a los presentes a petici\u00f3n de D\u00edaz del Castillo.<\/p>\n<p>&#8211; \u00bfQu\u00e9 fue lo que dijo el exgobernador Zapata Bello?<br \/>\n\u2013pregunt\u00f3 el analista<\/p>\n<p>-Comparti\u00f3 un mensaje de unidad, cohesi\u00f3n y trabajo<br \/>\ncoordinado de cara a las elecciones del 2024 y afirm\u00f3 tener la convicci\u00f3n de<br \/>\nque, para cualquier escenario positivo en lo individual o colectivo, era<br \/>\nimprescindible el fortalecimiento del partido. \u2013respondi\u00f3 el priista yucateco-<br \/>\nA\u00fan m\u00e1s importante, le dej\u00f3 en claro a presentes, y seguramente tambi\u00e9n a<br \/>\nausentes, que \u00e9l asumir\u00e1 su responsabilidad como exgobernador de encabezar los<br \/>\nesfuerzos hacia tal objetivo. Sobre esto, record\u00f3 que la exgobernadora Sauri<br \/>\nconvers\u00f3 con \u00e9l en el homenaje que se le hizo al exgobernador <b>Federico Granja<\/b> tras su fallecimiento y<br \/>\nle comparti\u00f3 que ella cre\u00eda que \u00e9l deb\u00eda encausar los esfuerzos y convocar a<br \/>\nlos liderazgos del partido por haber sido el \u00faltimo gobernador emanado del<br \/>\ntricolor.<\/p>\n<p>-Lo dicho por <b>Rolando<br \/>\nZapata<\/b> no deja lugar a suposiciones ni dudas; fue claro y contundente.<br \/>\n\u2013afirm\u00f3 la empresaria- Ahora, habr\u00e1 que ver cu\u00e1les son las reacciones del<br \/>\npriismo yucateco ante el planteamiento del exgobernador de tomar las riendas de<br \/>\nlos esfuerzos de unificaci\u00f3n del partido para las elecciones del 2024. Mientras<br \/>\nque muchos ver\u00e1n con buenos ojos \u00e9sta noticia pues tiene el potencial de<br \/>\nresolver la falta de cohesi\u00f3n que hay en PRI Yucat\u00e1n actualmente, otros lo<br \/>\nver\u00e1n con preocupaci\u00f3n, especialmente aquellos que quisieron asumir dicho<br \/>\nliderazgo en los \u00faltimos tres a\u00f1os y no lo lograron.<\/p>\n<p>&#8211; Me parece que el punto clave en el mensaje del<br \/>\nexgobernador Zapata Bello fue la an\u00e9cdota que comparti\u00f3 sobre su pl\u00e1tica con<br \/>\ndo\u00f1a <b>Dulce Mar\u00eda Sauri<\/b> pues con \u00e9sta<br \/>\njustifica su pretensi\u00f3n de encabezar los esfuerzos internos del PRI. En primer<br \/>\nlugar, hace valer su posici\u00f3n como \u00faltimo \u201cprimer priista\u201d, que era la figura<br \/>\nque daba unidad al tricolor cuando ostentaba espacios de gobierno a nivel<br \/>\nestatal. En segundo lugar, hace menci\u00f3n del respaldo que le da la exgobernadora<br \/>\nSauri Riancho, quien en los \u00faltimos a\u00f1os ha consolidado su liderazgo y respeto<br \/>\nentre los priistas de todo el pa\u00eds por el sobresaliente desempe\u00f1o que tuvo en<br \/>\nla pasada legislatura del Congreso federal.<\/p>\n<p>-Como bien dijo nuestra amiga empresaria en un<br \/>\nprincipio, se vienen tiempos interesantes para el PRI en Yucat\u00e1n. Con el evento<br \/>\nde la toma de protesta de <b>Hissele D\u00edaz<br \/>\ndel Castillo<\/b>, el Revolucionario Institucional pudo demostrarle a la<br \/>\nsociedad que a\u00fan tiene fortaleza interna y capacidad de ejercer pol\u00edtica en el<br \/>\ncontexto actual. Por otro lado, con el mensaje del exgobernador Zapata Bello,<br \/>\nparece que el tricolor entrar\u00e1 a una necesaria etapa de unidad y consolidaci\u00f3n<br \/>\nprevio a las elecciones del 2024.<br \/>\n\u2013concluy\u00f3 la periodista- A pesar de los deseos de sus detractores, el<br \/>\nPRI da contundentes se\u00f1ales de vida y salud pues nuevamente parece renacer de<br \/>\nlas cenizas.<\/p><\/p>\n","protected":false},"excerpt":{"rendered":"<p>Contacto con la Pol\u00edtica Nacional.<\/p>\n","protected":false},"author":1114,"featured_media":35836,"comment_status":"open","ping_status":"open","sticky":false,"template":"","format":"standard","meta":{"tdm_status":"","tdm_grid_status":"","footnotes":""},"categories":[25],"tags":[],"_links":{"self":[{"href":"https:\/\/dralvarez.com.mx\/larevista\/wp-json\/wp\/v2\/posts\/20942"}],"collection":[{"href":"https:\/\/dralvarez.com.mx\/larevista\/wp-json\/wp\/v2\/posts"}],"about":[{"href":"https:\/\/dralvarez.com.mx\/larevista\/wp-json\/wp\/v2\/types\/post"}],"author":[{"embeddable":true,"href":"https:\/\/dralvarez.com.mx\/larevista\/wp-json\/wp\/v2\/users\/1114"}],"replies":[{"embeddable":true,"href":"https:\/\/dralvarez.com.mx\/larevista\/wp-json\/wp\/v2\/comments?post=20942"}],"version-history":[{"count":1,"href":"https:\/\/dralvarez.com.mx\/larevista\/wp-json\/wp\/v2\/posts\/20942\/revisions"}],"predecessor-version":[{"id":35835,"href":"https:\/\/dralvarez.com.mx\/larevista\/wp-json\/wp\/v2\/posts\/20942\/revisions\/35835"}],"wp:featuredmedia":[{"embeddable":true,"href":"https:\/\/dralvarez.com.mx\/larevista\/wp-json\/wp\/v2\/media\/35836"}],"wp:attachment":[{"href":"https:\/\/dralvarez.com.mx\/larevista\/wp-json\/wp\/v2\/media?parent=20942"}],"wp:term":[{"taxonomy":"category","embeddable":true,"href":"https:\/\/dralvarez.com.mx\/larevista\/wp-json\/wp\/v2\/categories?post=20942"},{"taxonomy":"post_tag","embeddable":true,"href":"https:\/\/dralvarez.com.mx\/larevista\/wp-json\/wp\/v2\/tags?post=20942"}],"curies":[{"name":"wp","href":"https:\/\/api.w.org\/{rel}","templated":true}]}}