{"id":20940,"date":"2022-02-21T00:00:00","date_gmt":"2022-02-21T06:00:00","guid":{"rendered":"https:\/\/dralvarez.com.mx\/larevista\/blog\/todossomosloret-2"},"modified":"2024-02-23T11:57:52","modified_gmt":"2024-02-23T17:57:52","slug":"todossomosloret-2","status":"publish","type":"post","link":"https:\/\/dralvarez.com.mx\/larevista\/opiniones\/todossomosloret-2","title":{"rendered":"#TodosSomosLoret"},"content":{"rendered":"<p><b>Editorial La Revista Peninsular&nbsp;<\/b><\/p>\n<\/p>\n<p>En un acto de abuso de poder, el presidente L\u00f3pez<br \/>\nObrador exhibi\u00f3 informaci\u00f3n personal de Carlos Loret de Mola como aparente<br \/>\nrepresalia por el reportaje de la \u201cCasa Gris\u201d. Ante la evidente violaci\u00f3n de<br \/>\npreceptos constitucionales y legales, distintos sectores de la sociedad alzaron<br \/>\nla voz en defensa del periodista yucateco. <\/p>\n<p>En La Revista Peninsular nos unimos a dichas voces<br \/>\npues consideramos que estos desplantes de intimidaci\u00f3n agravan la crisis de<br \/>\nviolencia que sufre el periodismo mexicano y crean un peligroso precedente<br \/>\nrespecto al actuar del presidente en contra de quienes asume como adversarios.<\/p>\n<p>El pasado viernes 11 de noviembre, el presidente<br \/>\nAndr\u00e9s Manuel L\u00f3pez Obrador expuso p\u00fablicamente los presuntos ingresos del<br \/>\nperiodista Carlos Loret de Mola durante su acostumbrada conferencia matutina.<br \/>\nDe esta manera, el titular del ejecutivo federal violent\u00f3 el marco legislativo<br \/>\ny constitucional mexicano al transgredir lo establecido en documentos<br \/>\nnormativos como el C\u00f3digo Fiscal de la Federaci\u00f3n y vulnerar derechos<br \/>\nprotegidos por la Carta Magna como la protecci\u00f3n a los datos personales.<\/p>\n<p>Este ataque en contra de Carlos Loret de Mola s\u00f3lo<br \/>\npuede explicarse como venganza por el reportaje que public\u00f3 hace un par de<br \/>\nsemanas en el cual dio a conocer la lujosa vida que lleva Jos\u00e9 Ram\u00f3n L\u00f3pez<br \/>\nBeltr\u00e1n, hijo del presidente. En dicha investigaci\u00f3n, tambi\u00e9n se identific\u00f3 un<br \/>\nposible conflicto de inter\u00e9s pues L\u00f3pez Beltr\u00e1n y su esposa ocuparon la casa de<br \/>\nun alto ejecutivo de la empresa petrolera Baker Hughes mientras \u00e9sta recib\u00eda<br \/>\ncontratos millonarios y beneficios de Pemex; la casa es ahora conocida como la<br \/>\n\u201cCasa Gris\u201d.<\/p>\n<p>Dada la magnitud de la agresi\u00f3n cometida por L\u00f3pez<br \/>\nObrador para intentar intimidar y callar a Loret de Mola, podemos inferir que<br \/>\nel caso tiene una profundidad mayor y que, si se investigara m\u00e1s, la imagen del<br \/>\ngobierno federal y del presidente se ver\u00edan afectadas considerablemente. De<br \/>\nhecho, este acto perpetrado por el titular del ejecutivo federal es tan grave<br \/>\nque no tiene precedentes en la historia mexicana reciente pues ni el PRI de<br \/>\nLuis Echeverr\u00eda, quien propici\u00f3 la salida de Julio Scherer de Exc\u00e9lsior en<br \/>\n1976, fue tan hostil con la prensa.<\/p>\n<p>Haber utilizado al Estado Mexicano para amedrentar e<br \/>\nintimidar a un periodista no pas\u00f3 desapercibido. Periodistas, medios de<br \/>\ncomunicaci\u00f3n, organizaciones de derechos humanos nacionales e internacionales,<br \/>\nla sociedad civil y gremios de m\u00faltiples profesiones expresaron su inconformidad<br \/>\nante el desplante presidencial.<\/p>\n<p>Una de las expresiones de protesta m\u00e1s notoria fue la<br \/>\nque se organiz\u00f3 en Twitter Spaces, la cual es una plataforma de Twitter que<br \/>\npermite a los usuarios tener conversaciones en tiempo real con hasta trece<br \/>\noradores y un p\u00fablico al que se le puede ceder el uso de la voz. Con el t\u00edtulo<br \/>\n#TodosSomosLoret, periodistas, analistas, l\u00edderes de opini\u00f3n, pol\u00edticos,<br \/>\nartistas y celebridades se unieron al Space. Entre los personajes que<br \/>\nestuvieron presentes, destacan Denise Dresser, Raymundo Riva Palacio, Enrique<br \/>\nde la Madrid, Jos\u00e9 Narro, Marco Antonio Sol\u00eds, Martha Debayle, Lupita Jones y<br \/>\nel mismo Carlos Loret de Mola.<\/p>\n<p>El Space alcanz\u00f3 un m\u00e1ximo de, aproximadamente, 64 mil<br \/>\ncuentas conectadas al mismo tiempo y m\u00e1s de 1 mill\u00f3n de oyentes a lo largo de<br \/>\n10 horas, lo cual represent\u00f3 un r\u00e9cord para la plataforma pues fue la primera<br \/>\nvez que reuni\u00f3 a tanta gente.<\/p>\n<p>En su intervenci\u00f3n, el periodista yucateco agradeci\u00f3<br \/>\nlas muestras de apoyo y se\u00f1al\u00f3 que el tema iba m\u00e1s all\u00e1 de \u00e9l pues se hab\u00eda<br \/>\nvuelto una bit\u00e1cora de los abusos que el presidente ha perpetrado en contra de<br \/>\njueces, funcionarios que no se alinearon, organismos aut\u00f3nomos, m\u00e9dicos,<br \/>\nintelectuales, acad\u00e9micos, cient\u00edficos, mujeres, clase media, v\u00edctimas de la<br \/>\nviolencia, pap\u00e1s de ni\u00f1os con c\u00e1ncer, entre otros.<\/p>\n<p>En La Revista Peninsular nos sumamos a los reclamos en<br \/>\ntorno a la violencia ejercida por el presidente en contra de Carlos Loret de<br \/>\nMola y el periodismo cr\u00edtico, as\u00ed como de otros sectores y organizaciones del<br \/>\npa\u00eds, pues vemos con preocupaci\u00f3n que el titular del ejecutivo, en un arrebato<br \/>\ntemperamental, usa el aparato gubernamental para intimidar y silenciar a un<br \/>\nciudadano que le resulta inc\u00f3modo.<\/p>\n<p>A\u00fan m\u00e1s, el actuar del presidente Andr\u00e9s Manuel es<br \/>\nreprobable puesto que vulnera la privacidad de un periodista cuando el pa\u00eds<br \/>\nafronta una severa crisis de violencia contra el periodismo. Al menos 5 colegas<br \/>\nperiodistas han sido asesinados en lo que va del a\u00f1o; el \u00faltimo fue Heber L\u00f3pez<br \/>\nV\u00e1squez de Oaxaca, quien fue privado de la vida en su estudio de grabaci\u00f3n el<br \/>\n10 de febrero, horas antes de que L\u00f3pez Obrador arremetiera en contra de Loret<br \/>\nde Mola.<\/p>\n<p>Desde estas p\u00e1ginas hacemos un llamado a la ciudadan\u00eda<br \/>\na manifestarse por la violencia ejercida desde Palacio Nacional en contra del<br \/>\nperiodismo cr\u00edtico y de los dem\u00e1s sectores que el presidente considera<br \/>\nadversarios. Si se permite que el atropello a Carlos Loret de Mola pase<br \/>\ndesapercibido, nadie estar\u00e1 exento de ver vulnerados sus derechos en la tribuna<br \/>\nde la \u201cma\u00f1anera\u201d tras un arranque col\u00e9rico de Andr\u00e9s Manuel L\u00f3pez Obrador.<\/p>\n<p>En tiempos en los que el gobierno ataca<br \/>\ninjustificadamente a un ciudadano frente a los ojos de todos, vale la pena<br \/>\nreflexionar sobre aquel poema del pastor luterano Martin Niem\u00f6ller que dice:<\/p>\n<p><i>\u201cCuando<br \/>\nlos nazis vinieron a llevarse a los comunistas, guard\u00e9 silencio, ya que no era<br \/>\ncomunista, cuando encarcelaron a los socialdem\u00f3cratas, guard\u00e9 silencio, ya que<br \/>\nno era socialdem\u00f3crata, cuando vinieron a buscar a los sindicalistas, no<br \/>\nprotest\u00e9, ya que no era sindicalista, cuando vinieron a llevarse a los jud\u00edos, no<br \/>\nprotest\u00e9, ya que no era jud\u00edo\u2026 Cuando vinieron a buscarme, no hab\u00eda nadie m\u00e1s<br \/>\nque pudiera protestar\u201d.<\/i><\/p><\/p>\n","protected":false},"excerpt":{"rendered":"<p>Editorial La Revista Peninsular<\/p>\n","protected":false},"author":1111,"featured_media":35834,"comment_status":"open","ping_status":"open","sticky":false,"template":"","format":"standard","meta":{"tdm_status":"","tdm_grid_status":"","footnotes":""},"categories":[25],"tags":[],"_links":{"self":[{"href":"https:\/\/dralvarez.com.mx\/larevista\/wp-json\/wp\/v2\/posts\/20940"}],"collection":[{"href":"https:\/\/dralvarez.com.mx\/larevista\/wp-json\/wp\/v2\/posts"}],"about":[{"href":"https:\/\/dralvarez.com.mx\/larevista\/wp-json\/wp\/v2\/types\/post"}],"author":[{"embeddable":true,"href":"https:\/\/dralvarez.com.mx\/larevista\/wp-json\/wp\/v2\/users\/1111"}],"replies":[{"embeddable":true,"href":"https:\/\/dralvarez.com.mx\/larevista\/wp-json\/wp\/v2\/comments?post=20940"}],"version-history":[{"count":1,"href":"https:\/\/dralvarez.com.mx\/larevista\/wp-json\/wp\/v2\/posts\/20940\/revisions"}],"predecessor-version":[{"id":35833,"href":"https:\/\/dralvarez.com.mx\/larevista\/wp-json\/wp\/v2\/posts\/20940\/revisions\/35833"}],"wp:featuredmedia":[{"embeddable":true,"href":"https:\/\/dralvarez.com.mx\/larevista\/wp-json\/wp\/v2\/media\/35834"}],"wp:attachment":[{"href":"https:\/\/dralvarez.com.mx\/larevista\/wp-json\/wp\/v2\/media?parent=20940"}],"wp:term":[{"taxonomy":"category","embeddable":true,"href":"https:\/\/dralvarez.com.mx\/larevista\/wp-json\/wp\/v2\/categories?post=20940"},{"taxonomy":"post_tag","embeddable":true,"href":"https:\/\/dralvarez.com.mx\/larevista\/wp-json\/wp\/v2\/tags?post=20940"}],"curies":[{"name":"wp","href":"https:\/\/api.w.org\/{rel}","templated":true}]}}