{"id":20936,"date":"2022-02-19T00:00:00","date_gmt":"2022-02-19T06:00:00","guid":{"rendered":"https:\/\/dralvarez.com.mx\/larevista\/blog\/no-al-acoso"},"modified":"2024-02-23T11:57:35","modified_gmt":"2024-02-23T17:57:35","slug":"no-al-acoso","status":"publish","type":"post","link":"https:\/\/dralvarez.com.mx\/larevista\/opiniones\/no-al-acoso","title":{"rendered":"No al acoso&#8230;"},"content":{"rendered":"<p><b>Por: Cristina Pad\u00edn.<\/b><\/p>\n<p>La noche en la que se iba a matar S. N. fue a dar un paseo por la orilla del mar. Por la playa, su playa. Le encantaba pisar la arena con los pies descalzos en invierno, algo que no har\u00eda nunca m\u00e1s. Adoraba tambi\u00e9n el mes de mayo, cre\u00eda que era el m\u00e1s bonito, y tampoco lo volver\u00eda a disfrutar.. era febrero, y la vida se le antojaba algo demasiado hostil para seguir en ella..<\/p>\n<p>La noche en la que se iba a matar llegar\u00eda tarde a casa, algo que nunca hac\u00eda, a sus catorce a\u00f1os era una adolescente responsable. Se tom\u00f3 un helado de hierbabuena de los que tanto le gustaban, el \u00faltimo, y fue al cementerio a ver a su abuelo. Jam\u00e1s escuchar\u00eda los gritos, no le volver\u00edan a tirar del pelo, no le romper\u00edan sus libros, no le escupir\u00edan a la cara..<\/p>\n<p>La noche en la que S. N. se iba a matar las dos chicas que la martirizaban desde hac\u00eda meses y los diecinueve compa\u00f1eros de clase que lo sab\u00edan y no hac\u00edan nada por detenerlo no se iban a matar. Por eso cenaron en familia, y se pusieron el pijama, y chatearon o se enviaron fotos. S. N. no.. no cen\u00f3 la tortilla que hab\u00eda preparado su madre, ni la ensalada. El impacto que acab\u00f3 con su existir se produjo a las 21.40\u2026<\/p>\n<p>Y todo fue peor.. much\u00edsimo peor..<\/p>\n<p>Ayer una noticia, otra m\u00e1s, sobre el acoso escolar me hel\u00f3 el alma<br \/>Dedicado a todos aquellos que sufren esta lacra, ojal\u00e1 se acabe un d\u00eda<br \/>Dedicado a los que lo ven y no hacen nada, s\u00e9 que es dif\u00edcil, hay que ser valiente!<br \/>A mi querido Luis<br \/>A Albriux<br \/>A mi amiga Paty, muy sensibilizada con este tema<br \/>Y con la esperanza de que alguna vez esta pesadilla desaparezca<\/p>\n","protected":false},"excerpt":{"rendered":"<p>Por: Cristina Pad\u00edn.<\/p>\n","protected":false},"author":1025,"featured_media":35830,"comment_status":"open","ping_status":"open","sticky":false,"template":"","format":"standard","meta":{"tdm_status":"","tdm_grid_status":"","footnotes":""},"categories":[25],"tags":[],"_links":{"self":[{"href":"https:\/\/dralvarez.com.mx\/larevista\/wp-json\/wp\/v2\/posts\/20936"}],"collection":[{"href":"https:\/\/dralvarez.com.mx\/larevista\/wp-json\/wp\/v2\/posts"}],"about":[{"href":"https:\/\/dralvarez.com.mx\/larevista\/wp-json\/wp\/v2\/types\/post"}],"author":[{"embeddable":true,"href":"https:\/\/dralvarez.com.mx\/larevista\/wp-json\/wp\/v2\/users\/1025"}],"replies":[{"embeddable":true,"href":"https:\/\/dralvarez.com.mx\/larevista\/wp-json\/wp\/v2\/comments?post=20936"}],"version-history":[{"count":1,"href":"https:\/\/dralvarez.com.mx\/larevista\/wp-json\/wp\/v2\/posts\/20936\/revisions"}],"predecessor-version":[{"id":35829,"href":"https:\/\/dralvarez.com.mx\/larevista\/wp-json\/wp\/v2\/posts\/20936\/revisions\/35829"}],"wp:featuredmedia":[{"embeddable":true,"href":"https:\/\/dralvarez.com.mx\/larevista\/wp-json\/wp\/v2\/media\/35830"}],"wp:attachment":[{"href":"https:\/\/dralvarez.com.mx\/larevista\/wp-json\/wp\/v2\/media?parent=20936"}],"wp:term":[{"taxonomy":"category","embeddable":true,"href":"https:\/\/dralvarez.com.mx\/larevista\/wp-json\/wp\/v2\/categories?post=20936"},{"taxonomy":"post_tag","embeddable":true,"href":"https:\/\/dralvarez.com.mx\/larevista\/wp-json\/wp\/v2\/tags?post=20936"}],"curies":[{"name":"wp","href":"https:\/\/api.w.org\/{rel}","templated":true}]}}