{"id":20916,"date":"2022-02-17T00:00:00","date_gmt":"2022-02-17T06:00:00","guid":{"rendered":"https:\/\/dralvarez.com.mx\/larevista\/blog\/una-campanada-al-cielo"},"modified":"2024-02-23T11:56:50","modified_gmt":"2024-02-23T17:56:50","slug":"una-campanada-al-cielo","status":"publish","type":"post","link":"https:\/\/dralvarez.com.mx\/larevista\/opiniones\/una-campanada-al-cielo","title":{"rendered":"Una campanada al cielo&#8230;"},"content":{"rendered":"<p><b>Por: Cristina Pad\u00edn.<\/b><\/p>\n<p>Llegar\u00e1 septiembre, dijo aquella mujer con una sonrisa. Acababa de contar cuentos en aquella planta, y el \u00faltimo versaba sobre el dorado mes de septiembre. Entonces era julio.. Y ten\u00eda raz\u00f3n ella, septiembre lleg\u00f3. El que no lleg\u00f3 fue el ni\u00f1o, uno de los peque\u00f1os que aplaud\u00edan las historias en julio, el ni\u00f1o muri\u00f3 una madrugada de agosto. <\/p>\n<p>V\u00edctima de una enfermedad que, adem\u00e1s de ser larga, tiene nombre. Se llama c\u00e1ncer. El monstruo terrible se llev\u00f3 su corta vida de nueve a\u00f1os, su pasi\u00f3n por el f\u00fatbol, su admiraci\u00f3n por El Juli, sus ganas de leer y escuchar cuentos, su deseo de volver a la playa, a jugar con las olas. No pudo ser. El c\u00e1ncer destroz\u00f3 la alegr\u00eda de una familia.<\/p>\n<p>Lleg\u00f3 noviembre, tambi\u00e9n. Y los chiquillos se disfrazaron de cosas que daban miedo, ellos que con su valent\u00eda se enfrentan al dolor. Y lleg\u00f3 Navidad, con su magia. Y el 15 de febrero. Otros ni\u00f1os siguen jugando y escuchando cuentos que personas excelentes van a narrarles. Tocan una campana cuando alguno se ha puesto bien! Y dirigen a diario una campanada al cielo..<\/p>\n<p>Por el peque\u00f1o, y por cada peque\u00f1o en lucha contra un gigante muy maligno..<\/p>\n<p>En un d\u00eda triste para Galicia y pendiente del barco en Canad\u00e1 quise dedicar un cuento a todos esos ni\u00f1os. Muchos se curan, gracias a Dios. Eleg\u00ed que el de esta historia no lo lograra porque eso tambi\u00e9n ocurre, tristemente..<br \/>A cada ni\u00f1o<br \/>A cada persona que tan bien cuida a esos ni\u00f1os<br \/>A cada persona en mi tierra con el alma en el mar. Mi oraci\u00f3n<br \/>Al hijo de Edu Hinojosa, un abrazo<br \/>Al toreo, siempre solidario, y a mi querido Juli, siempre noble<br \/>A mi querido Luis<br \/>A Grethel, feliz cumplea\u00f1os<\/p>\n","protected":false},"excerpt":{"rendered":"<p>Por: Cristina Pad\u00edn.<\/p>\n","protected":false},"author":1025,"featured_media":35811,"comment_status":"open","ping_status":"open","sticky":false,"template":"","format":"standard","meta":{"tdm_status":"","tdm_grid_status":"","footnotes":""},"categories":[25],"tags":[],"_links":{"self":[{"href":"https:\/\/dralvarez.com.mx\/larevista\/wp-json\/wp\/v2\/posts\/20916"}],"collection":[{"href":"https:\/\/dralvarez.com.mx\/larevista\/wp-json\/wp\/v2\/posts"}],"about":[{"href":"https:\/\/dralvarez.com.mx\/larevista\/wp-json\/wp\/v2\/types\/post"}],"author":[{"embeddable":true,"href":"https:\/\/dralvarez.com.mx\/larevista\/wp-json\/wp\/v2\/users\/1025"}],"replies":[{"embeddable":true,"href":"https:\/\/dralvarez.com.mx\/larevista\/wp-json\/wp\/v2\/comments?post=20916"}],"version-history":[{"count":1,"href":"https:\/\/dralvarez.com.mx\/larevista\/wp-json\/wp\/v2\/posts\/20916\/revisions"}],"predecessor-version":[{"id":35810,"href":"https:\/\/dralvarez.com.mx\/larevista\/wp-json\/wp\/v2\/posts\/20916\/revisions\/35810"}],"wp:featuredmedia":[{"embeddable":true,"href":"https:\/\/dralvarez.com.mx\/larevista\/wp-json\/wp\/v2\/media\/35811"}],"wp:attachment":[{"href":"https:\/\/dralvarez.com.mx\/larevista\/wp-json\/wp\/v2\/media?parent=20916"}],"wp:term":[{"taxonomy":"category","embeddable":true,"href":"https:\/\/dralvarez.com.mx\/larevista\/wp-json\/wp\/v2\/categories?post=20916"},{"taxonomy":"post_tag","embeddable":true,"href":"https:\/\/dralvarez.com.mx\/larevista\/wp-json\/wp\/v2\/tags?post=20916"}],"curies":[{"name":"wp","href":"https:\/\/api.w.org\/{rel}","templated":true}]}}