{"id":20822,"date":"2022-02-09T00:00:00","date_gmt":"2022-02-09T06:00:00","guid":{"rendered":"https:\/\/dralvarez.com.mx\/larevista\/blog\/eligiendo-diputadoa"},"modified":"2024-02-23T11:52:31","modified_gmt":"2024-02-23T17:52:31","slug":"eligiendo-diputadoa","status":"publish","type":"post","link":"https:\/\/dralvarez.com.mx\/larevista\/opiniones\/eligiendo-diputadoa","title":{"rendered":"Eligiendo Diputado\/a"},"content":{"rendered":"<p><b>Por: Jorge Valladares S\u00e1nchez.*<\/b><\/p>\n<p><b>En Facebook y en Youtube: Dr. Jorge Valladares.<\/b><\/p>\n<p><b><i><\/i><\/b><\/p>\n<blockquote><p><b><i>Primera Llamada\u2026<\/i><\/b><\/p><\/blockquote>\n<\/p>\n<p>Entonces\u2026<br \/>\nciudadano\/a es alguien que vive y se siente del lugar de que se trate,<br \/>\nindependientemente de si naci\u00f3 o no en \u00e9l o su edad o desde cuando lo siente<br \/>\nas\u00ed. Por tanto se reconoce copropietario de todo lo que en su ciudad-pa\u00eds y<br \/>\ncomunidad ocurra en la esfera p\u00fablica, y es de all\u00ed de donde emergen y se<br \/>\nvalidan sus derechos y obligaciones. <\/p>\n<p>Algunos<br \/>\nfactores que habitualmente inhiben llegar a ubicarnos en esa calidad y<br \/>\nejercerla son la insuficiente formaci\u00f3n, la prioridad que tienen temas m\u00e1s<br \/>\npersonales o familiares, la indefinici\u00f3n de los modos de participar en lo<br \/>\np\u00fablico y del concepto mismo de ciudadan\u00eda, su complejidad y alta generaci\u00f3n de<br \/>\nfrustraciones. El ABC que he propuesto para fortalecernos como ciudadan\u00eda<br \/>\ninicia por la igualdad, iniciativas sencillas y convergencias; o sea respeto,<br \/>\nproactividad y eficiencia.<\/p>\n<p>Vamos a<br \/>\navanzar otro paso en la ruta hacia encontrarnos en temas que nos importan y<br \/>\npoder actuar en conjunto para buenas causas. Existe gente que se une y se<br \/>\nre\u00fane, aunque es frecuente que se dispersen en unidades peque\u00f1as o medianas, No<br \/>\nson tantas, pero s\u00ed han logrado varias de ellas tener gran impacto. Tan s\u00f3lo en<br \/>\nYucat\u00e1n hay cientos de asociaciones civiles que, con alg\u00fan grado de estructura,<br \/>\nd\u00eda a d\u00eda procuran respaldar a personas que lo necesitan bajo tem\u00e1ticas<br \/>\ndistintas.<\/p>\n<p>Es<br \/>\nprobable que hayas escuchado o visto acciones de algunas de ellas. Hace unos<br \/>\nd\u00edas tuve nuevamente el placer de participar en una emisi\u00f3n de Criterio<br \/>\nCiudadano, con mi buen amigo, Alaan Carde\u00f1a; quien me preguntaba sobre la forma<br \/>\nde iniciar una participaci\u00f3n m\u00e1s activa y efectiva si alguna persona o grupo<br \/>\nas\u00ed lo desea. Un primer punto es que aunque sepamos que hay gente actuando, o<br \/>\ntambi\u00e9n si partimos de cero para procurar asociarnos hacia una causa, es com\u00fan<br \/>\nque entremos a esa primera conversaci\u00f3n con algunos estereotipos o prejuicios,<br \/>\ncon lo cual iniciamos juzgando, predispuestos, rechazantes, limitantes; as\u00ed que<br \/>\nasumir esa igualdad de buenas intenciones, derechos y libertades toma mucha<br \/>\nimportancia para hacer que funcione.<\/p>\n<p>Si<br \/>\ntenemos ese canal sintonizado y abierto podemos proceder a buscar v\u00edas comunes<br \/>\nde acci\u00f3n para obtener mejores resultados. Y entonces debemos cuidar que lo que<br \/>\naportamos vaya m\u00e1s all\u00e1 de las acusaciones, desahogos, memes, likes e intentos<br \/>\nde tener la raz\u00f3n o la respuesta sin haber dialogado. Si ese fuera el caso, el<br \/>\nproblema no existir\u00eda, todos estar\u00edan ya haciendo lo correcto y actuando bien<br \/>\nen un mundo lineal y claro. Las soluciones efectivas usualmente pasan por<br \/>\natender varias visiones y lograr articularlas para llegar a una perspectiva<br \/>\ndiferente. Y ello requiere tiempo y persistencia, con quienes coincidan en la<br \/>\nintenci\u00f3n y momento de actuar.<\/p>\n<p>Hace<br \/>\nalgunos a\u00f1os, en la afortunada coincidencia con personas que tambi\u00e9n se<br \/>\ndesempe\u00f1aban en el \u00e1mbito electoral, pero la convicci\u00f3n de que lo fundamental<br \/>\nes la labor de fortalecimiento a la ciudadan\u00eda, decidimos enlazarnos como nodos<br \/>\nque alimentaron a lo que hoy es La Red C\u00edvica Mx. Nuestro enfoque lo tenemos en<br \/>\nlas competencias que se requieren formar o fortalecer en sectores de la<br \/>\npoblaci\u00f3n para su plena participaci\u00f3n en las decisiones de lo p\u00fablico. La Red<br \/>\nNacional de Ciudadan\u00eda y Organizaciones por la Educaci\u00f3n C\u00edvica est\u00e1 abierta a<br \/>\nla participaci\u00f3n creciente y diversa de grupos civiles organizados y personas<br \/>\nde cualquier lugar de M\u00e9xico que se interesen en estos temas de ciudadan\u00eda y<br \/>\nencuentren en la asociaci\u00f3n un espacio virtuoso en el que se puede compartir,<br \/>\nconversar, proponer, construir y transformar lo que somos como comunidad y como<br \/>\npa\u00eds.<\/p>\n<p>Eso por<br \/>\nla parte natural de la asociaci\u00f3n e interacci\u00f3n de la gente. En tema<br \/>\ncomplementario, he compartido en otros momentos mecanismos de la ley e<br \/>\ninstituciones que prev\u00e9n formas de resolver problemas que nos importan o contar<br \/>\ncon satisfactores que merecemos, as\u00ed como el desconocimiento, ineficacia,<br \/>\ncorrupci\u00f3n y complejidad que nos alejan de usarlos cotidianamente. As\u00ed como<br \/>\ntambi\u00e9n hay una variedad de funcionarios\/as a las que les pagamos para<br \/>\nadministrar lo p\u00fablico, procurar la soluci\u00f3n a los problemas sociales y<br \/>\npropiciar rutas del bienestar y desarrollo, que nos siguen quedando a deber en<br \/>\nsu desempe\u00f1o y resultados.<\/p>\n<p>Entre<br \/>\ntales, la figura que deber\u00eda ser la m\u00e1s cercana a la ciudadan\u00eda es aquella que<br \/>\nle da el cariz a la definici\u00f3n de democracia como gobierno del pueblo. Ese<br \/>\nPueblo que reunido de alguna manera para decidir una o cada cosa p\u00fablica s\u00f3lo<br \/>\nes imaginable en Buford, donde habita una persona; lo que hay, son figuras a<br \/>\ntrav\u00e9s de las cuales se identifica la integraci\u00f3n del \u201cPueblo\u201d y la manera en<br \/>\nla cual se asume que est\u00e1 ejerciendo tal poder.<\/p>\n<p>Pues,<br \/>\nbien, en nuestra democr\u00e1tica y representativa rep\u00fablica, son los Diputados\/as<br \/>\n(y senadores) quienes tienen ese rol de asumirse como la representaci\u00f3n de la<br \/>\ngente, de la totalidad del pueblo, particularmente de quienes tienen el derecho<br \/>\na votar, lo ejerzan o no.<\/p>\n<p>Sin ir a<br \/>\ndetalles t\u00e9cnicos ni agobiar con la letra de la ley, b\u00e1sicamente a 500 personas<br \/>\nen nuestro pa\u00eds le corresponde ser nuestra voz, y por ello tomar decisiones de<br \/>\ncapital importancia o inhibir o permitir las de otros poderes, incluso nombrar<br \/>\no validar una cantidad importante de funcionarios\/as y hacer o deshacer las<br \/>\nleyes. Adem\u00e1s de eso cuentan con responsabilidad, recursos y medios para<br \/>\ngestionar en favor de las comunidades a las que representan.<\/p>\n<p>O sea,<br \/>\ndonde sea que vivas, alguien habla en tu nombre y vota en los temas de mayor<br \/>\nrelevancia en tu nombre y el de la gente de tu distrito. Y la pregunta que le<br \/>\nhice a Alaan, \u00bfcu\u00e1ntas veces en tu vida, quien haya tenido ese cargo, te ha<br \/>\npreguntado lo que piensas o si est\u00e1s a favor o en contra de cosa alguna sobre<br \/>\nla que vaya a votar? Su respuesta y la m\u00eda, a\u00fan con m\u00e1s de una d\u00e9cada de<br \/>\ndistancia en edad, es la misma: cero. Tu diputado\/a, a ti, \u00bfal menos te ha<br \/>\nrendido cuentas del porqu\u00e9 apoy\u00f3 o se opuso a alguna decisi\u00f3n relevante? El<br \/>\n\u00fanico remedo de ello tuvo moda hace un tr\u00edo de lustros, los informes<br \/>\nlegislativos, que son meros intentos rid\u00edculos de promoci\u00f3n personal hacia otro<br \/>\ncargo, en los casos que yo he conocido.<\/p>\n<p>Deben<br \/>\nhaberme \u201crepresentado\u201d ya 18 legisladores en el congreso federal y otros<br \/>\ntantos\/as en los locales; y no he tenido la fortuna de saber de 1 que haya<br \/>\nvotado diferente a su bancada. Y no creo que sea s\u00f3lo mi caso y el de mis<br \/>\nvecinos\/as; acostumbramos dar por sentado que una vez que obtuvieron el puesto<br \/>\nhar\u00e1n lo que indique su bancada, l\u00edder o intereses propios, pues el \u00fanico acto<br \/>\ndemocr\u00e1tico al que tenemos acceso como \u201cPueblo\u201d es elegir entre las opciones<br \/>\nque los partidos nos ofrecen.<\/p>\n<p>\u00bfEs<br \/>\ncorrecto? \u00bfEs lo \u00fanico a lo que podemos aspirar? \u00bfPodemos hacer algo para<br \/>\ncambiarlo y evolucionar hacia una democracia aut\u00e9nticamente representativa? Sin<br \/>\nduda, pero ello requiere de un ejercicio de ciudadan\u00eda que tenemos que<br \/>\nconstruir a\u00fan. Creo que es uno de los puntos m\u00e1s prometedores por donde<br \/>\nempezar, excepto porque provoca tanta apat\u00eda y en la percepci\u00f3n social a ese<br \/>\ngremio se le atribuye un poder que en realidad no tiene, por lo menos caso por<br \/>\ncaso.<\/p>\n<p>Tanto<br \/>\npara la siguiente elecci\u00f3n, punto cardinal al que ya sabemos que tenemos pleno<br \/>\nacceso, como ahora o cuando tengamos esa capacidad y ejecuci\u00f3n de coincidir,<br \/>\npodemos \u201ccantarle la cartilla\u201d a nuestros representantes, cada cual en su<br \/>\ndemarcaci\u00f3n o en conjunto para varios casos. Hacerle volver a las bases, no de<br \/>\nsu partido, sino de la gente a la que debe servir, la que le paga, a la que<br \/>\ndebe estar dedicado su trabajo como funcionario\/a. <\/p>\n<p>Acci\u00f3n<br \/>\naparte y m\u00e1s coordinada merecen los\/as 200 que descaradamente \u201crepresentan\u201d los<br \/>\nvotos que su partido recibi\u00f3, como si la gente que vota estuviera efectivamente<br \/>\npensando: \u201dsi no queda la persona a la que le doy mi voto, al menos que llegue<br \/>\nalguien bien posicionado en el partido a decirles a los\/as dem\u00e1s c\u00f3mo votar o<br \/>\nque se premie a los que jugaron bien sus cartas\u201d. Tiene un sentido la<br \/>\nrepresentaci\u00f3n proporcional, pero se pierde en las condiciones actuales y en<br \/>\nello tambi\u00e9n tenemos algo importante que corregir, para alcanzar la pluralidad,<br \/>\npero sin el lastre de la desfachatez.<\/p>\n<p>Habr\u00e1<br \/>\nexcepciones, s\u00ed (de las que conozco muy pocas), pero la mayor\u00eda de las personas<br \/>\ncon esta ocupaci\u00f3n, tan bien pagada, tienen bastante tiempo para dedicar a<br \/>\nlabores diferentes a las que les exige la constituci\u00f3n para pagarles su dieta y<br \/>\nentregarles dem\u00e1s recursos que solitos\/as se autorizan. As\u00ed que podemos avanzar<br \/>\nhacia un mecanismo de comunicaci\u00f3n y consenso con la ciudadan\u00eda a la que<br \/>\nrepresentan. El detalle es que no va a partir de ellos\/as, tenemos que<br \/>\n\u201cmotivarles\u201d a hacerlo.<\/p>\n<p>La opci\u00f3n<br \/>\nm\u00e1s com\u00fanmente comentada, pero poco cre\u00edda, es la de volverse uno de ellos\/as.<br \/>\nTiene sentido porque basta con ser mexicano por nacimiento, tener 21 a\u00f1os y<br \/>\nvivir en la entidad por al menos 6 meses o haber nacido all\u00ed, y no ser una<br \/>\nlista de cosas que la mayor\u00eda no somos ni seremos, pero que lamentablemente no<br \/>\nincluyen aspectos \u00e9ticos. La complicaci\u00f3n est\u00e1 en las reglas, escritas y no<br \/>\nescritas, para poder contender en circunstancias competitivas. Incluso la no<br \/>\ntan novedosa candidatura independiente se dise\u00f1\u00f3 para ser un mecanismo para<br \/>\ncobijar sin color a quien no sea tratado como desea por su partido, y no para<br \/>\nfacilitar el acceso de cualquier persona a representarnos.<\/p>\n<p>Revisando<br \/>\nla etimolog\u00eda, como considero \u00fatil frecuentemente, el diputado es el que puede<br \/>\ndecidir porque es capaz de reflexionar y considerarlo, o alguien que es<br \/>\nescogido, evaluado y destinado para ese fin. El primer verbo queda minimizado,<br \/>\nel tercero suena a fatalidad y el segundo parece que ya a nadie le importa,<br \/>\nexcepto en una forma perversa a \u00e9l o ella misma, pues ya tienen acceso a la<br \/>\nreelecci\u00f3n, hasta por 3 periodos.<\/p>\n<p>Y<br \/>\nrepresentar tiene dos prefijos, el primero (re) indicando que algo sucede m\u00e1s<br \/>\nde una vez y el segundo (pre) que alude a poner algo delante, y el verbo que le<br \/>\nda sustancia est\u00e1 en ser (esse), estar o existir. La democracia como la<br \/>\nconocemos, entonces, tiene mucho que ver con que hemos permitido que una y cien<br \/>\nveces, alguna persona se anticipe o exponga lo que somos, sin siquiera habernos<br \/>\npreguntado si es as\u00ed. \u00bfQu\u00e9 tal si les recordamos que aqu\u00ed estamos y qui\u00e9nes<br \/>\nsomos?<\/p>\n<p><small>&#8212;&#8212;&#8212;&#8212;&#8212;&#8212;&#8212;&#8212;&#8212;&#8212;&#8212;&#8212;&#8212;&#8212;<\/small><br \/><b><small>*Jorge Valladares S\u00e1nchez<\/small><\/b><br \/><small>Pap\u00e1,<br \/>\nCiudadano, Consultor.<\/small><br \/><small>Representante<br \/>\nen Yucat\u00e1n de Nosotrxs.<\/small><br \/><small>Coordinador<br \/>\nNacional de la Red C\u00edvica Mx, A.C.<\/small><br \/><small>Doctor<br \/>\nen Ciencias Sociales.<\/small><br \/><small>Doctor<br \/>\nen Derechos Humanos.<\/small><\/p><\/p>\n","protected":false},"excerpt":{"rendered":"<p>Primera Llamada\u2026<\/p>\n","protected":false},"author":1112,"featured_media":0,"comment_status":"open","ping_status":"open","sticky":false,"template":"","format":"standard","meta":{"tdm_status":"","tdm_grid_status":"","footnotes":""},"categories":[25],"tags":[],"_links":{"self":[{"href":"https:\/\/dralvarez.com.mx\/larevista\/wp-json\/wp\/v2\/posts\/20822"}],"collection":[{"href":"https:\/\/dralvarez.com.mx\/larevista\/wp-json\/wp\/v2\/posts"}],"about":[{"href":"https:\/\/dralvarez.com.mx\/larevista\/wp-json\/wp\/v2\/types\/post"}],"author":[{"embeddable":true,"href":"https:\/\/dralvarez.com.mx\/larevista\/wp-json\/wp\/v2\/users\/1112"}],"replies":[{"embeddable":true,"href":"https:\/\/dralvarez.com.mx\/larevista\/wp-json\/wp\/v2\/comments?post=20822"}],"version-history":[{"count":1,"href":"https:\/\/dralvarez.com.mx\/larevista\/wp-json\/wp\/v2\/posts\/20822\/revisions"}],"predecessor-version":[{"id":35729,"href":"https:\/\/dralvarez.com.mx\/larevista\/wp-json\/wp\/v2\/posts\/20822\/revisions\/35729"}],"wp:attachment":[{"href":"https:\/\/dralvarez.com.mx\/larevista\/wp-json\/wp\/v2\/media?parent=20822"}],"wp:term":[{"taxonomy":"category","embeddable":true,"href":"https:\/\/dralvarez.com.mx\/larevista\/wp-json\/wp\/v2\/categories?post=20822"},{"taxonomy":"post_tag","embeddable":true,"href":"https:\/\/dralvarez.com.mx\/larevista\/wp-json\/wp\/v2\/tags?post=20822"}],"curies":[{"name":"wp","href":"https:\/\/api.w.org\/{rel}","templated":true}]}}