{"id":20820,"date":"2022-02-09T00:00:00","date_gmt":"2022-02-09T06:00:00","guid":{"rendered":"https:\/\/dralvarez.com.mx\/larevista\/blog\/ninos-de-la-guerra"},"modified":"2024-02-23T11:52:29","modified_gmt":"2024-02-23T17:52:29","slug":"ninos-de-la-guerra","status":"publish","type":"post","link":"https:\/\/dralvarez.com.mx\/larevista\/opiniones\/ninos-de-la-guerra","title":{"rendered":"Ni\u00f1os de la guerra"},"content":{"rendered":"<p><b>Por: Pascal Beltr\u00e1n del R\u00edo.<\/b><\/p>\n<\/p>\n<p>El domingo pasado, al realizar un patrullaje de<br \/>\nrutina, elementos de seguridad estatales y federales fueron atacados en el<br \/>\npoblado de Ojo de Agua, Michoac\u00e1n, a 12 kil\u00f3metros al oriente de Zamora.<\/p>\n<p>Polic\u00edas, soldados y guardias nacionales repelieron la<br \/>\nagresi\u00f3n, que dej\u00f3 dos efectivos heridos y dos civiles muertos. En la acci\u00f3n se<br \/>\ndetuvo a 18 presuntos miembros de una c\u00e9lula criminal y se decomis\u00f3, de acuerdo<br \/>\ncon el parte oficial, siete armas largas y 20 cargadores con m\u00e1s de 300<br \/>\ncartuchos.<\/p>\n<p>Parecer\u00eda uno de tantos operativos que realizan contra<br \/>\nla delincuencia organizada, pero las fuerzas de seguridad se encontraron con<br \/>\nque 10 de los 18 individuos que participaron en el ataque eran menores de edad.<br \/>\nUno de los aspectos m\u00e1s preocupantes de la violencia que vive el pa\u00eds es el<br \/>\nreclutamiento de j\u00f3venes por parte de grupos criminales.<\/p>\n<p>En M\u00e9xico comenz\u00f3 a advertirse esa descomposici\u00f3n<br \/>\ncuando fue detenido, en diciembre de 2010, el adolescente conocido como El<br \/>\nPonchis, quien se dedicaba a asesinar y descuartizar cuerpos para el c\u00e1rtel de<br \/>\nlos Beltr\u00e1n Leyva, en Morelos, desde que ten\u00eda once a\u00f1os de edad.<\/p>\n<p>Esa historia horroriz\u00f3 a la sociedad mexicana, pero lo<br \/>\ncierto es que poco o nada se ha hecho para prevenir casos similares. Los hechos<br \/>\nde Zamora son uno de tantos indicadores sobre la situaci\u00f3n de los menores de<br \/>\nedad, en el contexto de la guerra que se libra en M\u00e9xico, que podr\u00eda estar<br \/>\nmucho peor de lo que estaba hace una d\u00e9cada.<\/p>\n<p>En octubre del a\u00f1o pasado, la Red para los Derechos de<br \/>\nla Infancia en M\u00e9xico (Redim) inform\u00f3, con base en datos oficiales, que hay m\u00e1s<br \/>\nde 15 mil ni\u00f1os ausentes en el pa\u00eds, de los cuales m\u00e1s de 11 mil ten\u00edan 12 a\u00f1os<br \/>\no m\u00e1s en el momento de su desaparici\u00f3n. El a\u00f1o pasado, la cifra de menores de<br \/>\nedad cuyo paradero se desconoce se engros\u00f3 en m\u00e1s de 4 mil 300.<\/p>\n<p>Aunque la explotaci\u00f3n sexual es uno de motivos para<br \/>\narrancar a los ni\u00f1os de sus comunidades, el reclutamiento por parte de grupos<br \/>\ncriminales es otro fen\u00f3meno presente, coinciden diversos especialistas.<\/p>\n<p>La antrop\u00f3loga Elena Azaola, una de las principales<br \/>\nexpertas en el tema, estima que hay 150 mil menores de edad en riesgo de<br \/>\nreclutamiento. Es decir, el problema potencial es diez veces mayor. Incorporar<br \/>\na ni\u00f1os en sus filas tiene ventajas para la delincuencia. Son, obviamente, m\u00e1s<br \/>\nvulnerables que la gran mayor\u00eda de los adultos. Son m\u00e1s manipulables por medio<br \/>\nde la violencia f\u00edsica y emocional. Y, en caso de ser detenidos, no pueden ser<br \/>\nsujetos a las mismas sanciones penales que los mayores de edad.<\/p>\n<p>El mundo ha avanzado para prevenir y castigar el uso<br \/>\nde ni\u00f1os soldado en el contexto de conflictos armados reconocidos, con<br \/>\ninstrumentos del derecho internacional como los Protocolos Adicionales de 1977<br \/>\nde la Convenci\u00f3n de Ginebra y la Convenci\u00f3n de los Derechos del Ni\u00f1o de 1989.<\/p>\n<p>Sin embargo, M\u00e9xico \u2013que vive una guerra no reconocida<br \/>\nentre bandas criminales y fuerzas de seguridad que se remonta a 2005, por lo<br \/>\nmenos\u2013 no ha atendido las recomendaciones del Comit\u00e9 de los Derechos del Ni\u00f1o,<br \/>\ndel Alto Comisionado de las Naciones Unidas para los Derechos Humanos, hechas<br \/>\nen 2011 y 2015, para reconocer y tipificar el delito de reclutamiento de<br \/>\nmenores de edad, nos record\u00f3 esta semana Juan Mart\u00edn P\u00e9rez, coordinador<br \/>\nregional de Tejiendo Redes Infancia.<\/p>\n<p>Los ni\u00f1os en M\u00e9xico viven tiempos especialmente<br \/>\ndif\u00edciles, de la mano de la pandemia y la violencia criminal. La b\u00fasqueda de<br \/>\nlos desaparecidos es urgente. Los alumnos que han abandonado la educaci\u00f3n<br \/>\nb\u00e1sica y los que han visto caer las posibilidades econ\u00f3micas de sus padres o<br \/>\ntutores, entre otros, debieran ser objeto de pol\u00edticas p\u00fablicas y seguimiento<br \/>\ninstitucional para evitar que el instinto de supervivencia lo conduzcan a las<br \/>\nfilas de la delincuencia. En ese sentido, dudo que el reciente nombramiento al<br \/>\nfrente del DIF nacional reconozca la gravedad de la situaci\u00f3n.<\/p>\n<p>No han faltado los llamados de atenci\u00f3n sobre la<br \/>\nexistencia de ni\u00f1os soldados en M\u00e9xico, pero los hechos de Zamora representan<br \/>\nuna alarma para actuar. Cuando la mayor parte de una c\u00e9lula criminal armada con<br \/>\nrifles de alto poder son menores de edad, quiere decir que el problema se est\u00e1<br \/>\ndesbordando.<\/p><\/p>\n","protected":false},"excerpt":{"rendered":"<p>Por: Pascal Beltr\u00e1n del R\u00edo.<\/p>\n","protected":false},"author":1127,"featured_media":0,"comment_status":"open","ping_status":"open","sticky":false,"template":"","format":"standard","meta":{"tdm_status":"","tdm_grid_status":"","footnotes":""},"categories":[25],"tags":[],"_links":{"self":[{"href":"https:\/\/dralvarez.com.mx\/larevista\/wp-json\/wp\/v2\/posts\/20820"}],"collection":[{"href":"https:\/\/dralvarez.com.mx\/larevista\/wp-json\/wp\/v2\/posts"}],"about":[{"href":"https:\/\/dralvarez.com.mx\/larevista\/wp-json\/wp\/v2\/types\/post"}],"author":[{"embeddable":true,"href":"https:\/\/dralvarez.com.mx\/larevista\/wp-json\/wp\/v2\/users\/1127"}],"replies":[{"embeddable":true,"href":"https:\/\/dralvarez.com.mx\/larevista\/wp-json\/wp\/v2\/comments?post=20820"}],"version-history":[{"count":1,"href":"https:\/\/dralvarez.com.mx\/larevista\/wp-json\/wp\/v2\/posts\/20820\/revisions"}],"predecessor-version":[{"id":35728,"href":"https:\/\/dralvarez.com.mx\/larevista\/wp-json\/wp\/v2\/posts\/20820\/revisions\/35728"}],"wp:attachment":[{"href":"https:\/\/dralvarez.com.mx\/larevista\/wp-json\/wp\/v2\/media?parent=20820"}],"wp:term":[{"taxonomy":"category","embeddable":true,"href":"https:\/\/dralvarez.com.mx\/larevista\/wp-json\/wp\/v2\/categories?post=20820"},{"taxonomy":"post_tag","embeddable":true,"href":"https:\/\/dralvarez.com.mx\/larevista\/wp-json\/wp\/v2\/tags?post=20820"}],"curies":[{"name":"wp","href":"https:\/\/api.w.org\/{rel}","templated":true}]}}