{"id":20802,"date":"2022-02-04T00:00:00","date_gmt":"2022-02-04T06:00:00","guid":{"rendered":"https:\/\/dralvarez.com.mx\/larevista\/blog\/por-san-blas"},"modified":"2024-02-23T11:51:21","modified_gmt":"2024-02-23T17:51:21","slug":"por-san-blas","status":"publish","type":"post","link":"https:\/\/dralvarez.com.mx\/larevista\/opiniones\/por-san-blas","title":{"rendered":"Por san Blas&#8230;"},"content":{"rendered":"<p><b>Por: Cristina Pad\u00edn.<\/b><\/p>\n<p>..por san Blas la cig\u00fce\u00f1a ver\u00e1s.. dijo el que vest\u00eda de azul. Azul, l\u00edneas en el mar.. qu\u00e9 profundo y qu\u00e9 sugerente Antonio Vega, y qu\u00e9 viva siempre la m\u00fasica. Sin m\u00fasica la vida ser\u00eda peor, o simplemente no ser\u00eda. Y el que vest\u00eda de blanco tambi\u00e9n conoc\u00eda el refr\u00e1n.. y lo apreciaba..<\/p>\n<p>Y el que vest\u00eda de negro, tan elegante, dijo ole y estuvo muy contento toda la tarde. A todos les encantaba febrero, y la costumbre de las velas, y la primavera llamando a las puertas, y los toros anunciados en esa bella feria de Valdemorillo. Por san Blas el mundo lat\u00eda de nuevo al comp\u00e1s..<\/p>\n<p>Y los tres y tambi\u00e9n el que vest\u00eda de plata entonaron alegres c\u00e1nticos de la \u00e9poca.. y so\u00f1aron con los lances taurinos.. eran cuadernos. Cuadernos que ir\u00edan a la plaza.<\/p>\n<p>Dedicado a san Blas<br \/>A cada Blas (aunque ahora mismo no creo conocer a ninguno)<br \/>A la m\u00fasica de Antonio Vega<br \/>A los toros<br \/>A la feria de Valdemorillo y a todos sus actuantes<br \/>A Carlos<br \/>A Luis<br \/>Al comp\u00e1s (es muy importante el comp\u00e1s)<br \/>A los cuadernos. Me resultan fascinantes<\/p>\n","protected":false},"excerpt":{"rendered":"<p>Por: Cristina Pad\u00edn.<\/p>\n","protected":false},"author":1025,"featured_media":35711,"comment_status":"open","ping_status":"open","sticky":false,"template":"","format":"standard","meta":{"tdm_status":"","tdm_grid_status":"","footnotes":""},"categories":[25],"tags":[],"_links":{"self":[{"href":"https:\/\/dralvarez.com.mx\/larevista\/wp-json\/wp\/v2\/posts\/20802"}],"collection":[{"href":"https:\/\/dralvarez.com.mx\/larevista\/wp-json\/wp\/v2\/posts"}],"about":[{"href":"https:\/\/dralvarez.com.mx\/larevista\/wp-json\/wp\/v2\/types\/post"}],"author":[{"embeddable":true,"href":"https:\/\/dralvarez.com.mx\/larevista\/wp-json\/wp\/v2\/users\/1025"}],"replies":[{"embeddable":true,"href":"https:\/\/dralvarez.com.mx\/larevista\/wp-json\/wp\/v2\/comments?post=20802"}],"version-history":[{"count":1,"href":"https:\/\/dralvarez.com.mx\/larevista\/wp-json\/wp\/v2\/posts\/20802\/revisions"}],"predecessor-version":[{"id":35710,"href":"https:\/\/dralvarez.com.mx\/larevista\/wp-json\/wp\/v2\/posts\/20802\/revisions\/35710"}],"wp:featuredmedia":[{"embeddable":true,"href":"https:\/\/dralvarez.com.mx\/larevista\/wp-json\/wp\/v2\/media\/35711"}],"wp:attachment":[{"href":"https:\/\/dralvarez.com.mx\/larevista\/wp-json\/wp\/v2\/media?parent=20802"}],"wp:term":[{"taxonomy":"category","embeddable":true,"href":"https:\/\/dralvarez.com.mx\/larevista\/wp-json\/wp\/v2\/categories?post=20802"},{"taxonomy":"post_tag","embeddable":true,"href":"https:\/\/dralvarez.com.mx\/larevista\/wp-json\/wp\/v2\/tags?post=20802"}],"curies":[{"name":"wp","href":"https:\/\/api.w.org\/{rel}","templated":true}]}}