{"id":20778,"date":"2022-02-01T00:00:00","date_gmt":"2022-02-01T06:00:00","guid":{"rendered":"https:\/\/dralvarez.com.mx\/larevista\/blog\/las-lunas-de-enero"},"modified":"2024-02-23T11:50:15","modified_gmt":"2024-02-23T17:50:15","slug":"las-lunas-de-enero","status":"publish","type":"post","link":"https:\/\/dralvarez.com.mx\/larevista\/opiniones\/las-lunas-de-enero","title":{"rendered":"Las Lunas de Enero&#8230;"},"content":{"rendered":"<p><b>Por: Cristina Pad\u00edn.<\/b><\/p>\n<p>Se desped\u00edan, por un tiempo, aquellas a las que llamaban las Lunas de Enero.. sabias y sensibles, plateadas y blancas. Herederas de las ma\u00f1anas m\u00e1s fr\u00edas del a\u00f1o, de noches de hielo y crepitar de lumbres. Se iban cuando la tarde ya no era tan corta, y cuando la primavera se asomaba a la puerta y a la huerta..<\/p>\n<p>Enero: el de tradiciones tan nuestras. Tan nuestras que hay que conocerlas, para saber de sus esencias..<\/p>\n<p>Enero, el que trae el tradicional Ea palentino y la ilusi\u00f3n de los Reyes Magos, la cabalgata tan antigua de Guillena, san Juli\u00e1n y la taza de arroz con leche de Ferrol, y los festejos por san Ant\u00f3n (cuando los d\u00edas m\u00e1s grandes son) y las celebraciones de san Sebasti\u00e1n. Y san Vicente en La Coru\u00f1a, panderetas y filloas, huele a Entroido.. y el d\u00eda de la Paz en Ronda..<\/p>\n<p>Las Lunas de Enero eran lectoras y sabias, guardianas de lo que importa, de lo que es tradicional..<\/p>\n<p>Se despidieron con un beso y un verso.. en horas ser\u00eda Febrero. Febrero: el que sabe a toreo, a Carnaval, a lo que es bello..<\/p>\n<p>Uno de mis cuentos del volumen de Navidad trata este tema: tradiciones festivas en Espa\u00f1a, me encantan esos temas<br \/>Dedicado a las tradiciones, es muy importante defenderlas<br \/>A los lugares mencionados<br \/>A mi Ronda<br \/>Al toreo<br \/>A mi mago, un d\u00eda menos para verte<br \/>A enero, que se va, y a febrero, que llega<br \/>A mi querido Luis<br \/>A Carlos<br \/>A la Luna<br \/>A Bel\u00e9n y Manuel<\/p>\n","protected":false},"excerpt":{"rendered":"<p>Por: Cristina Pad\u00edn.<\/p>\n","protected":false},"author":1025,"featured_media":35690,"comment_status":"open","ping_status":"open","sticky":false,"template":"","format":"standard","meta":{"tdm_status":"","tdm_grid_status":"","footnotes":""},"categories":[25],"tags":[],"_links":{"self":[{"href":"https:\/\/dralvarez.com.mx\/larevista\/wp-json\/wp\/v2\/posts\/20778"}],"collection":[{"href":"https:\/\/dralvarez.com.mx\/larevista\/wp-json\/wp\/v2\/posts"}],"about":[{"href":"https:\/\/dralvarez.com.mx\/larevista\/wp-json\/wp\/v2\/types\/post"}],"author":[{"embeddable":true,"href":"https:\/\/dralvarez.com.mx\/larevista\/wp-json\/wp\/v2\/users\/1025"}],"replies":[{"embeddable":true,"href":"https:\/\/dralvarez.com.mx\/larevista\/wp-json\/wp\/v2\/comments?post=20778"}],"version-history":[{"count":1,"href":"https:\/\/dralvarez.com.mx\/larevista\/wp-json\/wp\/v2\/posts\/20778\/revisions"}],"predecessor-version":[{"id":35689,"href":"https:\/\/dralvarez.com.mx\/larevista\/wp-json\/wp\/v2\/posts\/20778\/revisions\/35689"}],"wp:featuredmedia":[{"embeddable":true,"href":"https:\/\/dralvarez.com.mx\/larevista\/wp-json\/wp\/v2\/media\/35690"}],"wp:attachment":[{"href":"https:\/\/dralvarez.com.mx\/larevista\/wp-json\/wp\/v2\/media?parent=20778"}],"wp:term":[{"taxonomy":"category","embeddable":true,"href":"https:\/\/dralvarez.com.mx\/larevista\/wp-json\/wp\/v2\/categories?post=20778"},{"taxonomy":"post_tag","embeddable":true,"href":"https:\/\/dralvarez.com.mx\/larevista\/wp-json\/wp\/v2\/tags?post=20778"}],"curies":[{"name":"wp","href":"https:\/\/api.w.org\/{rel}","templated":true}]}}