{"id":20772,"date":"2022-02-01T00:00:00","date_gmt":"2022-02-01T06:00:00","guid":{"rendered":"https:\/\/dralvarez.com.mx\/larevista\/blog\/reforma-energetica-la-ley-electora-y-la-guardia-nacional"},"modified":"2024-02-23T11:50:06","modified_gmt":"2024-02-23T17:50:06","slug":"reforma-energetica-la-ley-electora-y-la-guardia-nacional","status":"publish","type":"post","link":"https:\/\/dralvarez.com.mx\/larevista\/opiniones\/reforma-energetica-la-ley-electora-y-la-guardia-nacional","title":{"rendered":"Reforma Energ\u00e9tica, la Ley Electora y La Guardia Nacional."},"content":{"rendered":"<p><b><i>Pol\u00edtica, redes sociales y m\u00e1s<\/i>, por:&nbsp;Daniel Molina.&nbsp;<\/b><\/p>\n<p><b>@DanMSocial<\/b><\/p>\n<\/p>\n<p>Sin lugar a dudas<br \/>\nlos trabajos que a\u00fan quedan pendientes en el senado de la rep\u00fablica son de gran<br \/>\nimportancia para la Cuarta Transformaci\u00f3n. <\/p>\n<p>En el caso de la<br \/>\nReforma Energ\u00e9tica, qued\u00f3 claro que desde palacio nacional el tema es ir hacia<br \/>\nadelante, adem\u00e1s esto se reafirm\u00f3 con la visita de funcionarios de los Estados<br \/>\nUnidos, quienes externaron su opini\u00f3n en el tema.<\/p>\n<p>Con respecto al<br \/>\nasunto de la Ley Electoral, esta por dem\u00e1s mencionar que los organismos<br \/>\naut\u00f3nomos no son pate de la cuarta transformaci\u00f3n. En el \u00faltimo acontecimiento,<br \/>\nde la revocaci\u00f3n de mandato; el INE tuvo sus diferencias, al grado de llegar a<br \/>\nlos tribunales. Ahora, esta consulta se llevar\u00e1 a cabo, pero ha crecido m\u00e1s con<br \/>\ntintes publicitarios, que propios de una consulta ciudadana.<\/p>\n<p>La Guardia<br \/>\nNacional, es otro de los pendientes a pasar por el legislativo. La situaci\u00f3n de<br \/>\nseguridad en pa\u00eds, parece crecer en la opini\u00f3n de la poblaci\u00f3n, aunque la<br \/>\ninformaci\u00f3n oficial, menciona lo contrario. Lo que es un hecho claro, urge bajar<br \/>\nla violencia, ya que hay estados en el centro del pa\u00eds que est\u00e1n sufriendo<br \/>\nviolencia descontrolada.<\/p>\n<p>Con este panorama<br \/>\nlegislativo, el presidente de la Junta de Coordinaci\u00f3n Pol\u00edtica, en el senado,<br \/>\nRicardo Monreal \u00c1vila, aguanta el embate de sus propios, quienes buscan una<br \/>\ndivisi\u00f3n en su bancada.<\/p>\n<p>Lo que parece no<br \/>\nestar claro para el grupo de MORENA es que habiendo diferencias, estas reformas<br \/>\npendientes no se podr\u00edan lograr.<\/p>\n<p>Este fin de<br \/>\nsemana, se llev\u00f3 a cabo la plenaria de MORENA y, nuevamente Ricardo Monreal,<br \/>\npone sobre la mesa la prioridad de legislar a favor de la Cuarta<br \/>\nTransformaci\u00f3n, sin divisiones. A esto, se suma el respaldo de Olga S\u00e1nchez<br \/>\nCordero, como presidente de la Mesa Directiva del Senado.<\/p>\n<p>Lo \u00fanico, que nos<br \/>\nqueda resumir, es que el destape adelantado para la contienda del 2024, parece<br \/>\nrestar en lugar de sumar. Ya que los grupos internos, a favor de uno u otro<br \/>\nposible candidato, empiezan a demostrar sus intensiones.<\/p>\n<p>As\u00ed que este<br \/>\nintento de divisi\u00f3n, se vio superado, m\u00e1s por la necesidad de los votos y<br \/>\noperaci\u00f3n pol\u00edtica que por gusto. Ricardo Monreal, vuelve a comprometerse con<br \/>\nla Cuarta Transformaci\u00f3n y la unidad, as\u00ed lo ha demostrado si se revisan todas<br \/>\nlas reformas aprobadas en la primera etapa del gobierno de L\u00f3pez Obrador.<\/p>\n<p><b>Call to Action<\/b><\/p>\n<p>#FelizLunes<\/p><\/p>\n","protected":false},"excerpt":{"rendered":"<p>Pol\u00edtica, redes sociales y m\u00e1s.<\/p>\n","protected":false},"author":1132,"featured_media":0,"comment_status":"open","ping_status":"open","sticky":false,"template":"","format":"standard","meta":{"tdm_status":"","tdm_grid_status":"","footnotes":""},"categories":[25],"tags":[],"_links":{"self":[{"href":"https:\/\/dralvarez.com.mx\/larevista\/wp-json\/wp\/v2\/posts\/20772"}],"collection":[{"href":"https:\/\/dralvarez.com.mx\/larevista\/wp-json\/wp\/v2\/posts"}],"about":[{"href":"https:\/\/dralvarez.com.mx\/larevista\/wp-json\/wp\/v2\/types\/post"}],"author":[{"embeddable":true,"href":"https:\/\/dralvarez.com.mx\/larevista\/wp-json\/wp\/v2\/users\/1132"}],"replies":[{"embeddable":true,"href":"https:\/\/dralvarez.com.mx\/larevista\/wp-json\/wp\/v2\/comments?post=20772"}],"version-history":[{"count":1,"href":"https:\/\/dralvarez.com.mx\/larevista\/wp-json\/wp\/v2\/posts\/20772\/revisions"}],"predecessor-version":[{"id":35685,"href":"https:\/\/dralvarez.com.mx\/larevista\/wp-json\/wp\/v2\/posts\/20772\/revisions\/35685"}],"wp:attachment":[{"href":"https:\/\/dralvarez.com.mx\/larevista\/wp-json\/wp\/v2\/media?parent=20772"}],"wp:term":[{"taxonomy":"category","embeddable":true,"href":"https:\/\/dralvarez.com.mx\/larevista\/wp-json\/wp\/v2\/categories?post=20772"},{"taxonomy":"post_tag","embeddable":true,"href":"https:\/\/dralvarez.com.mx\/larevista\/wp-json\/wp\/v2\/tags?post=20772"}],"curies":[{"name":"wp","href":"https:\/\/api.w.org\/{rel}","templated":true}]}}