{"id":20762,"date":"2022-02-01T00:00:00","date_gmt":"2022-02-01T06:00:00","guid":{"rendered":"https:\/\/dralvarez.com.mx\/larevista\/blog\/la-cruda-realidad-de-los-productores-cafetaleros"},"modified":"2024-02-23T11:49:49","modified_gmt":"2024-02-23T17:49:49","slug":"la-cruda-realidad-de-los-productores-cafetaleros","status":"publish","type":"post","link":"https:\/\/dralvarez.com.mx\/larevista\/opiniones\/la-cruda-realidad-de-los-productores-cafetaleros","title":{"rendered":"La cruda realidad de los  productores cafetaleros"},"content":{"rendered":"<p><b>La vida en rosa, por: Nidia S\u00e1nchez. <\/b><\/p>\n<p><b><i><\/i><\/b><\/p>\n<blockquote><p><b><i>En riesgo cosecha de caf\u00e9; campesinos en leg\u00edtima lucha.<\/i><\/b><\/p><\/blockquote>\n<\/p>\n<p>En una leg\u00edtima lucha<br \/>\ncomo a principios del siglo XX, cientos de campesinos productores en la regi\u00f3n<br \/>\nde Ixhuatl\u00e1n del Caf\u00e9 Veracruz, se encuentran en una negociaci\u00f3n con la<br \/>\ncompa\u00f1\u00eda Agroindustrias Unidas de M\u00e9xico (AMSA), para que les reciba y compre<br \/>\nel caf\u00e9 a precios justos, en una guerra silenciosa donde impera la manipulaci\u00f3n<br \/>\nde los precios a pagar menos, aunado a que en este momento est\u00e1 en riesgo la<br \/>\ncosecha con m\u00e1s de cien toneladas detenidas, y donde algunos funcionarios se<br \/>\nhan sumado al di\u00e1logo sin que exista una soluci\u00f3n precisa.<\/p>\n<p>Existe desde la semana<br \/>\npasada un paro de actividades entre los productores de Ixhuatl\u00e1n del Caf\u00e9,<br \/>\ndonde se registran pr\u00e1cticas de coyotaje que permiten la compra a campo abierto<br \/>\na precios por debajo de los que rigen en el mercado, siendo acaparadores los<br \/>\nque ganan en una tarde hasta 200 mil pesos; \u00bfc\u00f3mo es eso posible?, levanta la<br \/>\nvoz Fernando Celis Callejas, asesor de la Coordinadora Nacional de<br \/>\nOrganizaciones Cafetaleras (CNOC), quien asegura que en esta larga lucha<br \/>\ncampesina tiene m\u00e1s de cuarenta a\u00f1os dando seguimiento en distintas regiones.<\/p>\n<p>\u201cNo tiene un control AMSA sobre sus acaparadores, lo<br \/>\ncompran en campo y ganan miles de pesos bajo el argumento de que no les pueden<br \/>\nrecibir a todos los peque\u00f1os productores el caf\u00e9, solo a los que son socios\u201d,<br \/>\na\u00f1ade Celis.<\/p>\n<p>Cirio Ruiz Gonz\u00e1lez,<br \/>\npresidente del Consejo Regional del Caf\u00e9 de Coatepec, afirma que debido a estas<br \/>\nformas de operar de las empresas, preparan una demanda muy fuerte que deber\u00eda<br \/>\nhacerse en todo el pa\u00eds, en las 57 regiones cafetaleras. <\/p>\n<p>\u201cM\u00e1s regiones cafetaleras de nuestro pa\u00eds deber\u00edan<br \/>\ninteresarse por lo que est\u00e1 ocurriendo aqu\u00ed\u201d. <\/p>\n<p>Explica que por primera vez en muchos a\u00f1os se comenz\u00f3<br \/>\nla cosecha con precios altos, hubo muchas expectativas y luego los compradores<br \/>\ncomenzaron a bajar los precios en algunos casos hasta 6 y 7 pesos por kilo,<br \/>\ntodas las compa\u00f1\u00edas, mientras que mejores precios se est\u00e1n pagando en el estado<br \/>\nde Puebla.<\/p>\n<p>\u201cNo se hab\u00eda hecho un movimiento en Veracruz que fuera<br \/>\nrespaldado por tantos productores, antes no hab\u00eda forma de enterarnos en tiempo<br \/>\nreal de los precios internacionales del caf\u00e9 en la Bolsa de Nueva York, que es<br \/>\nun referente, ahora todo es m\u00e1s accesible y contrastarlo con el precio en<br \/>\ncampo, por eso es muy importante la informaci\u00f3n que comparte la Comisi\u00f3n de<br \/>\nSeguimiento de los Precios del Caf\u00e9 en Veracruz\u201d.<\/p>\n<p>\u201cTenemos el precio de campo y el precio real<br \/>\ninternacional, los peque\u00f1os productores dicen queremos un buen precio, no se<br \/>\ntrata solo de eso, sino de investigar cu\u00e1l es el precio real internacional,<br \/>\nporque se piden precios de acuerdo al mercado, los precios pueden subir y bajar<br \/>\npor distintos factores como las sequ\u00edas y heladas en Brasil, por eso los<br \/>\nprecios subieron en alg\u00fan momento\u201d. <\/p>\n<p>\u201cEn esta regi\u00f3n de Ixhuatl\u00e1n es donde est\u00e1 la mayor<br \/>\nparte de la cosecha ahora, lo deseable es que se coordinen los gobiernos<br \/>\nfederal y estatal con las empresas, que se abran los centros de compras, se<br \/>\npague a 17.50 pesos el kilo de mediana calidad y el de especialidad que se<br \/>\npague m\u00e1s alto\u201d.<\/p>\n<p>\u201cLa Comisi\u00f3n de Seguimiento de los Precios del Caf\u00e9<br \/>\nest\u00e1 trabajando desde agosto del a\u00f1o pasado. La difusi\u00f3n de los precios es<br \/>\nvital entre los productores que necesariamente deben estar informados\u201d. <\/p>\n<p>\u201cDifundir los precios es algo a lo que se debieron<br \/>\ncomprometer hace tiempo las autoridades y hacerlo correctamente\u201d. <\/p>\n<p>\u201cEl \u00e9nfasis en lo anterior es porque las empresas<br \/>\nact\u00faan con impunidad, ni siquiera hacen un pronunciamiento de lo que les parece<br \/>\nla tabla de Seguimiento de los Precios Caf\u00e9 que productores organizados hacen<br \/>\npara defenderse de los abusos y sometimiento ante los compradores\u201d.<\/p>\n<p>\u201cCon los datos internacionales podemos documentar el<br \/>\nabuso comercial y eso se les hace ver a los productores, ellos solo quieren que<br \/>\nse les reciba su caf\u00e9, pero es necesario conocer m\u00e1s sobre pol\u00edtica cafetalera,<br \/>\ncon el hecho de que el Estado no act\u00faa, los gobiernos est\u00e1n dejando el terreno<br \/>\nlibre a las compa\u00f1\u00edas\u201d. <\/p>\n<p>\u201cEstamos en la<br \/>\ndisposici\u00f3n de cooperar con las autoridades y ellos deber\u00edan de tomar nuestro<br \/>\napoyo y reconocimiento\u201d. SADER y la Secretar\u00eda de Econom\u00eda deber\u00edan intervenir<br \/>\nen la investigaci\u00f3n porque sabemos que las comercializadoras se ponen de<br \/>\nacuerdo en bajar los precios, es un oligopolio\u201d, asegura el experimentado<br \/>\nasesor Fernando Celis, quien ha estado presente muchas veces en reuniones de la<br \/>\nOrganizaci\u00f3n Internacional del Caf\u00e9 (OIC).<\/p>\n<p>\u201cAMSA compra tambi\u00e9n en C\u00f3rdoba y Xalapa con las<br \/>\nmismas pr\u00e1cticas, es un robo en t\u00e9rminos comerciales, es grave, los bajos<br \/>\nprecios son un abuso premeditado que amerita investigaci\u00f3n\u201d.<\/p>\n<p>\u201cEstamos en el 60 por ciento de la cosecha general, en<br \/>\nel caso de Ixhuatl\u00e1n, apenas viene la etapa fuerte de la cosecha, han sido d\u00edas<br \/>\nde tensi\u00f3n. Est\u00e1n en riesgo los productores\u201d.<\/p>\n<p>\u201cEl caf\u00e9 que est\u00e1 en las matas en Ixhuatl\u00e1n del Caf\u00e9,<br \/>\nfoco central ahora, se puede perder si llueve, es por esto que hay<br \/>\ndesesperaci\u00f3n, pero confiamos en que estamos a tiempo de acuerdos\u201d. <\/p>\n<p>Contin\u00faa cerrado el beneficio de AMSA en Ixhuatl\u00e1n del<br \/>\nCaf\u00e9, donde se produce buena calidad. La noche del lunes se registr\u00f3 un<br \/>\nincendio que caus\u00f3 da\u00f1os en una parte de las instalaciones.<\/p>\n<p>Un hecho inusitado es que baje tanto el precio cuando<br \/>\nest\u00e1 la cosecha en puerta, \u00bfpor qu\u00e9 lo hacen si da\u00f1a a los productores? est\u00e1n<br \/>\ncreando desestabilizaci\u00f3n social. La empresa est\u00e1 presionando para que haya<br \/>\nrepresi\u00f3n.<\/p>\n<p>Ante este panorama, los productores de caf\u00e9 se<br \/>\nmantienen firmes en que demandar\u00e1n por abuso de mercado y comercial, es por<br \/>\nesto que se est\u00e1n recabando firmas.<\/p>\n<p>Cirio Ruiz ha luchado por los precios del caf\u00e9 desde<br \/>\nhace cuatro d\u00e9cadas, afirma que no hay exportadores mexicanos y las compa\u00f1\u00edas<br \/>\nque gobiernan la comercializaci\u00f3n como AMSA que es filial de una compa\u00f1\u00eda<br \/>\nmultinacional que es ECOM, Grupo California y Nestl\u00e9, la principal<br \/>\nindustrializadora de Nescaf\u00e9, es esta \u00faltima la principal impulsora del<br \/>\nproyecto de desplazamiento del caf\u00e9, es decir, el mexicano, caf\u00e9 ar\u00e1biga, caf\u00e9<br \/>\nexcelso, biodiverso o el caf\u00e9 bajo sombra, porque las empresas quieren que se<br \/>\ncultive la especie Robusta a 800 metros por debajo del nivel del mar, que se<br \/>\nsiembre algo que es de mala calidad y por lo mismo ser\u00eda comprado a bajos<br \/>\nprecios. De hecho, es lamentable que estas plantaciones ya existen en Veracruz.\n<\/p>\n<p>\u201cLa urgencia es una ley del caf\u00e9, un decreto<br \/>\npresidencial, un organismo que regule el amplio mundo del caf\u00e9 en M\u00e9xico con<br \/>\ntoda la problem\u00e1tica, establecer orden. Las empresas le est\u00e1n apostando a que<br \/>\nse solucione solo, tiene que haber disposici\u00f3n\u201d.<\/p>\n<p>Desde 1993 al no existir un organismo que regule todo<br \/>\nlo anterior, el caf\u00e9 que producen miles de productores en M\u00e9xico, los llevar\u00eda<br \/>\na la ruina, a la eliminaci\u00f3n, si el presidente Andr\u00e9s Manuel L\u00f3pez Obrador<br \/>\ncontin\u00faa ignorando su promesa de campa\u00f1a, aquella que le confiaron apoy\u00e1ndolo<br \/>\ndecididamente, le piden que mire a su pueblo y tome acciones a su favor, no a<br \/>\nlas empresas como Nestl\u00e9 y su ambicioso proyecto de caf\u00e9 Robusta.<\/p>\n<p>\u201cParte del problema es tambi\u00e9n que Nestl\u00e9 quiere<br \/>\ncomprar de preferencia caf\u00e9 Robusta porque est\u00e1 a menos de la mitad de precio<br \/>\nque el biodiverso, que es al que le apostamos por las razones de estar en<br \/>\narmon\u00eda con el medio ambiente\u201d, expresa Cirio. <\/p>\n<p>El nuevo organismo deber\u00eda atender toda la<br \/>\nproblem\u00e1tica y fortalecer los cultivos biodiversos sin transg\u00e9nicos.<\/p>\n<p>Queda en el tintero la negociaci\u00f3n y peticiones que<br \/>\nAMSA no quiso aceptar.<\/p><\/p>\n","protected":false},"excerpt":{"rendered":"<p>La vida en rosa.<\/p>\n","protected":false},"author":1165,"featured_media":35676,"comment_status":"open","ping_status":"open","sticky":false,"template":"","format":"standard","meta":{"tdm_status":"","tdm_grid_status":"","footnotes":""},"categories":[25],"tags":[],"_links":{"self":[{"href":"https:\/\/dralvarez.com.mx\/larevista\/wp-json\/wp\/v2\/posts\/20762"}],"collection":[{"href":"https:\/\/dralvarez.com.mx\/larevista\/wp-json\/wp\/v2\/posts"}],"about":[{"href":"https:\/\/dralvarez.com.mx\/larevista\/wp-json\/wp\/v2\/types\/post"}],"author":[{"embeddable":true,"href":"https:\/\/dralvarez.com.mx\/larevista\/wp-json\/wp\/v2\/users\/1165"}],"replies":[{"embeddable":true,"href":"https:\/\/dralvarez.com.mx\/larevista\/wp-json\/wp\/v2\/comments?post=20762"}],"version-history":[{"count":1,"href":"https:\/\/dralvarez.com.mx\/larevista\/wp-json\/wp\/v2\/posts\/20762\/revisions"}],"predecessor-version":[{"id":35675,"href":"https:\/\/dralvarez.com.mx\/larevista\/wp-json\/wp\/v2\/posts\/20762\/revisions\/35675"}],"wp:featuredmedia":[{"embeddable":true,"href":"https:\/\/dralvarez.com.mx\/larevista\/wp-json\/wp\/v2\/media\/35676"}],"wp:attachment":[{"href":"https:\/\/dralvarez.com.mx\/larevista\/wp-json\/wp\/v2\/media?parent=20762"}],"wp:term":[{"taxonomy":"category","embeddable":true,"href":"https:\/\/dralvarez.com.mx\/larevista\/wp-json\/wp\/v2\/categories?post=20762"},{"taxonomy":"post_tag","embeddable":true,"href":"https:\/\/dralvarez.com.mx\/larevista\/wp-json\/wp\/v2\/tags?post=20762"}],"curies":[{"name":"wp","href":"https:\/\/api.w.org\/{rel}","templated":true}]}}