{"id":20760,"date":"2022-02-01T00:00:00","date_gmt":"2022-02-01T06:00:00","guid":{"rendered":"https:\/\/dralvarez.com.mx\/larevista\/blog\/omicron-el-coletazo-final-de-la-pandemia-2"},"modified":"2024-02-23T11:49:46","modified_gmt":"2024-02-23T17:49:46","slug":"omicron-el-coletazo-final-de-la-pandemia-2","status":"publish","type":"post","link":"https:\/\/dralvarez.com.mx\/larevista\/opiniones\/omicron-el-coletazo-final-de-la-pandemia-2","title":{"rendered":"\u00d3micron, \u00bfEl coletazo final de la pandemia?"},"content":{"rendered":"<p><b>Por: Marco Antonio Cortez Navarrete.<\/b><\/p>\n<\/p>\n<p>Tal vez sea cierto lo dicho por las autoridades: &#8220;\u00d3micron, variante del Covid-19, es muy contagiosa pero no hay hospitalizaci\u00f3n y menos muertes&#8221;. Ojal\u00e1 sea verdad, sea cierto.<\/p>\n<p>Es m\u00e1s, el mismo presidente de M\u00e9xico, L\u00f3pez Obrador, ha dicho varias veces en su conferencia de prensa que &#8220;Si uno est\u00e1 vacunado con las dos dosis y con el refuerzo, est\u00e1 protegido, no hay riesgos con la variante \u00f3micron&#8221;.<\/p>\n<div><\/div>\n<p>Para corroborar el jefe del ejecutivo nacional, quien est\u00e1 saliendo de su segundo cuadro de Covid-19 a\u00fan con tres vacunas, exhibi\u00f3 una gr\u00e1fica de casos en Ciudad de M\u00e9xico donde se indica que de 325 personas hospitalizadas por Covid, 254 no est\u00e1n vacunadas, es decir, el 78 por ciento.<\/p>\n<p>El martes pasado, el pol\u00e9mico Hugo L\u00f3pez Gatell quien ya tiene una demanda en su contra por el mal manejo de la pandemia y tambi\u00e9n la f\u00e9rrea defensa de quien lo puso en el cargo que ostenta, dijo que &#8220;\u00f3micron es una variante que produce enfermedad m\u00e1s leve y aunque se propaga m\u00e1s r\u00e1pido, ocasionando un gran n\u00famero de casos, no son de gravedad&#8221;.<\/p>\n<p>Lo anterior -abund\u00f3 el zar anticovid de M\u00e9xico- , sumado al alto n\u00famero de personas vacunadas permite una epidemia mucho m\u00e1s manejable y eventualmente causar\u00e1 inmunidad en una gran proporci\u00f3n de las personas lo cual podr\u00eda contribuir al final del periodo epid\u00e9mico en M\u00e9xico y en el mundo.<\/p>\n<p>Con todos estos antecedentes ahora podemos precisar lo que est\u00e1 pasando en Yucat\u00e1n.<\/p>\n<div><\/div>\n<p>Somos todos los habitantes del estado testigos de un fen\u00f3meno ocasionado por la pandemia y variantes.<\/p>\n<div><\/div>\n<p>Hasta el mi\u00e9rcoles pasado las cifras mostraron que m\u00e1s all\u00e1 de los m\u00e1s de 92 mil contagios y de los 6 mil 600 decesos, en un solo d\u00eda, s\u00ed, el mi\u00e9rcoles 25 de enero se registraron mil 417 nuevos contagios; esto sin precisar cu\u00e1les son causados por \u00f3micron y cu\u00e1les por otras variantes.<\/p>\n<p>De esta cifra, de por s\u00ed escandalosa, el gobierno, en su reporte oficial cita solo 202 personas hospitalizadas, pero tambi\u00e9n se\u00f1ala que hay 9 mil 857 casos m\u00e1s que NO est\u00e1n hospitalizados pero que est\u00e1n estables porque son monitoreados por personal de Salud de Yucat\u00e1n.<\/p>\n<p>Me pregunto: \u00bfc\u00f3mo la Secretar\u00eda de Salud puede monitorear a 9 mil 857 personas? \u00bfTiene la capacidad f\u00edsica y humana para hacer esto?<\/p>\n<p>Preciso que estamos hablando de las cifras oficiales, es decir, las que la secretar\u00eda gubernamental detect\u00f3 y registr\u00f3, pero: \u00bfHabr\u00e1 m\u00e1s? \u00bfHabr\u00e1 gente que por temor o cualquier otro motivo no se haya realizado la prueba y no sepa siquiera que ya tuvo, tiene o est\u00e1 a punto de contagiarse?<\/p>\n<p>Cierto, si no hay reactivaci\u00f3n y generaci\u00f3n de empleos la sociedad nunca saldr\u00e1 adelante, pero \u00bfhasta cu\u00e1ndo con este fen\u00f3meno? \u00bfHay alg\u00fan pron\u00f3stico de los integrantes del comit\u00e9 de expertos del propio gobierno?<\/p>\n<p>Ya dijeron que los cubrebocas de tela u otro material no sirven para evitar los contagios por la variante \u00f3micron que son los KN95 y KN94 los indicados, pero, voy de nuevo, \u00bfTodas las personas los tienen? \u00bfTodos pueden adquirirlos?<\/p>\n<p>En EE.UU. el gobierno orden\u00f3 fabricar 450 millones de este tipo de mascarillas \u00a1para regalarlas!&#8230;cierto, es el pa\u00eds m\u00e1s poderoso del mundo, pero aqu\u00ed en M\u00e9xico, aqu\u00ed en Yucat\u00e1n, qu\u00e9 porcentaje de la poblaci\u00f3n tiene posibilidad para hacerse al menos de un cubrebocas de este tipo.<\/p>\n<p>Hace unos d\u00edas con colegas discut\u00ed que &#8220;para qu\u00e9 queremos una sociedad con una elevada reactivaci\u00f3n econ\u00f3mica, que aclaro no es malo, al contrario, y tambi\u00e9n para qu\u00e9 miles de c\u00e1maras m\u00e1s para salvaguardar la seguridad de los 2,3 millones de habitantes que hay en el estado si &#8220;tenemos una sociedad que est\u00e1 -en estos momentos- enferma, enfrentando a la pandemia que unos dicen va de salida y otros que no.<\/p>\n<p>Con hip\u00f3tesis de que habr\u00e1 m\u00e1s variantes y m\u00e1s contagios. No s\u00e9, tengo mil dudas. Y es que el gobernador -quiero dejar claro, para que no digan que estoy en su contra- ha hecho, est\u00e1 haciendo y seguir\u00e1 realizado todo lo posible, especialmente gestionando miles y miles de vacunas para los yucatecos, pero en las fr\u00edas estad\u00edsticas vemos que este problema contin\u00faa siendo prioritario, que aumentan los contagios por decenas cada d\u00eda y de manera sutil, discreta, tambi\u00e9n van aumentando las muertes.<\/p>\n<p>Muchos culpamos al gobierno, otros m\u00e1s nos culpamos unos a otros porque no nos cuidamos en las vacaciones de diciembre, en el Guadalupe-Reyes. Creo yo, que no es ni una ni otra, la variante \u00f3micron surgi\u00f3 en el continente negro y en cuesti\u00f3n de d\u00edas, sin darnos cuenta, ya nos hab\u00eda envuelto. Es m\u00e1s los cient\u00edficos discut\u00edan su grado de peligrosidad y la variante ya circulaba entre nosotros.<\/p>\n<p>Decenas, cientos, o tal vez miles lo sufrieron a\u00fan sin saber si era o no la dichosa variante del Covid-19. Fue como el impacto de un enorme meteorito que golpe\u00f3 un punto de \u00c1frica -donde surgi\u00f3 la mutaci\u00f3n- y cubri\u00f3 el globo terr\u00e1queo en cuesti\u00f3n de muy poco tiempo.<\/p>\n<p>Para poner un ejemplo, el 20 de diciembre pasado se registraron solamente 3 contagios, solo TRES.<\/p>\n<p>A partir del 21 del mismo mes la cifra volvi\u00f3 a subir a dos d\u00edgitos -es decir, m\u00e1s de 10-, hasta el 31 de diciembre que vino la explosi\u00f3n pasando de los dos a los tres d\u00edgitos en contagios.<\/p>\n<p>Los decesos se mantuvieron entre uno y dos al d\u00eda hasta el 12 de enero pasado que la cifra lleg\u00f3 a 3 y este mi\u00e9rcoles 26 de enero ya fueron 8.<\/p>\n<p>Del 31 de diciembre hasta el 24 de enero los contagios al d\u00eda ya fueron de 3 d\u00edgitos, es decir, m\u00e1s de 100, llegando en esa fecha a 982, con 7 decesos.<\/p>\n<p>Y los d\u00edas 25 y 26 de enero se desfondaron los registros de contagios al llegar a los 4 d\u00edgitos, es decir, mil 37 y mil 117.<\/p>\n<p>\u00bfNada bueno, verdad?&#8230;.Veremos qu\u00e9 pasa, ojal\u00e1 y los pron\u00f3sticos del presidente y de su zar anticovid se cumplan porque de lo contrario estaremos ante un nuevo fen\u00f3meno que no mata pero afecta a grandes escalas, generando qui\u00e9rase o no falta de productividad e incertidumbre de lo que pasar\u00e1 ma\u00f1ana.<\/p>\n<p><b>Hasta la pr\u00f3xima<\/b><\/p><\/p>\n","protected":false},"excerpt":{"rendered":"<p>Por: Marco Antonio Cortez Navarrete.<\/p>\n","protected":false},"author":1124,"featured_media":35674,"comment_status":"open","ping_status":"open","sticky":false,"template":"","format":"standard","meta":{"tdm_status":"","tdm_grid_status":"","footnotes":""},"categories":[25],"tags":[],"_links":{"self":[{"href":"https:\/\/dralvarez.com.mx\/larevista\/wp-json\/wp\/v2\/posts\/20760"}],"collection":[{"href":"https:\/\/dralvarez.com.mx\/larevista\/wp-json\/wp\/v2\/posts"}],"about":[{"href":"https:\/\/dralvarez.com.mx\/larevista\/wp-json\/wp\/v2\/types\/post"}],"author":[{"embeddable":true,"href":"https:\/\/dralvarez.com.mx\/larevista\/wp-json\/wp\/v2\/users\/1124"}],"replies":[{"embeddable":true,"href":"https:\/\/dralvarez.com.mx\/larevista\/wp-json\/wp\/v2\/comments?post=20760"}],"version-history":[{"count":1,"href":"https:\/\/dralvarez.com.mx\/larevista\/wp-json\/wp\/v2\/posts\/20760\/revisions"}],"predecessor-version":[{"id":35673,"href":"https:\/\/dralvarez.com.mx\/larevista\/wp-json\/wp\/v2\/posts\/20760\/revisions\/35673"}],"wp:featuredmedia":[{"embeddable":true,"href":"https:\/\/dralvarez.com.mx\/larevista\/wp-json\/wp\/v2\/media\/35674"}],"wp:attachment":[{"href":"https:\/\/dralvarez.com.mx\/larevista\/wp-json\/wp\/v2\/media?parent=20760"}],"wp:term":[{"taxonomy":"category","embeddable":true,"href":"https:\/\/dralvarez.com.mx\/larevista\/wp-json\/wp\/v2\/categories?post=20760"},{"taxonomy":"post_tag","embeddable":true,"href":"https:\/\/dralvarez.com.mx\/larevista\/wp-json\/wp\/v2\/tags?post=20760"}],"curies":[{"name":"wp","href":"https:\/\/api.w.org\/{rel}","templated":true}]}}