{"id":20706,"date":"2022-01-25T00:00:00","date_gmt":"2022-01-25T06:00:00","guid":{"rendered":"https:\/\/dralvarez.com.mx\/larevista\/blog\/derecho-2"},"modified":"2024-02-23T11:47:33","modified_gmt":"2024-02-23T17:47:33","slug":"derecho-2","status":"publish","type":"post","link":"https:\/\/dralvarez.com.mx\/larevista\/opiniones\/derecho-2","title":{"rendered":"Derecho"},"content":{"rendered":"<\/p>\n<p><b>Por: Jorge Valladares S\u00e1nchez.*<\/b><\/p>\n<p><b>En Facebook y en Youtube: Dr. Jorge Valladares.<\/b><\/p>\n<p><b><i><\/i><\/b><\/p>\n<blockquote><p><b><i>\u2026 como Debe Ser<\/i><\/b><\/p><\/blockquote>\n<p><b><i><\/i><\/b>Envidio a mis hijas. Con emoci\u00f3n hemos conversado varias veces de su dulce recuerdo y gratitud hacia las personas que las han cuidado, sin ser de la familia, pero por un periodo sinti\u00e9ndose muy cercanas a ello. El d\u00eda que les presentamos a la m\u00e1s significativa de ellas, Clausy pregunt\u00f3: \u00bfDe qu\u00e9 me toca, es mi prima? Ya que era joven y pernoctar\u00eda en la casa entre semana. Desde entonces, y hasta hoy, ella es La Prima, y con ese nombre de cari\u00f1o (y el real, claro) le recuerdan, aunque ya han pasado algunos a\u00f1os\u2026<b><i><\/i><\/b><\/p>\n<p>Creo que no es la mayor\u00eda quienes han tenido esa oportunidad, pero, siguiendo en la l\u00ednea de hablar de lo importante y no de las coyunturas y \u201ccajas chinas\u201d que nos marcan los pol\u00edticos perennes, dedico unas l\u00edneas a atender algo de lo que pasa con estas personas que sirven, y normalmente mucho, en nuestros hogares.<\/p>\n<div><\/div>\n<p>Justo por lo justo. Justo porque eres una persona con dignidad. Justo porque tu trabajo no es ni m\u00e1s, ni menos. Y justo porque con tu labor tambi\u00e9n abonas a mejorar la calidad de vida de todos, es justo que se reconozca y se respete la dignidad de tu trabajo.<\/p>\n<p>Y eso, que es lo justo, lo respaldan tus derechos laborales. Pero tienes que empezar por creerlo T\u00da; porque, justo por lo justo, ya existen los derechos legales para que te den lo que por derecho te corresponde. Y, en la medida en que todos lo entendamos, veremos que dignificar el trabajo tambi\u00e9n est\u00e1 en nuestras manos. Inf\u00f3rmate, y vamos haci\u00e9ndolo Derecho; \u00a1como Debe Ser!<\/p>\n<p>Es el texto de la campa\u00f1a que impulsa Nosotrxs por la Democracia, atendiendo a que es justo que se reconozca el trabajo en el hogar y se respeten los derechos laborales de las trabajadoras del hogar. Desde su constituci\u00f3n, nuestra organizaci\u00f3n ha realizado acciones jur\u00eddicas y sociales para la exigencia y la defensa de los derechos que tenemos como ciudadan\u00eda y personas. Y este es uno de los focos de atenci\u00f3n a lo largo de todo nuestro M\u00e9xico, ya que es otra de las grandes deudas hist\u00f3ricas que tenemos como sociedad ante un sector al que hemos aceptado tener en la precariedad laboral.<\/p>\n<div><\/div>\n<p>Son muchas las ocupaciones de las que hemos aceptado como natural que conlleven la ausencia de prestaciones laborales y se ha extendido cada vez m\u00e1s esa tolerancia; al grado de que hoy, en especial por nuestros j\u00f3venes y adultos mayores, se vea como un privilegio el acceder a un empleo en el que se cuente con dichas prestaciones, adem\u00e1s de que se llega al alarde en los promocionales de reclutamiento de usarlos como un gancho de atracci\u00f3n poderoso, cuando cualquier trabajo deber\u00eda tenerlas para ser digno.<\/p>\n<p>Con datos de la Encuesta Nacional de Ocupaci\u00f3n y Empleo de 2017, dos millones y medio de personas en M\u00e9xico se ocupan en trabajo dom\u00e9stico remunerado. El 99% no cuentan con alguna forma de contrato escrito y el 70% no cuentan con prestaciones de acceso a la salud. El 93% son mujeres. Desempa\u00f1an labores de cuidado de personas, limpieza, lavander\u00eda y cocina.<\/p>\n<p>El convenio 189 de la Organizaci\u00f3n Internacional del Trabajo, aprobado en 2011, se refiere a las condiciones que deben prevalecer en protecci\u00f3n de los derechos de las personas que as\u00ed se ocupan, pero son pocos los pa\u00edses que lo han ratificado. Adem\u00e1s de exigir al gobierno mexicano que lo haga, Nosotrxs en 4 a\u00f1os ha capacitado 55,000 bajo el programa \u201cMi Trabajo Cuenta\u201d y m\u00e1s de 560 en organizaci\u00f3n colectiva para hacer valer sus derechos, as\u00ed como integrado una Red de Aliadxs y conformado colectivos que promueven sus derechos.<\/p>\n<div><\/div>\n<p>El avance jur\u00eddico tuvo un primer paso en 2019, pero a\u00fan falta camino por andar. La Ley Federal del trabajo ya contempla los derechos de las personas trabajadoras del hogar, en particular en Cap\u00edtulo XIII. Adem\u00e1s de la obligatoriedad del contrato, establece las prestaciones que corresponden: vacaciones, prima vacacional, pago de d\u00edas de descanso, acceso obligatorio a la seguridad social, aguinaldo y las dem\u00e1s que se pacten.<\/p>\n<p>La importancia del trabajo de estas personas se materializa hogar por hogar, y sin embargo en estas condiciones con una alta frecuencia enfrentan vulnerabilidad, explotaci\u00f3n, salarios bajos y desigualdad. Hablando del tema de la seguridad social, y en espec\u00edfico, la salud, es frecuente escuchar estas frases: \u201cno es obligatorio en tu caso\u201d, \u201cte inscribo, pero te lo descuento de tu sueldo\u201d, \u201cte doy de alta, pero con el salario m\u00ednimo\u201d, \u201ces mucho relajo, mejor te pago el doctor cuanto te enfermes\u201d. O, com\u00fan tambi\u00e9n, ni hablar del tema.<\/p>\n<p>Las acciones de Nosotrxs tienen por premisa que En Bola podemos hacer mucho m\u00e1s para asegurar el acceso de todos\/as a todos nuestros derechos. En este tema, una de las ideas se expresa en el decir popular \u201cdando y dando\u201d, de manera que patrones y trabajadoras se visualicen como un equipo, que se beneficia rec\u00edprocamente; en el fondo se dignifica el trabajo y se fortalece el sentido que tiene esta labor para nuestras familias.<\/p>\n<p>Una de las actividades m\u00e1s sensibles desarrolladas en estos a\u00f1os es denominada \u201cTendedero de Sue\u00f1os\u201d en cuya din\u00e1mica las participantes exponen ante sus compa\u00f1eras y acompa\u00f1antes de la sociedad civil las aspiraciones a las que tienen a renunciar antes sus condiciones sociales y laborales. Es una din\u00e1mica que sensibiliza a quienes no se han puesto en sus zapatos, recupera la esperanza y motivaci\u00f3n de las participantes y abre la posibilidad de una colaboraci\u00f3n sensible que, adem\u00e1s de cumplir el derecho, conecte humanamente a personas que conviven en un mismo hogar y comparten emociones y vivencias muy frecuentemente. \u201cA\u00fan hay tiempo\u201d se corea al cierre de la actividad.<\/p>\n<p>No lo decimos nosotrxs, lo dice la ley. Hag\u00e1moslo juntxs, hag\u00e1moslo Derecho, como Debe Ser. Se avizora para este a\u00f1o la factibilidad de una mayor plenitud legal y Nosotrxs junto con diversas organizaciones seguir\u00e1 siendo parte actora de esa forma de justicia. Somos en todo M\u00e9xico un movimiento de exigencia colectiva de derechos para combatir la desigualdad y la corrupci\u00f3n a partir de las leyes e instituciones que ya tenemos. A trav\u00e9s de la pedagog\u00eda, la organizaci\u00f3n colectiva y la exigencia de nuestros derechos buscamos construir un cambio social. Actuamos con base en el siguiente principio: \u201cMi libertad no termina donde comienza la tuya; mi libertad comienza donde se une a la tuya\u201d.<\/p>\n<div><\/div>\n<p>El centro de las acciones lo planteamos a trav\u00e9s de causas, entre las que destacan el Cero Desabasto, para atender el a\u00f1ejo y urgente problema de que todas las personas reciban a tiempo y completos los medicamentos que el sector salud prescribe; la aqu\u00ed descrita para que todas las personas que realizan el Trabajo del Hogar disfruten de sus derechos sociales; la regulaci\u00f3n efectiva del Trabajo Digital para que se legisle y reconozca el v\u00ednculo laboral entre plataformas digitales y repartidores, de modo que accedan a derechos laborales; as\u00ed como Ingreso Vital, que expuso la necesidad de un apoyo de emergencia temporal y no condicionado para las personas m\u00e1s necesitadas ante la p\u00e9rdida de ingresos por la pandemia. Partidos Transparentes para conocer la forma en que esas entidades manejan los recursos p\u00fablicos que les aportamos y Reconstrucci\u00f3n Transparente para el apoyo adecuado a quienes se vieron afectados por el gran sismo en la Ciudad de M\u00e9xico.<\/p>\n<p>Nosotrxs construimos causas cuando identificamos la vulneraci\u00f3n sistem\u00e1tica de derechos a un grupo de personas o una comunidad, y nos organizamos colectivamente para exigir nuestros derechos. Por ello, es un movimiento organizado abierto a toda la ciudadan\u00eda que tiene objetivos comunes, y que desea hacer pol\u00edtica aut\u00e9ntica, que poco tiene que ver con la dirigida a lo electoral, y menos a\u00fan con la que se hace desde los partidos pol\u00edticos.<\/p>\n<p>\u201cNo somos m\u00e1s, compa\u00f1eras, ni somos menos, por ser trabajadoras del hogar\u201d, escuch\u00e9 decir a una de las participantes en el tendedero de Los Sue\u00f1os. Frase que deber\u00eda ser innecesaria, pero que tenemos que preguntarnos si nuestro grado de conciencia alcanza aqu\u00ed y ahora para darla por obvia. Si tenemos la fortuna de contar con una persona que trabaje en nuestro hogar, \u00a1seamos parte de que cuenten con todos sus derechos!<br \/>Hogar, justo hogar.<\/p>\n<p>&#8212;&#8212;&#8212;&#8212;&#8212;&#8212;&#8212;&#8212;&#8212;&#8212;&#8212;&#8212;&#8212;&#8212;&#8212;<br \/><b><small>*Jorge Valladares S\u00e1nchez<\/small><\/b><br \/><small>Pap\u00e1, Ciudadano, Consultor.<\/small><br \/><small>Representante en Yucat\u00e1n de Nosotrxs.<\/small><br \/><small>Coordinador Nacional de la Red C\u00edvica Mx, A.C.<\/small><br \/><small>Doctor en Ciencias Sociales.<\/small><br \/><small>Doctor en Derechos Humanos.<\/small><\/p><\/p>\n","protected":false},"excerpt":{"rendered":"<p>\u2026 como Debe Ser<\/p>\n","protected":false},"author":1112,"featured_media":35629,"comment_status":"open","ping_status":"open","sticky":false,"template":"","format":"standard","meta":{"tdm_status":"","tdm_grid_status":"","footnotes":""},"categories":[25],"tags":[],"_links":{"self":[{"href":"https:\/\/dralvarez.com.mx\/larevista\/wp-json\/wp\/v2\/posts\/20706"}],"collection":[{"href":"https:\/\/dralvarez.com.mx\/larevista\/wp-json\/wp\/v2\/posts"}],"about":[{"href":"https:\/\/dralvarez.com.mx\/larevista\/wp-json\/wp\/v2\/types\/post"}],"author":[{"embeddable":true,"href":"https:\/\/dralvarez.com.mx\/larevista\/wp-json\/wp\/v2\/users\/1112"}],"replies":[{"embeddable":true,"href":"https:\/\/dralvarez.com.mx\/larevista\/wp-json\/wp\/v2\/comments?post=20706"}],"version-history":[{"count":1,"href":"https:\/\/dralvarez.com.mx\/larevista\/wp-json\/wp\/v2\/posts\/20706\/revisions"}],"predecessor-version":[{"id":35628,"href":"https:\/\/dralvarez.com.mx\/larevista\/wp-json\/wp\/v2\/posts\/20706\/revisions\/35628"}],"wp:featuredmedia":[{"embeddable":true,"href":"https:\/\/dralvarez.com.mx\/larevista\/wp-json\/wp\/v2\/media\/35629"}],"wp:attachment":[{"href":"https:\/\/dralvarez.com.mx\/larevista\/wp-json\/wp\/v2\/media?parent=20706"}],"wp:term":[{"taxonomy":"category","embeddable":true,"href":"https:\/\/dralvarez.com.mx\/larevista\/wp-json\/wp\/v2\/categories?post=20706"},{"taxonomy":"post_tag","embeddable":true,"href":"https:\/\/dralvarez.com.mx\/larevista\/wp-json\/wp\/v2\/tags?post=20706"}],"curies":[{"name":"wp","href":"https:\/\/api.w.org\/{rel}","templated":true}]}}