{"id":20698,"date":"2022-01-25T00:00:00","date_gmt":"2022-01-25T06:00:00","guid":{"rendered":"https:\/\/dralvarez.com.mx\/larevista\/blog\/cuanto-tardaremos-en-salir-de-esta-crisis"},"modified":"2024-02-23T11:47:15","modified_gmt":"2024-02-23T17:47:15","slug":"cuanto-tardaremos-en-salir-de-esta-crisis","status":"publish","type":"post","link":"https:\/\/dralvarez.com.mx\/larevista\/opiniones\/cuanto-tardaremos-en-salir-de-esta-crisis","title":{"rendered":"\u00bfCu\u00e1nto tardaremos en salir de esta crisis?"},"content":{"rendered":"<p><b>Por: Pascal Beltr\u00e1n del R\u00edo.<\/b> <\/p>\n<p>As\u00ed como la ca\u00edda del Producto Interno Bruto en 2020 (-8.5%) fue la m\u00e1s profunda desde 1932 (-14.8%), la recuperaci\u00f3n de la actual crisis podr\u00eda ser la m\u00e1s lenta desde aquella d\u00e9cada o, cuando menos, desde la de los a\u00f1os ochenta.<\/p>\n<p>Si tomamos en cuenta la informaci\u00f3n que dio a conocer Inegi el martes sobre la actividad econ\u00f3mica en diciembre \u2013el IGAE oportuno\u2013, es probable que el dato final del desempe\u00f1o del PIB en 2021 ronde el 5% o est\u00e9 ligeramente por debajo.<\/p>\n<p>Eso nos colocar\u00eda a\u00fan lejos de recuperar el nivel que ten\u00eda la econom\u00eda en 2018, cuando comenz\u00f3 a caer. Lo hizo, inicialmente, a causa de la incertidumbre que provoc\u00f3 la llegada al poder del presidente Andr\u00e9s Manuel L\u00f3pez Obrador y como efecto de sus primeras medidas de pol\u00edtica econ\u00f3mica y, luego, en raz\u00f3n del estancamiento econ\u00f3mico mundial propiciado por la pandemia, ante el cual no existieron medidas de contenci\u00f3n.<\/p>\n<p>A este ritmo, \u00bfcu\u00e1nto tardar\u00e1 M\u00e9xico en reflotar su econom\u00eda? A\u00fan es prematuro decirlo, pero probablemente todo el sexenio. Si restamos el rebote previsto del PIB en 2021, de alrededor de 5%, a las p\u00e9rdidas registradas en 2019 y 2020, a\u00fan faltar\u00edan m\u00e1s de tres puntos y medio para salir del hoyo en que se meti\u00f3 el pa\u00eds. Esto es, un escenario muy lejano del 4% de crecimiento econ\u00f3mico promedio ofrecido por L\u00f3pez Obrador en campa\u00f1a.<\/p>\n<p>La serie de Inegi que arranca en 1896 muestra siete episodios de desplome econ\u00f3mico: en 1902, por la ca\u00edda del precio de la plata; en el periodo de 1910 a 1920, por la Revoluci\u00f3n Mexicana; en el de 1929 a 1932, por la Gran Depresi\u00f3n; en el de 1982 a 1987, por la ca\u00edda de los precios del petr\u00f3leo y la expansi\u00f3n de la deuda; en 1995, por el llamado \u201cerror de diciembre\u201d; en 2009, cuando se revent\u00f3 la burbuja de las hipotecas subprime, y el momento actual.<\/p>\n<p>En esa misma serie, que abarca 124 a\u00f1os, s\u00f3lo hay cinco ocasiones en que el PIB cay\u00f3 por dos a\u00f1os consecutivos o m\u00e1s: durante la Revoluci\u00f3n Mexicana, entre 1911 y 1914; la Gran Depresi\u00f3n, en 1929 y 1930; la crisis de la deuda, en 1982 y 1983; la desaceleraci\u00f3n financiera mundial de principios de siglo, marcada por el llamado \u201cCorralito\u201d, en 2001 y 2002, y el reciente bienio 2019-2020.<\/p>\n<p>En t\u00e9rminos de recuperaci\u00f3n, el peor de esos momentos ocurri\u00f3 durante el conflicto armado iniciado en 1910, pues la econom\u00eda mexicana tard\u00f3 una d\u00e9cada en alcanzar el nivel que ten\u00eda antes de que estallaran las hostilidades.<\/p>\n<p>Si tomamos en cuenta los periodos de paz, M\u00e9xico ha salido muy pronto de casi todos sus tropiezos anuales. Por ejemplo, el de 1902, de (-)7.23%, fue seguida de una recuperaci\u00f3n de (+)11.04 el a\u00f1o siguiente; el de 1983, de (-)3.49%, de una de (+)3.41; el de 1995, de (-)6.29, de una de (+)6.77, y el de 2009, de (-)5.29, de una de (+)5.19 por ciento.<\/p>\n<p>El desplome de 1932 \u2013que, como digo arriba, ha sido el peor de la historia documentable\u2013 ocurri\u00f3 en el contexto de una crisis cuya recuperaci\u00f3n dur\u00f3 siete a\u00f1os (1928-1935). Y el estancamiento de la d\u00e9cada de los ochenta retras\u00f3 el crecimiento un sexenio.<\/p>\n<p>Con esos pasajes de la historia econ\u00f3mica compite el actual prop\u00f3sito de restablecimiento. \u00bfSer\u00e1 de siete a\u00f1os, ser\u00e1 de seis? Ya lo veremos.<\/p>\n<p>Por lo pronto, \u00e9ste es el peor arranque de un sexenio desde 1928-1931 (hay que recordar que \u00c1lvaro Obreg\u00f3n, la segunda vez que compiti\u00f3 por la Presidencia, fue elegido por seis a\u00f1os, pero su asesinato llev\u00f3 a que hubiese tres mandatarios en ese periodo). En aquel trienio \u2013de los presidentes Emilio Portes Gil y Pascual Ortiz Rubio\u2013 la econom\u00eda cay\u00f3 (-)6.61 por ciento. Eso ni siquiera ocurri\u00f3 en la primera mitad del sexenio lopezportillista, cuando la contracci\u00f3n acumulada fue de (-)0.19 por ciento.<\/p>\n<p>\u00bfQu\u00e9 viene hacia adelante? Hay que tomar en cuenta los nubarrones en el camino hacia 2024, cuando vendr\u00e1 un cambio de gobierno. El desempe\u00f1o de aqu\u00ed a entonces depender\u00e1, sin duda, del crecimiento de la econom\u00eda estadunidense, la inflaci\u00f3n y el clima de negocios.<\/p>\n<p>De mantenerse el paso actual, el mal r\u00e9cord del trienio podr\u00eda volverse un mal r\u00e9cord sexenal.<\/p>\n","protected":false},"excerpt":{"rendered":"<p>Por: Pascal Beltr\u00e1n del R\u00edo.<\/p>\n","protected":false},"author":1127,"featured_media":35621,"comment_status":"open","ping_status":"open","sticky":false,"template":"","format":"standard","meta":{"tdm_status":"","tdm_grid_status":"","footnotes":""},"categories":[25],"tags":[],"_links":{"self":[{"href":"https:\/\/dralvarez.com.mx\/larevista\/wp-json\/wp\/v2\/posts\/20698"}],"collection":[{"href":"https:\/\/dralvarez.com.mx\/larevista\/wp-json\/wp\/v2\/posts"}],"about":[{"href":"https:\/\/dralvarez.com.mx\/larevista\/wp-json\/wp\/v2\/types\/post"}],"author":[{"embeddable":true,"href":"https:\/\/dralvarez.com.mx\/larevista\/wp-json\/wp\/v2\/users\/1127"}],"replies":[{"embeddable":true,"href":"https:\/\/dralvarez.com.mx\/larevista\/wp-json\/wp\/v2\/comments?post=20698"}],"version-history":[{"count":1,"href":"https:\/\/dralvarez.com.mx\/larevista\/wp-json\/wp\/v2\/posts\/20698\/revisions"}],"predecessor-version":[{"id":35620,"href":"https:\/\/dralvarez.com.mx\/larevista\/wp-json\/wp\/v2\/posts\/20698\/revisions\/35620"}],"wp:featuredmedia":[{"embeddable":true,"href":"https:\/\/dralvarez.com.mx\/larevista\/wp-json\/wp\/v2\/media\/35621"}],"wp:attachment":[{"href":"https:\/\/dralvarez.com.mx\/larevista\/wp-json\/wp\/v2\/media?parent=20698"}],"wp:term":[{"taxonomy":"category","embeddable":true,"href":"https:\/\/dralvarez.com.mx\/larevista\/wp-json\/wp\/v2\/categories?post=20698"},{"taxonomy":"post_tag","embeddable":true,"href":"https:\/\/dralvarez.com.mx\/larevista\/wp-json\/wp\/v2\/tags?post=20698"}],"curies":[{"name":"wp","href":"https:\/\/api.w.org\/{rel}","templated":true}]}}