{"id":20692,"date":"2022-01-24T00:00:00","date_gmt":"2022-01-24T06:00:00","guid":{"rendered":"https:\/\/dralvarez.com.mx\/larevista\/blog\/gobierno-federal-propone-a-exgobernadores-priistas-para-cargos-diplomaticos"},"modified":"2024-02-23T11:47:02","modified_gmt":"2024-02-23T17:47:02","slug":"gobierno-federal-propone-a-exgobernadores-priistas-para-cargos-diplomaticos","status":"publish","type":"post","link":"https:\/\/dralvarez.com.mx\/larevista\/opiniones\/gobierno-federal-propone-a-exgobernadores-priistas-para-cargos-diplomaticos","title":{"rendered":"Gobierno federal propone a exgobernadores  priistas para cargos diplom\u00e1ticos"},"content":{"rendered":"<p><b><i>Contacto con la Pol\u00edtica Nacional<\/i>, por:&nbsp;Baltasar Barbolla.&nbsp;<\/b><\/p>\n<\/p>\n<p><b>CDMX.-<\/b> El<br \/>\nanuncio que dio a conocer la <b>Secretar\u00eda<br \/>\nde Relaciones Exteriores<\/b> (SRE) a principios de semana sobre los cambios<br \/>\npropuestos para el Servicio Exterior Mexicano caus\u00f3 gran revuelo en el PRI<br \/>\npues, entre quienes fueron elegidos para ocupar cargos diplom\u00e1ticos, figuraron<br \/>\ndos exgobernadores priistas: <b>Claudia<br \/>\nPavlovich<\/b> y <b>Carlos Miguel Aysa<\/b>.<br \/>\nLa exgobernadora sonorense fue propuesta como c\u00f3nsul de M\u00e9xico en Barcelona y<br \/>\nel exgobernador campechano como Embajador de M\u00e9xico ante la Rep\u00fablica<br \/>\nDominicana. \u2013comparti\u00f3 a los presentes la empresaria, con lo cual continu\u00f3 la<br \/>\npl\u00e1tica de esta semana en el Balmoral- Esto propici\u00f3 que l\u00edderes del tricolor<br \/>\nmanifestaran su rechazo. Muchos incluso pidieron la expulsi\u00f3n del partido para<br \/>\nambos exgobernadores.<\/p>\n<p>-No es la primera vez que el PRI pasa por una<br \/>\nsituaci\u00f3n de este tipo. Apenas en octubre del a\u00f1o pasado, el Consejo Pol\u00edtico<br \/>\nNacional del tricolor le neg\u00f3 a <b>Quirino<br \/>\nOrdaz<\/b>, exgobernador de Sinaloa, la solicitud que \u00e9ste hizo para que se le<br \/>\npermitiese aceptar la embajada de M\u00e9xico ante Espa\u00f1a que le fue ofrecida por el<br \/>\npresidente <b>L\u00f3pez Obrador<\/b>. \u2013record\u00f3<br \/>\nel editorialista- El exmandatario sinaloense acept\u00f3 la invitaci\u00f3n del<br \/>\npresidente a pesar de la negativa de su partido, pero el tr\u00e1mite ante Espa\u00f1a se<br \/>\nha demorado por lo que a\u00fan no se formaliza la designaci\u00f3n.<\/p>\n<p>-Aunque son situaciones similares, no son iguales.<br \/>\n\u2013afirm\u00f3 el pol\u00edtico- En ese entonces, el Revolucionario Institucional consider\u00f3<br \/>\nque la propuesta del gobierno federal a Quirino Ordaz buscaba romper la alianza<br \/>\nopositora de \u201cVa por M\u00e9xico\u201d e incluso generar divisiones dentro del mismo<br \/>\ntricolor. Ahora, los reclamos del PRI en contra de Pavlovich y Aysa versan en<br \/>\ntorno a se\u00f1alamientos de traici\u00f3n y deslealtad.<\/p>\n<p>-En efecto, amigo pol\u00edtico; as\u00ed lo ha hecho ver el<br \/>\ndirigente nacional del PRI, <b>Alejandro<br \/>\nMoreno<\/b>. \u2013intervino el consultor- En sus redes sociales, \u201cAlito\u201d Moreno<br \/>\npublic\u00f3 un mensaje en el cual dec\u00eda que las oportunidades que daba el PRI<br \/>\ndeb\u00edan corresponderse con buen trabajo, pero igual con lealtad. Adem\u00e1s, se\u00f1al\u00f3<br \/>\nque ambos exgobernadores eran autoridades emanadas del tricolor, por lo que su<br \/>\nmilitancia est\u00e1 sujeta a los estatutos del partido. Entonces, si los<br \/>\nexmandatarios deciden aceptar los cargos diplom\u00e1ticos, podr\u00edan ser sancionados<br \/>\ncon la expulsi\u00f3n del partido.<\/p>\n<p>-Si bien, la postura de Alejandro Moreno parece severa,<br \/>\nresponde al contexto en el cual se dieron estos ofrecimientos. \u2013estableci\u00f3 el<br \/>\nescritor- Dado que tanto en Sonora como en Campeche perdi\u00f3 recientemente el PRI<br \/>\nla gubernatura contra candidatos de Morena, pareciera que ahora el gobierno<br \/>\nfederal busca recompensar a Claudia Pavlovich y a Miguel Aysa por haber operado<br \/>\nen contra de su partido y, por lo tanto, a favor del partido guinda.<\/p>\n<p>&#8211;<b>Miguel \u00c1ngel<br \/>\nOsorio Chong<\/b>, coordinador de los priistas en el Senado, tambi\u00e9n se uni\u00f3 a<br \/>\nlos se\u00f1alamientos de traici\u00f3n. Mediante una publicaci\u00f3n en sus redes sociales,<br \/>\nel exsecretario de Gobernaci\u00f3n dijo que existen priistas los cuales trabajan<br \/>\npara que otros priistas puedan llegar a espacios de poder. Por esto, los<br \/>\npriistas que tuvieron esta oportunidad no deb\u00edan aceptar cargos en gobiernos de<br \/>\notra extracci\u00f3n, menos tras resultados desfavorables, pues implicar\u00eda una<br \/>\ntraici\u00f3n a la militancia. \u2013coment\u00f3 la abogada<\/p>\n<p>-La senadora priista <b>Claudia Anaya<\/b> igual se pronunci\u00f3 al respecto. En sus redes, afirm\u00f3<br \/>\nque le daba asco el hecho de que dos exgobernadores priistas vayan saliendo de<br \/>\nsu encargo para ir a trabajar al gobierno de Morena y ser la cara de M\u00e9xico en<br \/>\nel mundo. \u2013cont\u00f3 el editorialista- Por otro lado, la legisladora priista<br \/>\nsonorense <b>Paloma S\u00e1nchez<\/b> exigi\u00f3 que<br \/>\nel hijo del exgobernador Miguel Aysa renuncie a su diputaci\u00f3n pues \u00e9sta (la<br \/>\ndiputaci\u00f3n) le corresponde al PRI, no a un traidor que entreg\u00f3 su estado a<br \/>\nMorena.<\/p>\n<p>&#8211; \u00bfEl hijo del exgobernador Miguel Aysa es diputado<br \/>\nlocal o federal? \u2013pregunt\u00f3 uno de los presentes<\/p>\n<p>-Federal. \u2013respondi\u00f3 el pol\u00edtico- En un acto de pleno<br \/>\nnepotismo y abuso de poder, el exgobernador impuso a su hijo de 24 a\u00f1os en los<br \/>\nprimeros lugares de la lista de diputados plurinominales de Campeche para el<br \/>\nCongreso federal a pesar de su nula experiencia partidista y profesional.<br \/>\nLiteralmente, su padre le regal\u00f3 la diputaci\u00f3n.\n<\/p>\n<p>-Si Miguel Aysa acepta la embajada en Rep\u00fablica<br \/>\nDominicana, se estar\u00eda beneficiando tanto por la diputaci\u00f3n priista como por el<br \/>\ncargo diplom\u00e1tico otorgado por Morena. De darse este escenario, seguramente m\u00e1s<br \/>\ncuadros priistas alzar\u00e1n la voz para exigir la renuncia del hijo del<br \/>\nexgobernador pues no permitir\u00e1n que una curul tricolor sea ocupado por el<br \/>\nrepresentante de alguien que traicion\u00f3 a su partido; especialmente cuando \u00e9ste<br \/>\n(el hijo) no tiene ning\u00fan tipo de liderazgo por s\u00ed solo ni aporta en nada al<br \/>\nPRI. \u2013observ\u00f3 la empresaria-<\/p>\n<p>-Sin duda, el caso de Campeche es m\u00e1s complejo de lo<br \/>\nque aparenta a primera vista pues representa un doble fracaso de <b>Alejandro Moreno<\/b>. \u2013dijo el editorialista-<br \/>\nEn primer lugar, es un fracaso pues, siendo \u00e9l campechano y dirigente nacional,<br \/>\nel PRI perdi\u00f3 Campeche por primera vez en la historia. Tambi\u00e9n es un fracaso<br \/>\npues fue el mismo \u201cAlito\u201d quien, al pedir licencia para buscar la presidencia<br \/>\ndel tricolor, cedi\u00f3 la gubernatura del estado a la persona que aparentemente<br \/>\ntraicion\u00f3 a su partido y oper\u00f3 a favor de Morena y <b>Layda Sansores<\/b>: Miguel Aysa.<\/p>\n<p>-Muy interesante observaci\u00f3n, amigo editorialista; lo<br \/>\nocurrido en Campeche s\u00ed deja mal parado a Alejando Moreno. \u2013asinti\u00f3 el<br \/>\nescritor- Ahora bien, el excandidato a la presidencia por el PRI y exdirigente<br \/>\nnacional del mismo partido, <b>Roberto<br \/>\nMadrazo<\/b>, igual se uni\u00f3 al rechazo en contra de los exmandatarios priistas y<br \/>\naprovech\u00f3 para lanzar fuertes declaraciones en contra de Alejando Moreno.<br \/>\nMadrazo cuestion\u00f3 si \u201cAlito\u201d Moreno estaba molesto porque Pavlovich y Aysa<br \/>\npactaron con Morena o por si lo hicieron antes que \u00e9l. A\u00fan m\u00e1s, coment\u00f3 que<br \/>\nmuchos priistas se estaban vendiendo a Morena por miedo a ser investigados e<br \/>\nhizo referencia a cuando \u201cAlito\u201d insinu\u00f3 apoyar la reforma el\u00e9ctrica del<br \/>\npresidente L\u00f3pez Obrador. \u2013inform\u00f3 el escritor<\/p>\n<p>-Las cr\u00edticas en contra de las designaciones a<br \/>\nexgobernadores priistas no solo vinieron del tricolor. \u2013se\u00f1al\u00f3 la periodista- <b>Julen Rementer\u00eda<\/b>, coordinador del PAN<br \/>\nen el Senado, opin\u00f3 que el gobierno federal buscaba acuerdos con quienes fueron<br \/>\nsus adversarios para romper la alianza opositora. Asimismo, hizo un llamado a<br \/>\nque el cuerpo diplom\u00e1tico mexicano no sea usado para vulnerar a la oposici\u00f3n.<\/p>\n<p>-Se equivocan quienes dicen que las designaciones de<br \/>\nClaudia Pavlovich y Miguel Aysa son un intento de recompensar a los expriistas<br \/>\no romper a la oposici\u00f3n pues el presidente Andr\u00e9s Manuel ya explic\u00f3 que su<br \/>\ngobierno solo busca procurar la pluralidad. Como bien dijo nuestro mandatario,<br \/>\nun solo partido ya no puede representar a todo el gobierno, sino que el gobierno<br \/>\ndebe ser de todos. \u2013argument\u00f3 el consultor- Prueba de esto, seg\u00fan se\u00f1al\u00f3 el<br \/>\npresidente, es que el cuerpo diplom\u00e1tico mexicano est\u00e1 compuesto por pocos<br \/>\nmilitantes de Morena.<\/p>\n<p>-El gobernador de Sonora, <b>Alfonso Durazo<\/b>, tambi\u00e9n rechaz\u00f3 que hubiese alg\u00fan \u201cpacto de<br \/>\nimpunidad\u201d o acuerdo con Claudia Pavlovich, quien fue gobernadora antes que \u00e9l,<br \/>\ny dio a conocer que su administraci\u00f3n se encuentra realizando m\u00e1s de 150<br \/>\nauditor\u00edas e investigaciones para resolver inconsistencias encontradas en el<br \/>\nsexenio de la hasta ahora priista. \u2013complement\u00f3 el analista<\/p>\n<p>-Creo que \u00e9ste ser\u00e1 un tema el cual permanecer\u00e1<br \/>\nvigente en las pr\u00f3ximas semanas, al menos hasta que el Senado apruebe o deseche<br \/>\nlas propuestas del gobierno federal. Aunque, a decir verdad, todo indica a que<br \/>\nse aprobar\u00e1n pues Morena seguramente contar\u00e1 con suficiente apoyo en la C\u00e1mara<br \/>\nAlta para tener una votaci\u00f3n favorable a sus fines; sin embargo, no significa<br \/>\nque no se har\u00e1n sentir las inconformidades de muchos legisladores, lo cual<br \/>\npropiciar\u00e1 un interesante debate. \u2013reflexion\u00f3 la periodista- Esto, cabe<br \/>\naclarar, en el supuesto que Claudia Pavlovich y Carlos Aysa acepten los<br \/>\nnombramientos, lo cual parece ser el escenario m\u00e1s probable.<\/p>\n<p>-Coincido, amiga periodista; lo m\u00e1s probable es que<br \/>\nlos exgobernadores priistas acepten los nombramientos ofrecidos por el gobierno<br \/>\nfederal. Por eso, tambi\u00e9n ser\u00e1 interesante ver c\u00f3mo act\u00faa el PRI y si cumple su<br \/>\namenaza de expulsar a los exgobernadores. \u2013concluy\u00f3 la abogada- Estaremos al<br \/>\ntanto de c\u00f3mo evoluciona el tema.<\/p><\/p>\n","protected":false},"excerpt":{"rendered":"<p>Contacto con la Pol\u00edtica Nacional.<\/p>\n","protected":false},"author":1114,"featured_media":35615,"comment_status":"open","ping_status":"open","sticky":false,"template":"","format":"standard","meta":{"tdm_status":"","tdm_grid_status":"","footnotes":""},"categories":[25],"tags":[],"_links":{"self":[{"href":"https:\/\/dralvarez.com.mx\/larevista\/wp-json\/wp\/v2\/posts\/20692"}],"collection":[{"href":"https:\/\/dralvarez.com.mx\/larevista\/wp-json\/wp\/v2\/posts"}],"about":[{"href":"https:\/\/dralvarez.com.mx\/larevista\/wp-json\/wp\/v2\/types\/post"}],"author":[{"embeddable":true,"href":"https:\/\/dralvarez.com.mx\/larevista\/wp-json\/wp\/v2\/users\/1114"}],"replies":[{"embeddable":true,"href":"https:\/\/dralvarez.com.mx\/larevista\/wp-json\/wp\/v2\/comments?post=20692"}],"version-history":[{"count":1,"href":"https:\/\/dralvarez.com.mx\/larevista\/wp-json\/wp\/v2\/posts\/20692\/revisions"}],"predecessor-version":[{"id":35614,"href":"https:\/\/dralvarez.com.mx\/larevista\/wp-json\/wp\/v2\/posts\/20692\/revisions\/35614"}],"wp:featuredmedia":[{"embeddable":true,"href":"https:\/\/dralvarez.com.mx\/larevista\/wp-json\/wp\/v2\/media\/35615"}],"wp:attachment":[{"href":"https:\/\/dralvarez.com.mx\/larevista\/wp-json\/wp\/v2\/media?parent=20692"}],"wp:term":[{"taxonomy":"category","embeddable":true,"href":"https:\/\/dralvarez.com.mx\/larevista\/wp-json\/wp\/v2\/categories?post=20692"},{"taxonomy":"post_tag","embeddable":true,"href":"https:\/\/dralvarez.com.mx\/larevista\/wp-json\/wp\/v2\/tags?post=20692"}],"curies":[{"name":"wp","href":"https:\/\/api.w.org\/{rel}","templated":true}]}}