{"id":20688,"date":"2022-01-22T00:00:00","date_gmt":"2022-01-22T06:00:00","guid":{"rendered":"https:\/\/dralvarez.com.mx\/larevista\/blog\/pasapalabra-taurino-y-musical"},"modified":"2024-02-23T11:46:35","modified_gmt":"2024-02-23T17:46:35","slug":"pasapalabra-taurino-y-musical","status":"publish","type":"post","link":"https:\/\/dralvarez.com.mx\/larevista\/opiniones\/pasapalabra-taurino-y-musical","title":{"rendered":"Pasapalabra taurino y musical&#8230;"},"content":{"rendered":"<p><b>Por: Cristina Pad\u00edn.<\/b><\/p>\n<p>Con la A: Antonio, el que era de Ronda y se apellidaba Ord\u00f3\u00f1ez. Con la B: Barcelona, ciudad en la que hubo toros y en la que pasaron cosas fant\u00e1sticas. Con la C: capote y Chandon D\u2019amour, tan sensual. Con la D: Diego Silveti y Diego Urdiales. Con la E: estatua de ole y ser: Jos\u00e9 Tom\u00e0s. Con la F: faenas que enamoran las pesta\u00f1as. Con la G: Granada, tierra so\u00f1ada. Con la H: honradez, algo que importa en el toreo y en la m\u00fasica y en la vida. Con la I: impronta. Con la J: Juli\u00e1n, El Juli: la sabidur\u00eda. Con la K: kikiriki. Con la L: lances de los que invitan a so\u00f1ar.. Con la M: Manolete, obvio. Con la N: natural y natural (mente) y Ni\u00f1a Pastori. Con la \u00d1, contiene la \u00f1: s\u00ed a los ni\u00f1os en los toros. Con la O: ovaci\u00f3n. Con la P: Pablo, Pablo Aguado. Con la Q: qu\u00e9 tarde tan especial! Y Queen. Con la R: ruedo. Con la S: Sevilla, por una tarde de alma. Con la T: Talavante, mi mago. Con la U: una oreja. Con la V: verdad, lo m\u00e1s importante. Con la W: whisky tras disfrutar una tarde de arte y Withney Houston. Con la X, contiene la x: exquisito, como Perera, y Tanxugueiras.  Con la Y: Yiyo, claro. Con la  Z: Zalamer\u00edas en la arena.. y Sanz, Alejandro&#8230;<\/p>\n<p>A veces me gusta hacer estos textos. A la palabra. Yo amo las palabras y las lenguas<br \/>A los programas culturales<br \/>Al toreo<br \/>A la m\u00fasica<br \/>A mi querido Luis<br \/>A las personas mencionadas<br \/>S\u00ed a los ni\u00f1os en los toros<br \/>A Albriux, que contiene la x<br \/>A las cosas bien hechas<br \/>Para que vuelvan los toros a Barcelona<br \/>Al arte: la vida sin arte&#8230; no no&#8230;<\/p>\n","protected":false},"excerpt":{"rendered":"<p>Por: Cristina Pad\u00edn.<\/p>\n","protected":false},"author":1025,"featured_media":35611,"comment_status":"open","ping_status":"open","sticky":false,"template":"","format":"standard","meta":{"tdm_status":"","tdm_grid_status":"","footnotes":""},"categories":[25],"tags":[],"_links":{"self":[{"href":"https:\/\/dralvarez.com.mx\/larevista\/wp-json\/wp\/v2\/posts\/20688"}],"collection":[{"href":"https:\/\/dralvarez.com.mx\/larevista\/wp-json\/wp\/v2\/posts"}],"about":[{"href":"https:\/\/dralvarez.com.mx\/larevista\/wp-json\/wp\/v2\/types\/post"}],"author":[{"embeddable":true,"href":"https:\/\/dralvarez.com.mx\/larevista\/wp-json\/wp\/v2\/users\/1025"}],"replies":[{"embeddable":true,"href":"https:\/\/dralvarez.com.mx\/larevista\/wp-json\/wp\/v2\/comments?post=20688"}],"version-history":[{"count":1,"href":"https:\/\/dralvarez.com.mx\/larevista\/wp-json\/wp\/v2\/posts\/20688\/revisions"}],"predecessor-version":[{"id":35610,"href":"https:\/\/dralvarez.com.mx\/larevista\/wp-json\/wp\/v2\/posts\/20688\/revisions\/35610"}],"wp:featuredmedia":[{"embeddable":true,"href":"https:\/\/dralvarez.com.mx\/larevista\/wp-json\/wp\/v2\/media\/35611"}],"wp:attachment":[{"href":"https:\/\/dralvarez.com.mx\/larevista\/wp-json\/wp\/v2\/media?parent=20688"}],"wp:term":[{"taxonomy":"category","embeddable":true,"href":"https:\/\/dralvarez.com.mx\/larevista\/wp-json\/wp\/v2\/categories?post=20688"},{"taxonomy":"post_tag","embeddable":true,"href":"https:\/\/dralvarez.com.mx\/larevista\/wp-json\/wp\/v2\/tags?post=20688"}],"curies":[{"name":"wp","href":"https:\/\/api.w.org\/{rel}","templated":true}]}}