{"id":20670,"date":"2022-01-19T00:00:00","date_gmt":"2022-01-19T06:00:00","guid":{"rendered":"https:\/\/dralvarez.com.mx\/larevista\/blog\/los-cumpleanos-especiales"},"modified":"2024-02-23T11:45:12","modified_gmt":"2024-02-23T17:45:12","slug":"los-cumpleanos-especiales","status":"publish","type":"post","link":"https:\/\/dralvarez.com.mx\/larevista\/opiniones\/los-cumpleanos-especiales","title":{"rendered":"Los cumplea\u00f1os especiales&#8230;"},"content":{"rendered":"<\/p>\n<p><b>Por: Cristina Pad\u00edn.<\/b><\/p>\n<p>&#8230;escribi\u00f3 Follas Novas y otorg\u00f3 gran fama a las campanas de Bastavales (de all\u00ed era mi primer amor y all\u00ed viven grandes amigos).. y fue una mujer tan especial que incluso hay discrepancia en la fecha de su cumplea\u00f1os. Hasta ahora hemos festejado a Rosal\u00eda de Castro el 24 de febrero, d\u00eda de su bautismo, y nuevos estudios confirman que naci\u00f3 el 23..<\/p>\n<p>Me gusta la historia..<\/p>\n<p>..siempre me han fascinado los cumplea\u00f1os especiales, por llamarlos de alguna forma. Y es que soy nieta de una abuela centenaria que cumpl\u00eda los a\u00f1os el 7 o el 8 de octubre, siempre mantuvo esa idea. La abuela Amelia era \u00fanica. Pero es que alrededor hay mil cumplea\u00f1os especiales. Mi madre, una lectora voraz, naci\u00f3 el 23 de abril. Vaya d\u00eda bonito!<\/p>\n<p>Mi hermana el divino d\u00eda de santa Lourdes, y mi amiga Ana un grandioso 14 de abril, como el Eterno Manzanares. Mi mago justo a un mes de la Nochebuena. Quiero mucho a los que nacen por san Lucas y por santa Nuria. Mi ni\u00f1o Luis es del impresionante 25 de julio. Mis queridos M y E comparten el 5, mayo y noviembre. Mi querida Olga es del d\u00eda de Navidad y N y L comparten el de san Mart\u00edn\u2026<\/p>\n<p>Cumplea\u00f1os especiales!!! Y en tu vida? Hay muchos tambi\u00e9n??<\/p>\n<p>A Rosal\u00eda de Castro<br \/>A la ruta rosaliana que tanto gusta a las personas cultas y sensibles<br \/>A mi fant\u00e1stica abuela<br \/>A mi amiga Ana<br \/>A Luis<br \/>A mi mago<br \/>A mi hermana<br \/>A Albriux<br \/>A todos los mencionados en la historia (el Eterno Manzanares, Jm, Natalia, Emi, Mar\u00eda, Lupita, Olga, Manuel..)<br \/>A los primeros amores<br \/>Y a los cumplea\u00f1os<\/p><\/p>\n","protected":false},"excerpt":{"rendered":"<p>Por: Cristina Pad\u00edn.<\/p>\n","protected":false},"author":1025,"featured_media":35593,"comment_status":"open","ping_status":"open","sticky":false,"template":"","format":"standard","meta":{"tdm_status":"","tdm_grid_status":"","footnotes":""},"categories":[25],"tags":[],"_links":{"self":[{"href":"https:\/\/dralvarez.com.mx\/larevista\/wp-json\/wp\/v2\/posts\/20670"}],"collection":[{"href":"https:\/\/dralvarez.com.mx\/larevista\/wp-json\/wp\/v2\/posts"}],"about":[{"href":"https:\/\/dralvarez.com.mx\/larevista\/wp-json\/wp\/v2\/types\/post"}],"author":[{"embeddable":true,"href":"https:\/\/dralvarez.com.mx\/larevista\/wp-json\/wp\/v2\/users\/1025"}],"replies":[{"embeddable":true,"href":"https:\/\/dralvarez.com.mx\/larevista\/wp-json\/wp\/v2\/comments?post=20670"}],"version-history":[{"count":1,"href":"https:\/\/dralvarez.com.mx\/larevista\/wp-json\/wp\/v2\/posts\/20670\/revisions"}],"predecessor-version":[{"id":35592,"href":"https:\/\/dralvarez.com.mx\/larevista\/wp-json\/wp\/v2\/posts\/20670\/revisions\/35592"}],"wp:featuredmedia":[{"embeddable":true,"href":"https:\/\/dralvarez.com.mx\/larevista\/wp-json\/wp\/v2\/media\/35593"}],"wp:attachment":[{"href":"https:\/\/dralvarez.com.mx\/larevista\/wp-json\/wp\/v2\/media?parent=20670"}],"wp:term":[{"taxonomy":"category","embeddable":true,"href":"https:\/\/dralvarez.com.mx\/larevista\/wp-json\/wp\/v2\/categories?post=20670"},{"taxonomy":"post_tag","embeddable":true,"href":"https:\/\/dralvarez.com.mx\/larevista\/wp-json\/wp\/v2\/tags?post=20670"}],"curies":[{"name":"wp","href":"https:\/\/api.w.org\/{rel}","templated":true}]}}