{"id":20658,"date":"2022-01-19T00:00:00","date_gmt":"2022-01-19T06:00:00","guid":{"rendered":"https:\/\/dralvarez.com.mx\/larevista\/blog\/peleando-y-con-las-guitarras"},"modified":"2024-02-23T11:44:08","modified_gmt":"2024-02-23T17:44:08","slug":"peleando-y-con-las-guitarras","status":"publish","type":"post","link":"https:\/\/dralvarez.com.mx\/larevista\/opiniones\/peleando-y-con-las-guitarras","title":{"rendered":"Peleando&#8230; y con las guitarras&#8230;"},"content":{"rendered":"<p><b>Por: Cristina Pad\u00edn.<\/b><\/p>\n<p>Sin un insulto. Sin una voz m\u00e1s alta que otra y sin ofender. Con las guitarras, con ocho o con las que sean necesarias. Desde C\u00f3rdoba para el mundo o en el mundo y con C\u00f3rdoba para cualquier esquina. Con alma y respeto. Con duende y verdad. Con poes\u00eda y arte.<\/p>\n<p>Moreno (viva lo que es moreno) y Maya, el sentimiento donde lo haya! Y Manuel!<\/p>\n<p>Como una fuente de sapiencia y de ese no s\u00e9 qu\u00e9 que enamora los sentidos. Canto y cante y puro y jondo. Porque los poetas no necesitan presumir que lo son: lo son. Sin m\u00e0s. Y sin menos. Espa\u00f1ol, andaluz, cordob\u00e9s., de los patios, del flamenco, flamenco, culto. Artista. \u00danico. \u00c9l!<\/p>\n<p>El Pele: voz, saber, esencia, verdad. \u00c9l!<\/p>\n<p>Viva el flamenco!<br \/>Dedicado a El Pele: feliz cumplea\u00f1os. El arte, si va con humildad, es arte dos veces<br \/>A Nani Cort\u00e9s<br \/>A mi amiga Manuela<br \/>A mi amigo Fran<br \/>Al flamenco<br \/>A lo que es. Porque es, sin m\u00e1s<br \/>A mi querido Luis<br \/>A Carlos<br \/>A mi amiga Pau<br \/>A la guitarra<br \/>A la cultura y a la sensibilidad<\/p>\n","protected":false},"excerpt":{"rendered":"<p>Por: Cristina Pad\u00edn.<\/p>\n","protected":false},"author":1025,"featured_media":35581,"comment_status":"open","ping_status":"open","sticky":false,"template":"","format":"standard","meta":{"tdm_status":"","tdm_grid_status":"","footnotes":""},"categories":[25],"tags":[],"_links":{"self":[{"href":"https:\/\/dralvarez.com.mx\/larevista\/wp-json\/wp\/v2\/posts\/20658"}],"collection":[{"href":"https:\/\/dralvarez.com.mx\/larevista\/wp-json\/wp\/v2\/posts"}],"about":[{"href":"https:\/\/dralvarez.com.mx\/larevista\/wp-json\/wp\/v2\/types\/post"}],"author":[{"embeddable":true,"href":"https:\/\/dralvarez.com.mx\/larevista\/wp-json\/wp\/v2\/users\/1025"}],"replies":[{"embeddable":true,"href":"https:\/\/dralvarez.com.mx\/larevista\/wp-json\/wp\/v2\/comments?post=20658"}],"version-history":[{"count":1,"href":"https:\/\/dralvarez.com.mx\/larevista\/wp-json\/wp\/v2\/posts\/20658\/revisions"}],"predecessor-version":[{"id":35580,"href":"https:\/\/dralvarez.com.mx\/larevista\/wp-json\/wp\/v2\/posts\/20658\/revisions\/35580"}],"wp:featuredmedia":[{"embeddable":true,"href":"https:\/\/dralvarez.com.mx\/larevista\/wp-json\/wp\/v2\/media\/35581"}],"wp:attachment":[{"href":"https:\/\/dralvarez.com.mx\/larevista\/wp-json\/wp\/v2\/media?parent=20658"}],"wp:term":[{"taxonomy":"category","embeddable":true,"href":"https:\/\/dralvarez.com.mx\/larevista\/wp-json\/wp\/v2\/categories?post=20658"},{"taxonomy":"post_tag","embeddable":true,"href":"https:\/\/dralvarez.com.mx\/larevista\/wp-json\/wp\/v2\/tags?post=20658"}],"curies":[{"name":"wp","href":"https:\/\/api.w.org\/{rel}","templated":true}]}}