{"id":20650,"date":"2022-01-19T00:00:00","date_gmt":"2022-01-19T06:00:00","guid":{"rendered":"https:\/\/dralvarez.com.mx\/larevista\/blog\/armonia-familiar-2"},"modified":"2024-02-23T11:43:50","modified_gmt":"2024-02-23T17:43:50","slug":"armonia-familiar-2","status":"publish","type":"post","link":"https:\/\/dralvarez.com.mx\/larevista\/opiniones\/armonia-familiar-2","title":{"rendered":"Armon\u00eda familiar"},"content":{"rendered":"<p><b>Por: Jorge Valladares S\u00e1nchez.*<\/b><\/p>\n<p><b>En Facebook y en Youtube: Dr. Jorge Valladares.<\/b><\/p>\n<\/p>\n<p><b><i><\/i><\/b><\/p>\n<blockquote><p><b><i>La Banda Sonora de Nuestro Vivir<\/i><\/b><\/p><\/blockquote>\n<p>Si te pregunto \u00bfqu\u00e9 es lo m\u00e1s importante<br \/>\nen tu familia o lo que debe caracterizar a una familia?, probablemente<br \/>\nrespondas lo que cientos de personas me han dicho a trav\u00e9s de consultas,<br \/>\nconferencias y encuestas; la uni\u00f3n y el amor.<\/p>\n<p>Pensando en ello es dif\u00edcil entender<br \/>\ntantos problemas familiares y sociales que vivimos, generados por nuestro<br \/>\ncomportamiento al convivir, si todos provenimos de y nos formamos<br \/>\nprincipalmente en una familia, la cual nos dio en alg\u00fan grado esas dos<br \/>\ncualidades, que son lo esencial que de ella obtuvimos.<\/p>\n<p>\u00bfO no lo tuvimos? \u00bfO no todas son as\u00ed? \u00bfO<br \/>\nson pocas las que logran eso, o pocas veces ocurre en las familias? Desde luego<br \/>\nque, en alguna medida, lo hemos vivido, y considero importante compartir ideas<br \/>\nsobre c\u00f3mo funcionamos en familia y los efectos que para bien y mal ello puede<br \/>\ntener hacia lo que somos y c\u00f3mo nos relacionamos.<\/p>\n<p>Continuando con el foco en lo que importa,<br \/>\nque ofrec\u00ed para 2022, quiero dedicar una segunda l\u00ednea de temas a mi pasi\u00f3n<br \/>\ndentro de la psicolog\u00eda, que fue el eje de mi formaci\u00f3n profesional: la<br \/>\nfamilia; su magia, su ciencia y su vitalidad. Sin romanticismos, ni moralinas;<br \/>\ns\u00ed con positividad y propuestas de caminos para fortalecerla.<\/p>\n<p>Aprend\u00ed al paso de las experiencias a<br \/>\ncentrarme en los padres\/madres, como punto de acceso a lo que sea que pudiera<br \/>\nservir. Acompa\u00f1ar ese proceso que es el m\u00e1s duradero, apasionante y<br \/>\ntrascendente para millones de hombres y mujeres.<\/p>\n<p>Por a\u00f1os les pregunt\u00e9 directamente a<br \/>\nalgunos miles; y al cabo del tiempo y los an\u00e1lisis, el problema familiar m\u00e1s<br \/>\nrelevante fue el mismo; presente en todas las etapas, condiciones de vida,<br \/>\nsituaciones de familia, acceso a recursos y localidades. La responsabilidad de<br \/>\neducar, el querer y no saber si estamos haciendo lo \u201ccorrecto\u201d con y por<br \/>\nnuestros hijos\/as. Esa preocupaci\u00f3n que se repite poco antes de ir a dormir,<br \/>\ncasi cada d\u00eda, en ciertos periodos en especial, pero constantemente.<\/p>\n<p>La incertidumbre como tel\u00f3n de fondo,<br \/>\npaliada en diversos grados con los recursos de cada cual, pero natural a la<br \/>\ncondici\u00f3n de parentalidad. Y es que educar a los hijos es una labor que se<br \/>\nejerce necesariamente en el presente, un presente cambiante; que ejecutamos<br \/>\nmayormente con los recursos de nuestro pasado (la forma en que fuimos educados,<br \/>\nnuestra personalidad resultante), pero cuyos resultados s\u00f3lo se aprecian en un<br \/>\nfuturo que frecuentemente parece demasiado lejano, y en ocasiones temible.<\/p>\n<p>Para acompa\u00f1ar a padres y madres en esta<br \/>\nlabor, a partir de los muchos recursos con los que cuentan la psicolog\u00eda y<br \/>\notras ciencias, decid\u00ed plantear alguna f\u00f3rmula accesible, que al cabo de mi<br \/>\nlabor con familias y en instituciones veo que ha resultado \u00fatil. La combinaci\u00f3n<br \/>\nde temporalidades mencionada hace que la incertidumbre sea constante y<br \/>\nrenovable, por ello sirve saber lo b\u00e1sico que debemos hacer en todo momento, en<br \/>\nnuestra funci\u00f3n educativa y as\u00ed surgi\u00f3 el acr\u00f3stico A D O, como f\u00f3rmula para la<br \/>\nformaci\u00f3n de Hijos Autosuficientes.<\/p>\n<p>Se refiere a que las tres acciones<br \/>\nparentales que debemos ejecutar todo el tiempo, del mejor modo que sepamos y de<br \/>\nmanera tan sana como seamos capaces es proveer Afecto, procurar Disciplina y<br \/>\nfavorecer el aprovechamiento de Oportunidades. Habr\u00e1 oportunidad de profundizar<br \/>\nen ello.<\/p>\n<p>Por ahora quiero poner el enfoque sobre el<br \/>\nobjetivo a lograr a trav\u00e9s del proceso de vivir, ejercer y disfrutar la<br \/>\npaternidad\/maternidad. Podemos leer decenas de posturas al respecto, y, desde<br \/>\nluego, lo que t\u00fa creas es lo m\u00e1s v\u00e1lido y correcto para ti, y ojal\u00e1 que tambi\u00e9n<br \/>\npara quienes integran tu familia. Como punto de conversaci\u00f3n, comparto lo que<br \/>\nconsidero que debemos lograr en el proceso con el uso de mi f\u00f3rmula y lo que<br \/>\nveremos en ese futuro que no queremos que llegue pronto, pero que llegar\u00e1 y nos<br \/>\ndar\u00e1 noticia del efecto de lo que hicimos en el camino de acompa\u00f1arles en su<br \/>\ndesarrollo.<\/p>\n<p>Dicho en breve, nos toca realizar esas<br \/>\ntres acciones (ADO) y todo lo dem\u00e1s que queramos, sepamos y\/o no podamos evitar<br \/>\nhacer. Y con ello ir generando durante la vida lo que elijo llamar ARMON\u00cdA<br \/>\nFAMILIAR. El buen ejercicio de la parentalidad, a largo plazo, dar\u00e1 a nuestros<br \/>\nhijos\/as AUTOSUFICIENCIA, cualidad adecuada para que definan su propia<br \/>\nfelicidad y hagan lo necesario para vivirla; esto, claro, con todas las<br \/>\ndiferencias que son esperables por ser seres humanos quienes se est\u00e1n formando<br \/>\ny tambi\u00e9n quienes forman.<\/p>\n<p>De todo lo que podemos conversar, inicio<br \/>\npor la Armon\u00eda Familiar, y as\u00ed vamos entrando poco a poco a estos apasionantes<br \/>\ntemas. Eleg\u00ed este concepto porque implica la proporci\u00f3n y correspondencia de<br \/>\nunas cosas con otras. Como en un concierto o la m\u00fasica que disfrutamos cada vez<br \/>\nque tenemos oportunidad. Hay melod\u00eda, que son las notas caracter\u00edsticas de cada<br \/>\n&#8220;instrumento&#8221; participante; hay el ritmo, que es la forma en que se<br \/>\npresentan en el tiempo las manifestaciones de cada cual; pero la armon\u00eda es la<br \/>\nintegraci\u00f3n de elementos, de manera que est\u00e9ticamente correspondan y den lugar<br \/>\na un conjunto, que permite a cada instrumento manifestarse en su tiempo y en<br \/>\nuna proporci\u00f3n que acaba siendo lo que disfrutamos al escuchar.<\/p>\n<p>As\u00ed en la familia (o cualquier grupo que<br \/>\nnos importe mucho) cada persona tiene su propia vibraci\u00f3n, forma de ser,<br \/>\nparticipaciones, cualidades que aporta, defectos que le son propios. Hay<br \/>\ntiempos que cada cual dedica a sus actividades, a sus manifestaciones y que<br \/>\npueden o no ser similares a los de los\/as dem\u00e1s integrantes. Y, entonces, la<br \/>\narmon\u00eda consiste en poder distribuir proporciones de tiempo, afecto,<br \/>\ncolaboraciones, conflictos, recursos, etc. acordes a las necesidades de cada<br \/>\ncual y la convivencia entre pares (y distintas combinaciones) en una<br \/>\nsatisfactoria correspondencia, o sea respuestas rec\u00edprocas.<\/p>\n<p>La armon\u00eda no es un estatus, que ocurre<br \/>\ncircunstancialmente o por evitaci\u00f3n de afectar las relaciones (manifestando<br \/>\nindividualidades); la armon\u00eda es una acci\u00f3n colectiva concertada, que puede ser<br \/>\nmayor o menor mientras se construye y variar por temas o periodos; que se<br \/>\naprende, practica y evoluciona. Como al hacer m\u00fasica, se trata de conocer bien<br \/>\na cada integrante para permitirle que aporte a esa armon\u00eda lo que le es<br \/>\ncaracter\u00edstico y tenga sus momentos de \u201csolos\u201d, fondo, combinaci\u00f3n o silencios<br \/>\nque no tienen porque ser los mismos que para los dem\u00e1s, pero s\u00ed complementarios<br \/>\ny proporcionales. Incluso, la batuta, ha de ser alternada en cierta medida,<br \/>\npara permitir que quien mejor domine cada g\u00e9nero, sea quien facilite mejores<br \/>\nresultados en la m\u00fasica familiar.<\/p>\n<p>No se trata de pedir la armon\u00eda o reclamar<br \/>\nsu ausencia, y mucho menos de atribuir a alguno\/a de los integrantes su<br \/>\nrompimiento o inexistencia. Como padre\/madre est\u00e1s contribuyendo a la armon\u00eda<br \/>\ndesde el Afecto cuando haces notar las aportaciones de cada cual,<br \/>\ndescribi\u00e9ndolas y valor\u00e1ndolas, sin emitir juicios. Igual favorece a la<br \/>\nArmon\u00eda, desde la Disciplina, que te asegures que se cumplan los acuerdos y que<br \/>\nlas aportaciones sean rec\u00edprocas y complementarias. Y el buen manejo de las<br \/>\nOportunidades lo provees cuando en las ocasiones especiales fomentas que<br \/>\npractiquen roles que van con sus preferencias y talentos, y propicias la<br \/>\nretroalimentaci\u00f3n hacia los avances logrados.<\/p>\n<p>Dejo aqu\u00ed acciones que sirven mucho para<br \/>\ncontribuir a la armon\u00eda familiar y que ya sabes, e incluso las haces. Partiendo<br \/>\nde mi Psicolog\u00eda del Hilo Negro, se trata de hacerlo cada d\u00eda, hacerlo mucho,<br \/>\nhacerlo sanamente\u2026<\/p>\n<p>Hazle saber que conf\u00edas en lo que dice y<br \/>\nen sus capacidades, tomando en cuanta lo que dice cuando tomas decisiones,<br \/>\ncuando se trata de hacer algo juntos y tambi\u00e9n d\u00e1ndole responsabilidades del<br \/>\nhogar y en la convivencia. Destaca y aprovecha para la familia las fortalezas<br \/>\nde cada integrante, da cr\u00e9dito a cada cual por lo que aporta, a todos\/as por<br \/>\naprovecharlo. Di sin dudar, ni juzgar, los errores cometidos (propios y de<br \/>\nlos\/as dem\u00e1s) y valora los esfuerzos y las capacidades con frecuencia; habla de<br \/>\nconductas, evita las etiquetas permanentes. Fomenta la independencia y la<br \/>\nautonom\u00eda, cada vez m\u00e1s, y siempre unida a la aceptaci\u00f3n de las consecuencias<br \/>\nfavorables y desfavorables que conlleven. Ve m\u00e1s all\u00e1 de la tolerancia, al<br \/>\naut\u00e9ntico respeto de la forma de ser, preferencias y opiniones de cada cual,<br \/>\nsin dejar de expresar los tuyos, y animando a buscar la complementariedad.<\/p>\n<p>Asegura tiempo de convivencia, pasatiempos<br \/>\ncomunes, de preferencia que sean del gusto de todos\/as, pero si no, que vayan<br \/>\nd\u00e1ndose por turnos colaborativos. Cuando algo mejore o se logre, recon\u00f3celo y<br \/>\nhaz que se exprese c\u00f3mo llegaron a ello. Cuando algo se atore, haz que se<br \/>\nidentifique lo que est\u00e1 pasando, en vez de culpar o lamentar la situaci\u00f3n. Haz<br \/>\nque hablen de armon\u00eda, y que propongan maneras de conseguirlas; prueben y hagan<br \/>\nfuncionar las ideas de cada cual para fortalecer la convivencia arm\u00f3nica y la<br \/>\nintegraci\u00f3n.<\/p>\n<p>Podemos conversar de c\u00f3mo aterrizar estas<br \/>\ny otras ideas en el d\u00eda a d\u00eda con tu gente, y con ello ir entrando a los otros<br \/>\nconceptos que empiezo a mencionar aqu\u00ed e iremos ampliando en las ocasiones en<br \/>\nque el foco lo pongamos en la familia. La intenci\u00f3n es preguntarnos c\u00f3mo vamos,<br \/>\ny hallar respuesta que nos permita ir a mejor lugar o de manera m\u00e1s<br \/>\nsatisfactoria. Y, como ya estar\u00e1s pensando, esto no s\u00f3lo aplica en un grupo<br \/>\nfamiliar, sino que tambi\u00e9n puede beneficiar a otras formas de convivencia donde<br \/>\nqueramos lograr efectos positivos similares.<\/p>\n<p>En cualquier relaci\u00f3n puede haber<br \/>\nproblemas; la que hace la gran diferencia en la familia es que sin importar la<br \/>\nnaturaleza o gravedad de lo que suceda, siempre seremos parte de ella. Podemos<br \/>\nrenunciar a un trabajo, a un equipo, a un vecindario, a una pareja, a una<br \/>\nasociaci\u00f3n, pero a la familia nunca; pi\u00e9nsalo, nunca realmente. Qu\u00e9 maravilla<br \/>\nhallar los modos de estar y disfrutar en armon\u00eda de ese v\u00ednculo eterno, sin<br \/>\npasar por a\u00f1orar a distancia (f\u00edsica o emocional) lo que de cualquier manera<br \/>\nvive a diario en nuestra mente y coraz\u00f3n.<\/p>\n<p>En su \u201cIlusiones\u201d, Richard Bach nos dej\u00f3 a<br \/>\nla vista que el v\u00ednculo que une a nuestra verdadera familia no es el de la sangre,<br \/>\nsino el del respeto y la alegr\u00eda que t\u00fa sientes por las vidas de ellos y ellos<br \/>\npor la tuya. Es de donde surge la m\u00fasica que da su matiz particular a nuestro<br \/>\nvivir y la historia que construimos, cada cual y en colectivo.<\/p>\n<p><small>&#8212;&#8212;&#8212;&#8212;&#8212;&#8212;&#8212;&#8212;&#8212;&#8212;&#8212;&#8212;&#8212;&#8212;&#8212;&#8211;<\/small><br \/><b><small>*Jorge<br \/>\nValladares S\u00e1nchez<\/small><\/b><br \/><small>Pap\u00e1, Ciudadano,<br \/>\nConsultor.<\/small><br \/><small>Especialista,<br \/>\nMaestro y Licenciado en Psicolog\u00eda<\/small><br \/><small>Doctor en Ciencias<br \/>\nSociales.<\/small><br \/><small>Doctor en Derechos<br \/>\nHumanos.<\/small><\/p><\/p>\n","protected":false},"excerpt":{"rendered":"<p>La Banda Sonora de Nuestro Vivir&#8230;<\/p>\n","protected":false},"author":1112,"featured_media":35573,"comment_status":"open","ping_status":"open","sticky":false,"template":"","format":"standard","meta":{"tdm_status":"","tdm_grid_status":"","footnotes":""},"categories":[25],"tags":[],"_links":{"self":[{"href":"https:\/\/dralvarez.com.mx\/larevista\/wp-json\/wp\/v2\/posts\/20650"}],"collection":[{"href":"https:\/\/dralvarez.com.mx\/larevista\/wp-json\/wp\/v2\/posts"}],"about":[{"href":"https:\/\/dralvarez.com.mx\/larevista\/wp-json\/wp\/v2\/types\/post"}],"author":[{"embeddable":true,"href":"https:\/\/dralvarez.com.mx\/larevista\/wp-json\/wp\/v2\/users\/1112"}],"replies":[{"embeddable":true,"href":"https:\/\/dralvarez.com.mx\/larevista\/wp-json\/wp\/v2\/comments?post=20650"}],"version-history":[{"count":1,"href":"https:\/\/dralvarez.com.mx\/larevista\/wp-json\/wp\/v2\/posts\/20650\/revisions"}],"predecessor-version":[{"id":35572,"href":"https:\/\/dralvarez.com.mx\/larevista\/wp-json\/wp\/v2\/posts\/20650\/revisions\/35572"}],"wp:featuredmedia":[{"embeddable":true,"href":"https:\/\/dralvarez.com.mx\/larevista\/wp-json\/wp\/v2\/media\/35573"}],"wp:attachment":[{"href":"https:\/\/dralvarez.com.mx\/larevista\/wp-json\/wp\/v2\/media?parent=20650"}],"wp:term":[{"taxonomy":"category","embeddable":true,"href":"https:\/\/dralvarez.com.mx\/larevista\/wp-json\/wp\/v2\/categories?post=20650"},{"taxonomy":"post_tag","embeddable":true,"href":"https:\/\/dralvarez.com.mx\/larevista\/wp-json\/wp\/v2\/tags?post=20650"}],"curies":[{"name":"wp","href":"https:\/\/api.w.org\/{rel}","templated":true}]}}