{"id":20638,"date":"2022-01-17T00:00:00","date_gmt":"2022-01-17T06:00:00","guid":{"rendered":"https:\/\/dralvarez.com.mx\/larevista\/blog\/encuesta-sobre-aspirantes-a-la-presidencia-de-mexico"},"modified":"2024-02-23T11:43:24","modified_gmt":"2024-02-23T17:43:24","slug":"encuesta-sobre-aspirantes-a-la-presidencia-de-mexico","status":"publish","type":"post","link":"https:\/\/dralvarez.com.mx\/larevista\/opiniones\/encuesta-sobre-aspirantes-a-la-presidencia-de-mexico","title":{"rendered":"Encuesta sobre aspirantes a la presidencia de M\u00e9xico"},"content":{"rendered":"<p><b><i>Contacto con la Pol\u00edtica Nacional<\/i>, por:&nbsp;Baltasar Barbolla.&nbsp;<\/b><\/p>\n<\/p>\n<p><b>CDMX.-<\/b> Aunque<br \/>\ntodav\u00eda faltan m\u00e1s de dos a\u00f1os para las elecciones del 2024, la carrera<br \/>\npresidencial ya inici\u00f3 y, como en toda carrera de larga duraci\u00f3n, no ganar\u00e1<br \/>\nquien sea m\u00e1s veloz sino quien tenga m\u00e1s resistencia. &#8211; plante\u00f3 el<br \/>\neditorialista para comenzar nuestra tradicional charla semanal en el Balmoral-<br \/>\nEn otras palabras, veremos el surgimiento de muchos nombres durante los<br \/>\npr\u00f3ximos meses, pero s\u00f3lo ganar\u00e1 quien logre aguantar la presi\u00f3n p\u00fablica, los<br \/>\nataques de adversarios y las consecuencias de errores propios.  <\/p>\n<p>-Por el momento, parece ser que <b>Marcelo Ebrard<\/b> y <b>Claudia<br \/>\nSheinbaum<\/b> siguen siendo los punteros, con el primero adelant\u00e1ndose seg\u00fan un<br \/>\nestudio que me comparti\u00f3 nuestra amiga periodista hace unos d\u00edas. \u2013intervino el<br \/>\npol\u00edtico- En \u00e9ste, los encuestados indicaron que, si s\u00f3lo estuviesen Ebrard y<br \/>\nSheinbaum en la contienda por la candidatura de Morena, el 62% prefer\u00eda al<br \/>\nCanciller y el 38% a la jefa de Gobierno.<\/p>\n<p>&#8211; Creo que tambi\u00e9n le\u00ed el que estudio mencionan. \u2013dijo<br \/>\nel consultor y pregunt\u00f3- \u00bf\u201cLos Presidenciables 2024\u201d de C&amp;E Research?<\/p>\n<p>-As\u00ed es, amigo consultor. \u2013respondi\u00f3 la periodista- En<br \/>\nespec\u00edfico, la edici\u00f3n que <b>C&amp;E<br \/>\nResearch<\/b> public\u00f3 \u00e9ste mes y que constituye la s\u00e9ptima medici\u00f3n realizada en<br \/>\ntorno a los aspirantes a la presidencia. Por cierto, para \u00e9ste estudio se<br \/>\nllevaron a cabo 600 entrevistas en todo el pa\u00eds entre el 28 y el 30 de<br \/>\ndiciembre del 2021.<\/p>\n<p>-Sin duda, este estudio arroj\u00f3 datos muy interesantes.<br \/>\n\u2013opin\u00f3 el consultor- Por ejemplo, Ricardo Monreal, quien hasta ahora hab\u00eda sido<br \/>\nconsiderado el tercer favorito para abanderar a Morena, obtuvo el quinto lugar<br \/>\nde preferencia cuando se le pregunt\u00f3 a los encuestados quien deb\u00eda asumir la<br \/>\ncandidatura guinda. <b>Ebrard<\/b> recibi\u00f3<br \/>\nel 39% de los votos de los encuestados, <b>Sheinbaum<\/b><br \/>\nel 33%, <b>Tatiana Clouthier<\/b> el 10%, <b>Gerardo Fern\u00e1ndez Noro\u00f1a<\/b> el 6% y el<br \/>\nsenador <b>Monreal<\/b> el 5%, mientras que<br \/>\nlos votos restantes se dividieron entre la secretaria <b>Roc\u00edo Nahle<\/b>, el Embajador <b>Esteban<br \/>\nMoctezuma<\/b> y <b>Juan Ram\u00f3n de la Fuente<\/b>,<br \/>\nrepresentante de M\u00e9xico ante la ONU.<\/p>\n<p>-Considerando la informaci\u00f3n que nos comparte nuestro<br \/>\namigo consultor, el senador <b>Ricardo<br \/>\nMonreal<\/b> deber\u00eda replantear su estrategia pues, despu\u00e9s de haber sido<br \/>\nconsiderado la tercera opci\u00f3n del partido guinda, hoy aparentemente se ve<br \/>\nsuperado por Fern\u00e1ndez Noro\u00f1a quien ni siquiera es militante de Morena, sino<br \/>\ndel PT. \u2013dijo la empresaria<\/p>\n<p>&#8211; \u00bfEste estudio menciona algo sobre los dem\u00e1s<br \/>\npartidos? \u2013pregunt\u00f3 el escritor<\/p>\n<p>-S\u00ed. \u2013asinti\u00f3 el pol\u00edtico- Tambi\u00e9n se le pregunt\u00f3 a<br \/>\nlos encuestados sus preferencias respecto a las candidaturas presidenciales del<br \/>\nPAN, el PRI y MC. Sobre el PAN, los datos indicaron que el puntero es <b>Ricardo Anaya<\/b> con un 30% de la preferencia<br \/>\nde los encuestados y le siguen el gobernador <b>Mauricio Vila<\/b> con 18%, el gobernador <b>Diego Sinhue<\/b> con 14% y <b>Santiago<br \/>\nCreel<\/b> con 12%. Adem\u00e1s, la gobernadora <b>Maru<br \/>\nCampos<\/b> recibi\u00f3 el 10% de los votos y el porcentaje restante se dividi\u00f3<br \/>\nentre <b>Gustavo de Hoyos<\/b> y <b>Pancho Dom\u00ednguez<\/b>.<\/p>\n<p>-A pesar de que Anaya parece estar m\u00e1s adelantado que<br \/>\nlos otros aspirantes panistas, es probable que su imagen se desgaste<br \/>\nconsiderablemente antes de las elecciones presidenciales pues, como seguro<br \/>\nrecordar\u00e1n, se encuentra exiliado en el extranjero por el juicio, relativo al<br \/>\ncaso Odebrecht, que actualmente existe en su contra. Por esto, no debemos<br \/>\ndescartar a los gobernadores panistas ni a Santiago Creel. \u2013sostuvo la abogada.<\/p>\n<p>-Ahora bien, en lo que respecta a los aspirantes a la<br \/>\ncandidatura priista, la primera opci\u00f3n de acuerdo a las preferencias de los<br \/>\nencuestados fue <b>Enrique de la Madrid<\/b><br \/>\ncon 26% y le siguieron el senador <b>Miguel<br \/>\n\u00c1ngel Osorio Chong<\/b> con 20%, <b>Manlio<br \/>\nFabio Beltrones<\/b> con 19%, la senadora <b>Claudia<br \/>\nRuiz Massieu<\/b> con 13% y la exgobernadora <b>Claudia Pavlovich<\/b> con 12%. Por debajo del 10% de preferencias, el<br \/>\ndirigente nacional del tricolor, <b>Alejandro<br \/>\nMoreno<\/b>, apenas obtuvo un 8%, mientras que el exgobernador <b>Ulises Ruiz<\/b> alcanz\u00f3 un 2%. \u2013inform\u00f3 el<br \/>\npol\u00edtico<\/p>\n<p>-Con estos resultados, se hace evidente el rechazo que<br \/>\nexiste en torno a la actual dirigencia nacional priista. \u2013observ\u00f3 el analista-<br \/>\nPor un lado, Alejandro Moreno recibi\u00f3 un respaldo m\u00ednimo a pesar de haber<br \/>\nexternado su deseo de ser candidato presidencial desde hace algunas semanas y,<br \/>\npor el otro, los priistas que obtuvieron mayores porcentajes de preferencia son<br \/>\ncuadros que p\u00fablicamente se han mostrado cr\u00edticos, ajenos en algunos casos,<br \/>\nante el actuar del actual Comit\u00e9 Ejecutivo Nacional del PRI.<\/p>\n<p>-Y, \u00bfde MC? \u2013pregunt\u00f3 el escritor<\/p>\n<p>-En la encuesta relativa a la candidatura de MC, <b>Luis Donaldo Colosio Riojas <\/b>acapar\u00f3 las<br \/>\npreferencias con un 50%. Detr\u00e1s del alcalde de Monterrey, se encontr\u00f3 el<br \/>\ngobernador <b>Enrique Alfaro<\/b> con 27% de<br \/>\nlas preferencias, despu\u00e9s el gobernador Samuel Garc\u00eda con 15% y, finalmente, el<br \/>\nsenador <b>Dante Delgado<\/b> con 8%.<br \/>\n\u2013contest\u00f3 el pol\u00edtico<\/p>\n<p>-Luis Donaldo Colosio Riojas ha tenido un crecimiento<br \/>\nconsiderable en los \u00faltimos meses. \u2013expuso la periodista- Habr\u00e1 que ver si<br \/>\nlogra mantener \u00e9ste posicionamiento o, recordando un poco lo que dijo nuestro<br \/>\namigo editorialista al principio de la conversaci\u00f3n, si sucumbe ante la presi\u00f3n<br \/>\npues su apellido trae consigo enormes expectativas a cumplir.<\/p>\n<p>-En el estudio, tambi\u00e9n se le pregunta a los<br \/>\nencuestados si consideran que la alianza PAN-PRI-PRD deber\u00eda hacerse presente<br \/>\nen la elecci\u00f3n presidencial. \u2013coment\u00f3 la periodista- El resultado fue sumamente<br \/>\ninteresante pues el 51% de los encuestados se\u00f1al\u00f3 que los partidos deb\u00edan ir<br \/>\npor separado y el 49% que deb\u00edan ir en alianza; pr\u00e1cticamente un empate.<\/p>\n<p>-De igual manera, se pregunt\u00f3 qui\u00e9n ser\u00eda la mejor<br \/>\nopci\u00f3n para encabezar una alianza de partidos opositores al actual gobierno<br \/>\nfederal y el primer lugar lo obtuvo Colosio Riojas con 40%, el segundo Ricardo<br \/>\nAnaya con 32% y el tercero Osorio Chong con 8%; con menor porcentaje,<br \/>\nestuvieron Ricardo Monreal, Santiago Creel y Pancho Dom\u00ednguez. \u2013expres\u00f3 el<br \/>\nconsultor- Este es un curioso resultado ya que MC, partido de Colosio Riojas,<br \/>\nno ha mostrado inter\u00e9s por formar parte de la alianza opositora a Morena. Por<br \/>\nel contrario, en muchas ocasiones, como en la \u00faltima elecci\u00f3n a la gubernatura<br \/>\nde Nuevo Le\u00f3n, pareciera que MC es aliado t\u00e1cito del partido guinda.<\/p>\n<p>-\u00c9sta s\u00e9ptima medici\u00f3n de <b>\u201cLos Presidenciables 2024\u201d<\/b> igual contempla 4 escenarios hipot\u00e9ticos<br \/>\nde c\u00f3mo podr\u00edan quedar las boletas en el 2024, los cuales fueron puestos a<br \/>\nconsideraci\u00f3n de los encuestados para que se\u00f1alaran a sus candidatos<br \/>\npreferidos. \u2013comparti\u00f3 el pol\u00edtico- El primer escenario estuvo conformado por<br \/>\nClaudia Sheinbaum (Morena) con 40%, Anaya (PAN) con 23%, Osorio Chong (PRI) con<br \/>\n6%, Enrique Alfaro (MC) con 7% y un 24% indeciso. Por otra parte, el segundo<br \/>\ncontempla a Ebrard (Morena-PVEM-PT) con 42%, Alejandro Moreno (PRI-PRD) con 4%,<br \/>\nSantiago Creel (PAN) con 7%, Colosio Riojas (MC) con 29% y 18% de indecisos. <\/p>\n<p>&#8211; \u00bfC\u00f3mo se integraron los siguientes escenarios?<br \/>\n\u2013pregunt\u00f3 le abogada<\/p>\n<p>-El tercer escenario estuvo conformado por Sheinbaum<br \/>\n(Morena-PVEM-PT) quien obtuvo 45% de las preferencias, Enrique de la Madrid<br \/>\n(PAN-PRI-PRD) 13% y Marcelo Ebrard (MC) 42%. Por \u00faltimo, en el cuarto<br \/>\nescenario, Sheinbaum (Morena-PVEM-PT) obtuvo 39% de preferencia, Miguel \u00c1ngel<br \/>\nOsorio Chong (PAN-PRI-PRD) 20% y Luis Donaldo Colosio (MC) 41%. \u2013respondi\u00f3 el<br \/>\npol\u00edtico- Recordemos que todos \u00e9stos son escenarios hipot\u00e9ticos, aunque<br \/>\nprobables dado el contexto actual.<\/p>\n<p>-\u00c9stos escenarios nos permiten sacar varias<br \/>\nconclusiones, como los riesgos que correr\u00eda Ebrard al no competir con Morena,<br \/>\nla necesidad que tiene el PRI de construir alianzas para tener viabilidad en la<br \/>\ncontienda o el potencial que podr\u00eda tener Colosio Riojas. Sin embargo, la<br \/>\nprincipal observaci\u00f3n parece ser que, hasta ahora, ning\u00fan aspirante tiene el<br \/>\ntriunfo asegurado pues mucho tendr\u00e1 que ver qu\u00e9 nombres aparecer\u00e1n en la<br \/>\nboleta.<\/p>\n<p>-Yo considero que debemos ser prudentes con estos<br \/>\nresultados y conclusiones pues son producto de 600 encuestas, por lo que habr\u00eda<br \/>\nque ponderar si \u00e9sta es una cantidad suficiente para tener un panorama m\u00e1s o<br \/>\nmenos claro de lo que nos espera en el 2024. \u2013reflexion\u00f3 el analista- No<br \/>\nolvidemos que el padr\u00f3n nominal del pa\u00eds est\u00e1 conformado por m\u00e1s de 93 millones<br \/>\nde ciudadanos.<\/p>\n<p>-\u00c9ste es un estudio bastante \u00fatil para entender c\u00f3mo<br \/>\nva la contienda presidencial hasta ahora, pero debemos tener presente que las<br \/>\nencuestas y mediciones no buscan ser predicciones del futuro, sino que tienen<br \/>\nel objetivo de mostrar las preferencias e intenciones de las personas en<br \/>\ntiempos y espacios determinados. \u2013concluy\u00f3 la abogada- Esperemos que as\u00ed lo<br \/>\nentiendan los aspirantes para que no caigan en falsos triunfalismos o<br \/>\nderrotismos, as\u00ed como que tambi\u00e9n lo entienda la poblaci\u00f3n para evitar la<br \/>\ndesinformaci\u00f3n y la manipulaci\u00f3n de sus preferencias electorales.<\/p><\/p>\n","protected":false},"excerpt":{"rendered":"<p>Contacto con la Pol\u00edtica Nacional.<\/p>\n","protected":false},"author":1114,"featured_media":35561,"comment_status":"open","ping_status":"open","sticky":false,"template":"","format":"standard","meta":{"tdm_status":"","tdm_grid_status":"","footnotes":""},"categories":[25],"tags":[],"_links":{"self":[{"href":"https:\/\/dralvarez.com.mx\/larevista\/wp-json\/wp\/v2\/posts\/20638"}],"collection":[{"href":"https:\/\/dralvarez.com.mx\/larevista\/wp-json\/wp\/v2\/posts"}],"about":[{"href":"https:\/\/dralvarez.com.mx\/larevista\/wp-json\/wp\/v2\/types\/post"}],"author":[{"embeddable":true,"href":"https:\/\/dralvarez.com.mx\/larevista\/wp-json\/wp\/v2\/users\/1114"}],"replies":[{"embeddable":true,"href":"https:\/\/dralvarez.com.mx\/larevista\/wp-json\/wp\/v2\/comments?post=20638"}],"version-history":[{"count":1,"href":"https:\/\/dralvarez.com.mx\/larevista\/wp-json\/wp\/v2\/posts\/20638\/revisions"}],"predecessor-version":[{"id":35560,"href":"https:\/\/dralvarez.com.mx\/larevista\/wp-json\/wp\/v2\/posts\/20638\/revisions\/35560"}],"wp:featuredmedia":[{"embeddable":true,"href":"https:\/\/dralvarez.com.mx\/larevista\/wp-json\/wp\/v2\/media\/35561"}],"wp:attachment":[{"href":"https:\/\/dralvarez.com.mx\/larevista\/wp-json\/wp\/v2\/media?parent=20638"}],"wp:term":[{"taxonomy":"category","embeddable":true,"href":"https:\/\/dralvarez.com.mx\/larevista\/wp-json\/wp\/v2\/categories?post=20638"},{"taxonomy":"post_tag","embeddable":true,"href":"https:\/\/dralvarez.com.mx\/larevista\/wp-json\/wp\/v2\/tags?post=20638"}],"curies":[{"name":"wp","href":"https:\/\/api.w.org\/{rel}","templated":true}]}}